{"id":1336,"date":"2018-04-05T14:26:39","date_gmt":"2018-04-05T14:26:39","guid":{"rendered":"https:\/\/mademoisellecoline.com\/?p=1336"},"modified":"2025-10-01T11:39:08","modified_gmt":"2025-10-01T11:39:08","slug":"comencant-a-compartir-la-meva-historia","status":"publish","type":"post","link":"https:\/\/mademoisellecoline.com\/ca\/blog\/comencant-a-compartir-la-meva-historia\/","title":{"rendered":"Comen\u00e7ant a compartir la meva hist\u00f2ria"},"content":{"rendered":"<p>Amb alguns de vosaltres he anat compartint el meu projecte, els meus dubtes, les meves il\u00b7lusions &#8230; en definitiva, la meva hist\u00f2ria. Des que vaig tenir l&#8217;oportunitat de venir a viure a Par\u00eds i prendre un nou i apassionant cam\u00ed professional. Finalment, despr\u00e9s de molta formaci\u00f3 i molta feina us puc presentar la meva web. Estic molt contenta de poder compartir amb vosaltres aquesta nova etapa.<\/p>\n<p>A partir d&#8217;ara anir\u00e9 compartint peri\u00f2dicament al Blog, a Facebook i Instagram les peces que vaig treballant, noves col\u00b7leccions, noves hist\u00f2ries &#8230; Espero que us agradi<\/p>\n<p><a href=\"https:\/\/mademoisellecoline.com\/ca\/inici\/\">www.mademoisellecoline.com<\/a><\/p>\n<p>&nbsp;<\/p>\n","protected":false},"excerpt":{"rendered":"<p>Amb alguns de vosaltres he anat compartint el meu projecte, els meus dubtes, les meves il\u00b7lusions &#8230; en definitiva, la meva hist\u00f2ria. Des que vaig tenir l&#8217;oportunitat de venir a viure a Par\u00eds i prendre un nou i apassionant cam\u00ed professional. Finalment, despr\u00e9s de molta formaci\u00f3 i molta feina us puc presentar la meva web.<\/p>\n","protected":false},"author":1,"featured_media":650,"comment_status":"open","ping_status":"open","sticky":false,"template":"","format":"standard","meta":{"_joinchat":[],"footnotes":""},"categories":[3095,3107,3099],"tags":[99,97,93,91,95],"class_list":["post-1336","post","type-post","status-publish","format-standard","has-post-thumbnail","hentry","category-atelier-joieria-feta-a-ma","category-mademoiselle-coline-ca","category-valors-joieria-sostenible","tag-artesanal-ca","tag-barcelona","tag-fet-a-ma","tag-joieria","tag-paris"],"yoast_head":"<!-- This site is optimized with the Yoast SEO plugin v27.4 - https:\/\/yoast.com\/product\/yoast-seo-wordpress\/ -->\n<title>Mademoiselle Coline | Comen\u00e7ant a compartir la meva hist\u00f2ria<\/title>\n<meta name=\"description\" content=\"Amb alguns de vosaltres he anat compartint el meu projecte, els meus dubtes, les meves il\u00b7lusions ... a meva hist\u00f2ria. Des que vaig tenir l&#039;oportunitat de venir a viure a Par\u00eds i prendre un nou i apassionant cam\u00ed professional. Finalment, despr\u00e9s de molta formaci\u00f3 i molta feina us puc presentar la meva web.\" \/>\n<meta name=\"robots\" content=\"index, follow, max-snippet:-1, max-image-preview:large, max-video-preview:-1\" \/>\n<link rel=\"canonical\" href=\"https:\/\/mademoisellecoline.com\/ca\/blog\/comencant-a-compartir-la-meva-historia\/\" \/>\n<meta property=\"og:locale\" content=\"ca_ES\" \/>\n<meta property=\"og:type\" content=\"article\" \/>\n<meta property=\"og:title\" content=\"Mademoiselle Coline | Comen\u00e7ant a compartir la meva hist\u00f2ria\" \/>\n<meta property=\"og:description\" content=\"Amb alguns de vosaltres he anat compartint el meu projecte, els meus dubtes, les meves il\u00b7lusions ... a meva hist\u00f2ria. Des que vaig tenir l&#039;oportunitat de venir a viure a Par\u00eds i prendre un nou i apassionant cam\u00ed professional. Finalment, despr\u00e9s de molta formaci\u00f3 i molta feina us puc presentar la meva web.\" \/>\n<meta property=\"og:url\" content=\"https:\/\/mademoisellecoline.com\/ca\/blog\/comencant-a-compartir-la-meva-historia\/\" \/>\n<meta property=\"og:site_name\" content=\"Mademoiselle Coline\" \/>\n<meta property=\"article:publisher\" content=\"https:\/\/www.facebook.com\/mademoisellecoline\" \/>\n<meta property=\"article:author\" content=\"https:\/\/www.facebook.com\/mademoisellecoline\" \/>\n<meta property=\"article:published_time\" content=\"2018-04-05T14:26:39+00:00\" \/>\n<meta property=\"article:modified_time\" content=\"2025-10-01T11:39:08+00:00\" \/>\n<meta property=\"og:image\" content=\"https:\/\/mademoisellecoline.com\/wp-content\/uploads\/2018\/03\/IMG_E2680.jpg\" \/>\n\t<meta property=\"og:image:width\" content=\"4032\" \/>\n\t<meta property=\"og:image:height\" content=\"3024\" \/>\n\t<meta property=\"og:image:type\" content=\"image\/jpeg\" \/>\n<meta name=\"author\" content=\"Mademoiselle Coline\" \/>\n<meta name=\"twitter:card\" content=\"summary_large_image\" \/>\n<meta name=\"twitter:label1\" content=\"Escrit per\" \/>\n\t<meta name=\"twitter:data1\" content=\"Mademoiselle Coline\" \/>\n\t<meta name=\"twitter:label2\" content=\"Temps estimat de lectura\" \/>\n\t<meta name=\"twitter:data2\" content=\"1 minute\" \/>\n<script type=\"application\/ld+json\" class=\"yoast-schema-graph\">{\"@context\":\"https:\\\/\\\/schema.org\",\"@graph\":[{\"@type\":\"Article\",\"@id\":\"https:\\\/\\\/mademoisellecoline.com\\\/ca\\\/blog\\\/comencant-a-compartir-la-meva-historia\\\/#article\",\"isPartOf\":{\"@id\":\"https:\\\/\\\/mademoisellecoline.com\\\/ca\\\/blog\\\/comencant-a-compartir-la-meva-historia\\\/\"},\"author\":{\"name\":\"Mademoiselle Coline\",\"@id\":\"https:\\\/\\\/mademoisellecoline.com\\\/en\\\/#\\\/schema\\\/person\\\/a87a3358725ddb0d57e86600da53e416\"},\"headline\":\"Comen\u00e7ant a compartir la meva hist\u00f2ria\",\"datePublished\":\"2018-04-05T14:26:39+00:00\",\"dateModified\":\"2025-10-01T11:39:08+00:00\",\"mainEntityOfPage\":{\"@id\":\"https:\\\/\\\/mademoisellecoline.com\\\/ca\\\/blog\\\/comencant-a-compartir-la-meva-historia\\\/\"},\"wordCount\":111,\"commentCount\":0,\"publisher\":{\"@id\":\"https:\\\/\\\/mademoisellecoline.com\\\/en\\\/#\\\/schema\\\/person\\\/a87a3358725ddb0d57e86600da53e416\"},\"image\":{\"@id\":\"https:\\\/\\\/mademoisellecoline.com\\\/ca\\\/blog\\\/comencant-a-compartir-la-meva-historia\\\/#primaryimage\"},\"thumbnailUrl\":\"https:\\\/\\\/mademoisellecoline.com\\\/wp-content\\\/uploads\\\/2018\\\/03\\\/IMG_E2680.jpg\",\"keywords\":[\"artesanal\",\"Barcelona\",\"fet a m\u00e0\",\"joieria\",\"Par\u00eds\"],\"articleSection\":[\"Atelier &amp; Joieria Feta a M\u00e0\",\"Mademoiselle Coline\",\"Valors &amp; Joieria Sostenible\"],\"inLanguage\":\"ca\",\"potentialAction\":[{\"@type\":\"CommentAction\",\"name\":\"Comment\",\"target\":[\"https:\\\/\\\/mademoisellecoline.com\\\/ca\\\/blog\\\/comencant-a-compartir-la-meva-historia\\\/#respond\"]}]},{\"@type\":\"WebPage\",\"@id\":\"https:\\\/\\\/mademoisellecoline.com\\\/ca\\\/blog\\\/comencant-a-compartir-la-meva-historia\\\/\",\"url\":\"https:\\\/\\\/mademoisellecoline.com\\\/ca\\\/blog\\\/comencant-a-compartir-la-meva-historia\\\/\",\"name\":\"Mademoiselle Coline | Comen\u00e7ant a compartir la meva hist\u00f2ria\",\"isPartOf\":{\"@id\":\"https:\\\/\\\/mademoisellecoline.com\\\/en\\\/#website\"},\"primaryImageOfPage\":{\"@id\":\"https:\\\/\\\/mademoisellecoline.com\\\/ca\\\/blog\\\/comencant-a-compartir-la-meva-historia\\\/#primaryimage\"},\"image\":{\"@id\":\"https:\\\/\\\/mademoisellecoline.com\\\/ca\\\/blog\\\/comencant-a-compartir-la-meva-historia\\\/#primaryimage\"},\"thumbnailUrl\":\"https:\\\/\\\/mademoisellecoline.com\\\/wp-content\\\/uploads\\\/2018\\\/03\\\/IMG_E2680.jpg\",\"datePublished\":\"2018-04-05T14:26:39+00:00\",\"dateModified\":\"2025-10-01T11:39:08+00:00\",\"description\":\"Amb alguns de vosaltres he anat compartint el meu projecte, els meus dubtes, les meves il\u00b7lusions ... a meva hist\u00f2ria. Des que vaig tenir l'oportunitat de venir a viure a Par\u00eds i prendre un nou i apassionant cam\u00ed professional. Finalment, despr\u00e9s de molta formaci\u00f3 i molta feina us puc presentar la meva web.\",\"breadcrumb\":{\"@id\":\"https:\\\/\\\/mademoisellecoline.com\\\/ca\\\/blog\\\/comencant-a-compartir-la-meva-historia\\\/#breadcrumb\"},\"inLanguage\":\"ca\",\"potentialAction\":[{\"@type\":\"ReadAction\",\"target\":[\"https:\\\/\\\/mademoisellecoline.com\\\/ca\\\/blog\\\/comencant-a-compartir-la-meva-historia\\\/\"]}]},{\"@type\":\"ImageObject\",\"inLanguage\":\"ca\",\"@id\":\"https:\\\/\\\/mademoisellecoline.com\\\/ca\\\/blog\\\/comencant-a-compartir-la-meva-historia\\\/#primaryimage\",\"url\":\"https:\\\/\\\/mademoisellecoline.com\\\/wp-content\\\/uploads\\\/2018\\\/03\\\/IMG_E2680.jpg\",\"contentUrl\":\"https:\\\/\\\/mademoisellecoline.com\\\/wp-content\\\/uploads\\\/2018\\\/03\\\/IMG_E2680.jpg\",\"width\":4032,\"height\":3024,\"caption\":\"historia, joyer\u00eda, website\"},{\"@type\":\"BreadcrumbList\",\"@id\":\"https:\\\/\\\/mademoisellecoline.com\\\/ca\\\/blog\\\/comencant-a-compartir-la-meva-historia\\\/#breadcrumb\",\"itemListElement\":[{\"@type\":\"ListItem\",\"position\":1,\"name\":\"Portada\",\"item\":\"https:\\\/\\\/mademoisellecoline.com\\\/ca\\\/\"},{\"@type\":\"ListItem\",\"position\":2,\"name\":\"Comen\u00e7ant a compartir la meva hist\u00f2ria\"}]},{\"@type\":\"WebSite\",\"@id\":\"https:\\\/\\\/mademoisellecoline.com\\\/en\\\/#website\",\"url\":\"https:\\\/\\\/mademoisellecoline.com\\\/en\\\/\",\"name\":\"Mademoiselle Coline\",\"description\":\"Creaciones de joyer\u00eda on\u00edricas para almas so\u00f1adoras\",\"publisher\":{\"@id\":\"https:\\\/\\\/mademoisellecoline.com\\\/en\\\/#\\\/schema\\\/person\\\/a87a3358725ddb0d57e86600da53e416\"},\"potentialAction\":[{\"@type\":\"SearchAction\",\"target\":{\"@type\":\"EntryPoint\",\"urlTemplate\":\"https:\\\/\\\/mademoisellecoline.com\\\/en\\\/?s={search_term_string}\"},\"query-input\":{\"@type\":\"PropertyValueSpecification\",\"valueRequired\":true,\"valueName\":\"search_term_string\"}}],\"inLanguage\":\"ca\"},{\"@type\":[\"Person\",\"Organization\"],\"@id\":\"https:\\\/\\\/mademoisellecoline.com\\\/en\\\/#\\\/schema\\\/person\\\/a87a3358725ddb0d57e86600da53e416\",\"name\":\"Mademoiselle Coline\",\"image\":{\"@type\":\"ImageObject\",\"inLanguage\":\"ca\",\"@id\":\"https:\\\/\\\/mademoisellecoline.com\\\/wp-content\\\/uploads\\\/2024\\\/01\\\/ColineNeg.jpg\",\"url\":\"https:\\\/\\\/mademoisellecoline.com\\\/wp-content\\\/uploads\\\/2024\\\/01\\\/ColineNeg.jpg\",\"contentUrl\":\"https:\\\/\\\/mademoisellecoline.com\\\/wp-content\\\/uploads\\\/2024\\\/01\\\/ColineNeg.jpg\",\"width\":584,\"height\":349,\"caption\":\"Mademoiselle Coline\"},\"logo\":{\"@id\":\"https:\\\/\\\/mademoisellecoline.com\\\/wp-content\\\/uploads\\\/2024\\\/01\\\/ColineNeg.jpg\"},\"sameAs\":[\"https:\\\/\\\/www.facebook.com\\\/mademoisellecoline\",\"https:\\\/\\\/www.instagram.com\\\/mademoiselle_coline\\\/\"]}]}<\/script>\n<!-- \/ Yoast SEO plugin. -->","yoast_head_json":{"title":"Mademoiselle Coline | Comen\u00e7ant a compartir la meva hist\u00f2ria","description":"Amb alguns de vosaltres he anat compartint el meu projecte, els meus dubtes, les meves il\u00b7lusions ... a meva hist\u00f2ria. Des que vaig tenir l'oportunitat de venir a viure a Par\u00eds i prendre un nou i apassionant cam\u00ed professional. Finalment, despr\u00e9s de molta formaci\u00f3 i molta feina us puc presentar la meva web.","robots":{"index":"index","follow":"follow","max-snippet":"max-snippet:-1","max-image-preview":"max-image-preview:large","max-video-preview":"max-video-preview:-1"},"canonical":"https:\/\/mademoisellecoline.com\/ca\/blog\/comencant-a-compartir-la-meva-historia\/","og_locale":"ca_ES","og_type":"article","og_title":"Mademoiselle Coline | Comen\u00e7ant a compartir la meva hist\u00f2ria","og_description":"Amb alguns de vosaltres he anat compartint el meu projecte, els meus dubtes, les meves il\u00b7lusions ... a meva hist\u00f2ria. Des que vaig tenir l'oportunitat de venir a viure a Par\u00eds i prendre un nou i apassionant cam\u00ed professional. Finalment, despr\u00e9s de molta formaci\u00f3 i molta feina us puc presentar la meva web.","og_url":"https:\/\/mademoisellecoline.com\/ca\/blog\/comencant-a-compartir-la-meva-historia\/","og_site_name":"Mademoiselle Coline","article_publisher":"https:\/\/www.facebook.com\/mademoisellecoline","article_author":"https:\/\/www.facebook.com\/mademoisellecoline","article_published_time":"2018-04-05T14:26:39+00:00","article_modified_time":"2025-10-01T11:39:08+00:00","og_image":[{"width":4032,"height":3024,"url":"https:\/\/mademoisellecoline.com\/wp-content\/uploads\/2018\/03\/IMG_E2680.jpg","type":"image\/jpeg"}],"author":"Mademoiselle Coline","twitter_card":"summary_large_image","twitter_misc":{"Escrit per":"Mademoiselle Coline","Temps estimat de lectura":"1 minute"},"schema":{"@context":"https:\/\/schema.org","@graph":[{"@type":"Article","@id":"https:\/\/mademoisellecoline.com\/ca\/blog\/comencant-a-compartir-la-meva-historia\/#article","isPartOf":{"@id":"https:\/\/mademoisellecoline.com\/ca\/blog\/comencant-a-compartir-la-meva-historia\/"},"author":{"name":"Mademoiselle Coline","@id":"https:\/\/mademoisellecoline.com\/en\/#\/schema\/person\/a87a3358725ddb0d57e86600da53e416"},"headline":"Comen\u00e7ant a compartir la meva hist\u00f2ria","datePublished":"2018-04-05T14:26:39+00:00","dateModified":"2025-10-01T11:39:08+00:00","mainEntityOfPage":{"@id":"https:\/\/mademoisellecoline.com\/ca\/blog\/comencant-a-compartir-la-meva-historia\/"},"wordCount":111,"commentCount":0,"publisher":{"@id":"https:\/\/mademoisellecoline.com\/en\/#\/schema\/person\/a87a3358725ddb0d57e86600da53e416"},"image":{"@id":"https:\/\/mademoisellecoline.com\/ca\/blog\/comencant-a-compartir-la-meva-historia\/#primaryimage"},"thumbnailUrl":"https:\/\/mademoisellecoline.com\/wp-content\/uploads\/2018\/03\/IMG_E2680.jpg","keywords":["artesanal","Barcelona","fet a m\u00e0","joieria","Par\u00eds"],"articleSection":["Atelier &amp; Joieria Feta a M\u00e0","Mademoiselle Coline","Valors &amp; Joieria Sostenible"],"inLanguage":"ca","potentialAction":[{"@type":"CommentAction","name":"Comment","target":["https:\/\/mademoisellecoline.com\/ca\/blog\/comencant-a-compartir-la-meva-historia\/#respond"]}]},{"@type":"WebPage","@id":"https:\/\/mademoisellecoline.com\/ca\/blog\/comencant-a-compartir-la-meva-historia\/","url":"https:\/\/mademoisellecoline.com\/ca\/blog\/comencant-a-compartir-la-meva-historia\/","name":"Mademoiselle Coline | Comen\u00e7ant a compartir la meva hist\u00f2ria","isPartOf":{"@id":"https:\/\/mademoisellecoline.com\/en\/#website"},"primaryImageOfPage":{"@id":"https:\/\/mademoisellecoline.com\/ca\/blog\/comencant-a-compartir-la-meva-historia\/#primaryimage"},"image":{"@id":"https:\/\/mademoisellecoline.com\/ca\/blog\/comencant-a-compartir-la-meva-historia\/#primaryimage"},"thumbnailUrl":"https:\/\/mademoisellecoline.com\/wp-content\/uploads\/2018\/03\/IMG_E2680.jpg","datePublished":"2018-04-05T14:26:39+00:00","dateModified":"2025-10-01T11:39:08+00:00","description":"Amb alguns de vosaltres he anat compartint el meu projecte, els meus dubtes, les meves il\u00b7lusions ... a meva hist\u00f2ria. Des que vaig tenir l'oportunitat de venir a viure a Par\u00eds i prendre un nou i apassionant cam\u00ed professional. Finalment, despr\u00e9s de molta formaci\u00f3 i molta feina us puc presentar la meva web.","breadcrumb":{"@id":"https:\/\/mademoisellecoline.com\/ca\/blog\/comencant-a-compartir-la-meva-historia\/#breadcrumb"},"inLanguage":"ca","potentialAction":[{"@type":"ReadAction","target":["https:\/\/mademoisellecoline.com\/ca\/blog\/comencant-a-compartir-la-meva-historia\/"]}]},{"@type":"ImageObject","inLanguage":"ca","@id":"https:\/\/mademoisellecoline.com\/ca\/blog\/comencant-a-compartir-la-meva-historia\/#primaryimage","url":"https:\/\/mademoisellecoline.com\/wp-content\/uploads\/2018\/03\/IMG_E2680.jpg","contentUrl":"https:\/\/mademoisellecoline.com\/wp-content\/uploads\/2018\/03\/IMG_E2680.jpg","width":4032,"height":3024,"caption":"historia, joyer\u00eda, website"},{"@type":"BreadcrumbList","@id":"https:\/\/mademoisellecoline.com\/ca\/blog\/comencant-a-compartir-la-meva-historia\/#breadcrumb","itemListElement":[{"@type":"ListItem","position":1,"name":"Portada","item":"https:\/\/mademoisellecoline.com\/ca\/"},{"@type":"ListItem","position":2,"name":"Comen\u00e7ant a compartir la meva hist\u00f2ria"}]},{"@type":"WebSite","@id":"https:\/\/mademoisellecoline.com\/en\/#website","url":"https:\/\/mademoisellecoline.com\/en\/","name":"Mademoiselle Coline","description":"Creaciones de joyer\u00eda on\u00edricas para almas so\u00f1adoras","publisher":{"@id":"https:\/\/mademoisellecoline.com\/en\/#\/schema\/person\/a87a3358725ddb0d57e86600da53e416"},"potentialAction":[{"@type":"SearchAction","target":{"@type":"EntryPoint","urlTemplate":"https:\/\/mademoisellecoline.com\/en\/?s={search_term_string}"},"query-input":{"@type":"PropertyValueSpecification","valueRequired":true,"valueName":"search_term_string"}}],"inLanguage":"ca"},{"@type":["Person","Organization"],"@id":"https:\/\/mademoisellecoline.com\/en\/#\/schema\/person\/a87a3358725ddb0d57e86600da53e416","name":"Mademoiselle Coline","image":{"@type":"ImageObject","inLanguage":"ca","@id":"https:\/\/mademoisellecoline.com\/wp-content\/uploads\/2024\/01\/ColineNeg.jpg","url":"https:\/\/mademoisellecoline.com\/wp-content\/uploads\/2024\/01\/ColineNeg.jpg","contentUrl":"https:\/\/mademoisellecoline.com\/wp-content\/uploads\/2024\/01\/ColineNeg.jpg","width":584,"height":349,"caption":"Mademoiselle Coline"},"logo":{"@id":"https:\/\/mademoisellecoline.com\/wp-content\/uploads\/2024\/01\/ColineNeg.jpg"},"sameAs":["https:\/\/www.facebook.com\/mademoisellecoline","https:\/\/www.instagram.com\/mademoiselle_coline\/"]}]}},"_links":{"self":[{"href":"https:\/\/mademoisellecoline.com\/ca\/wp-json\/wp\/v2\/posts\/1336","targetHints":{"allow":["GET"]}}],"collection":[{"href":"https:\/\/mademoisellecoline.com\/ca\/wp-json\/wp\/v2\/posts"}],"about":[{"href":"https:\/\/mademoisellecoline.com\/ca\/wp-json\/wp\/v2\/types\/post"}],"author":[{"embeddable":true,"href":"https:\/\/mademoisellecoline.com\/ca\/wp-json\/wp\/v2\/users\/1"}],"replies":[{"embeddable":true,"href":"https:\/\/mademoisellecoline.com\/ca\/wp-json\/wp\/v2\/comments?post=1336"}],"version-history":[{"count":1,"href":"https:\/\/mademoisellecoline.com\/ca\/wp-json\/wp\/v2\/posts\/1336\/revisions"}],"predecessor-version":[{"id":37504,"href":"https:\/\/mademoisellecoline.com\/ca\/wp-json\/wp\/v2\/posts\/1336\/revisions\/37504"}],"wp:featuredmedia":[{"embeddable":true,"href":"https:\/\/mademoisellecoline.com\/ca\/wp-json\/wp\/v2\/media\/650"}],"wp:attachment":[{"href":"https:\/\/mademoisellecoline.com\/ca\/wp-json\/wp\/v2\/media?parent=1336"}],"wp:term":[{"taxonomy":"category","embeddable":true,"href":"https:\/\/mademoisellecoline.com\/ca\/wp-json\/wp\/v2\/categories?post=1336"},{"taxonomy":"post_tag","embeddable":true,"href":"https:\/\/mademoisellecoline.com\/ca\/wp-json\/wp\/v2\/tags?post=1336"}],"curies":[{"name":"wp","href":"https:\/\/api.w.org\/{rel}","templated":true}]}}