{"id":14381,"date":"2020-02-25T11:19:54","date_gmt":"2020-02-25T11:19:54","guid":{"rendered":"https:\/\/mademoisellecoline.com\/?p=14381"},"modified":"2025-10-01T13:09:08","modified_gmt":"2025-10-01T13:09:08","slug":"fashion-book-elle-mademoiselle-coline-ca","status":"publish","type":"post","link":"https:\/\/mademoisellecoline.com\/ca\/blog\/fashion-book-elle-mademoiselle-coline-ca\/","title":{"rendered":"Mademoiselle Coline al Fashion Book de la revista ELLE"},"content":{"rendered":"\r\n<p>&#8216;Le D\u00e9co&#8217; de la <a href=\"https:\/\/mademoisellecoline.com\/ca\/colleccions-de-joies\/colleccio-envie-du-passe\/\">Col\u00b7lecci\u00f3 Envie du Pass\u00e9 <\/a>apareix en el Fashion Book de la revista ELLE de Mar\u00e7. Una col\u00b7lecci\u00f3 inspirada en els anells tipus Segell. La pe\u00e7a central encastada \u00e9s un detall antic, rescatat i restaurat de les meves innombrables visites a botigues d&#8217;antiguitats i march\u00e9s aux puces de Par\u00eds<\/p>\r\n\r\n\r\n\r\n<p>Moltes gr\u00e0cies ELLE \u2764\ufe0f<\/p>\r\n\r\n\r\n\r\n<figure class=\"wp-block-gallery columns-3 is-cropped wp-block-gallery-1 is-layout-flex wp-block-gallery-is-layout-flex\">\r\n<ul class=\"blocks-gallery-grid\">\r\n<li class=\"blocks-gallery-item\">\r\n<figure><img loading=\"lazy\" decoding=\"async\" width=\"1024\" height=\"1024\" class=\"wp-image-14397\" src=\"https:\/\/mademoisellecoline.com\/wp-content\/uploads\/2020\/02\/Tendencias-moda-chic-fashion-Elle-Mademoiselle-Coline-1024x1024.jpg\" alt=\"\" data-id=\"14397\" data-full-url=\"https:\/\/mademoisellecoline.com\/wp-content\/uploads\/2020\/02\/Tendencias-moda-chic-fashion-Elle-Mademoiselle-Coline.jpg\" data-link=\"https:\/\/mademoisellecoline.com\/ca\/tendencias-moda-chic-fashion-elle-mademoiselle-coline-2\/\" srcset=\"https:\/\/mademoisellecoline.com\/wp-content\/uploads\/2020\/02\/Tendencias-moda-chic-fashion-Elle-Mademoiselle-Coline-1024x1024.jpg 1024w, https:\/\/mademoisellecoline.com\/wp-content\/uploads\/2020\/02\/Tendencias-moda-chic-fashion-Elle-Mademoiselle-Coline-300x300.jpg 300w, https:\/\/mademoisellecoline.com\/wp-content\/uploads\/2020\/02\/Tendencias-moda-chic-fashion-Elle-Mademoiselle-Coline-150x150.jpg 150w\" sizes=\"auto, (max-width: 1024px) 100vw, 1024px\" \/><\/figure>\r\n<\/li>\r\n<li class=\"blocks-gallery-item\">\r\n<figure><img loading=\"lazy\" decoding=\"async\" width=\"1024\" height=\"1024\" class=\"wp-image-14393\" src=\"https:\/\/mademoisellecoline.com\/wp-content\/uploads\/2020\/02\/Moda-Joyeria-Slow-Artesanal-Elle-Mademoiselle-Coline-1024x1024.jpg\" alt=\"\" data-id=\"14393\" data-full-url=\"https:\/\/mademoisellecoline.com\/wp-content\/uploads\/2020\/02\/Moda-Joyeria-Slow-Artesanal-Elle-Mademoiselle-Coline.jpg\" data-link=\"https:\/\/mademoisellecoline.com\/ca\/moda-joyeria-slow-artesanal-elle-mademoiselle-coline-2\/\" srcset=\"https:\/\/mademoisellecoline.com\/wp-content\/uploads\/2020\/02\/Moda-Joyeria-Slow-Artesanal-Elle-Mademoiselle-Coline-1024x1024.jpg 1024w, https:\/\/mademoisellecoline.com\/wp-content\/uploads\/2020\/02\/Moda-Joyeria-Slow-Artesanal-Elle-Mademoiselle-Coline-300x300.jpg 300w, https:\/\/mademoisellecoline.com\/wp-content\/uploads\/2020\/02\/Moda-Joyeria-Slow-Artesanal-Elle-Mademoiselle-Coline-150x150.jpg 150w\" sizes=\"auto, (max-width: 1024px) 100vw, 1024px\" \/><\/figure>\r\n<\/li>\r\n<li class=\"blocks-gallery-item\">\r\n<figure><img loading=\"lazy\" decoding=\"async\" width=\"1024\" height=\"1024\" class=\"wp-image-14385\" src=\"https:\/\/mademoisellecoline.com\/wp-content\/uploads\/2020\/02\/Elle-Fashion-Book-Mademoiselle-Coline-1024x1024.jpg\" alt=\"\" data-id=\"14385\" data-full-url=\"https:\/\/mademoisellecoline.com\/wp-content\/uploads\/2020\/02\/Elle-Fashion-Book-Mademoiselle-Coline.jpg\" data-link=\"https:\/\/mademoisellecoline.com\/ca\/elle-fashion-book-mademoiselle-coline-2\/\" srcset=\"https:\/\/mademoisellecoline.com\/wp-content\/uploads\/2020\/02\/Elle-Fashion-Book-Mademoiselle-Coline-1024x1024.jpg 1024w, https:\/\/mademoisellecoline.com\/wp-content\/uploads\/2020\/02\/Elle-Fashion-Book-Mademoiselle-Coline-300x300.jpg 300w, https:\/\/mademoisellecoline.com\/wp-content\/uploads\/2020\/02\/Elle-Fashion-Book-Mademoiselle-Coline-150x150.jpg 150w\" sizes=\"auto, (max-width: 1024px) 100vw, 1024px\" \/><\/figure>\r\n<\/li>\r\n<\/ul>\r\n<\/figure>\r\n\r\n\r\n\r\n<p>&nbsp;<\/p>\r\n","protected":false},"excerpt":{"rendered":"<p>&#8216;Le D\u00e9co&#8217; de la Col\u00b7lecci\u00f3 Envie du Pass\u00e9 apareix en el Fashion Book de la revista ELLE de Mar\u00e7. Una col\u00b7lecci\u00f3 inspirada en els anells tipus Segell. La pe\u00e7a central encastada \u00e9s un detall antic, rescatat i restaurat de les meves innombrables visites a botigues d&#8217;antiguitats i march\u00e9s aux puces de Par\u00eds Moltes gr\u00e0cies ELLE<\/p>\n","protected":false},"author":2,"featured_media":14389,"comment_status":"open","ping_status":"open","sticky":false,"template":"","format":"standard","meta":{"_joinchat":[],"footnotes":""},"categories":[347],"tags":[3168,2340,3169,3170,3064],"class_list":["post-14381","post","type-post","status-publish","format-standard","has-post-thumbnail","hentry","category-premsa","tag-joieria-a-mida","tag-joieria-sostenible","tag-joies-artesanals","tag-joies-fetes-a-ma","tag-peces-uniques-de-joieria-artesanal"],"yoast_head":"<!-- This site is optimized with the Yoast SEO plugin v27.4 - https:\/\/yoast.com\/product\/yoast-seo-wordpress\/ -->\n<title>Mademoiselle Coline al Fashion Book de la revista ELLE | Mademoiselle Coline<\/title>\n<meta name=\"description\" content=\"&#039;Le D\u00e9co&#039; de la Col\u00b7lecci\u00f3 Envie du Pass\u00e9 apareix en el Fashion Book de la revista ELLE de Mar\u00e7. Una col\u00b7lecci\u00f3 inspirada en els anells tipus Segell.\" \/>\n<meta name=\"robots\" content=\"index, follow, max-snippet:-1, max-image-preview:large, max-video-preview:-1\" \/>\n<link rel=\"canonical\" href=\"https:\/\/mademoisellecoline.com\/ca\/blog\/fashion-book-elle-mademoiselle-coline-ca\/\" \/>\n<meta property=\"og:locale\" content=\"ca_ES\" \/>\n<meta property=\"og:type\" content=\"article\" \/>\n<meta property=\"og:title\" content=\"Mademoiselle Coline al Fashion Book de la revista ELLE | Mademoiselle Coline\" \/>\n<meta property=\"og:description\" content=\"&#039;Le D\u00e9co&#039; de la Col\u00b7lecci\u00f3 Envie du Pass\u00e9 apareix en el Fashion Book de la revista ELLE de Mar\u00e7. Una col\u00b7lecci\u00f3 inspirada en els anells tipus Segell.\" \/>\n<meta property=\"og:url\" content=\"https:\/\/mademoisellecoline.com\/ca\/blog\/fashion-book-elle-mademoiselle-coline-ca\/\" \/>\n<meta property=\"og:site_name\" content=\"Mademoiselle Coline\" \/>\n<meta property=\"article:publisher\" content=\"https:\/\/www.facebook.com\/mademoisellecoline\" \/>\n<meta property=\"article:author\" content=\"https:\/\/www.facebook.com\/mademoisellecoline\" \/>\n<meta property=\"article:published_time\" content=\"2020-02-25T11:19:54+00:00\" \/>\n<meta property=\"article:modified_time\" content=\"2025-10-01T13:09:08+00:00\" \/>\n<meta property=\"og:image\" content=\"https:\/\/mademoisellecoline.com\/wp-content\/uploads\/2020\/02\/Mademoiselle-Coline-Elle-1024x1024.jpg\" \/>\n\t<meta property=\"og:image:width\" content=\"1024\" \/>\n\t<meta property=\"og:image:height\" content=\"1024\" \/>\n\t<meta property=\"og:image:type\" content=\"image\/jpeg\" \/>\n<meta name=\"author\" content=\"Mademoiselle Coline\" \/>\n<meta name=\"twitter:card\" content=\"summary_large_image\" \/>\n<meta name=\"twitter:label1\" content=\"Escrit per\" \/>\n\t<meta name=\"twitter:data1\" content=\"Mademoiselle Coline\" \/>\n\t<meta name=\"twitter:label2\" content=\"Temps estimat de lectura\" \/>\n\t<meta name=\"twitter:data2\" content=\"2 minutes\" \/>\n<script type=\"application\/ld+json\" class=\"yoast-schema-graph\">{\"@context\":\"https:\\\/\\\/schema.org\",\"@graph\":[{\"@type\":\"Article\",\"@id\":\"https:\\\/\\\/mademoisellecoline.com\\\/ca\\\/blog\\\/fashion-book-elle-mademoiselle-coline-ca\\\/#article\",\"isPartOf\":{\"@id\":\"https:\\\/\\\/mademoisellecoline.com\\\/ca\\\/blog\\\/fashion-book-elle-mademoiselle-coline-ca\\\/\"},\"author\":{\"name\":\"Mademoiselle Coline\",\"@id\":\"https:\\\/\\\/mademoisellecoline.com\\\/en\\\/#\\\/schema\\\/person\\\/0253827305e8993c3859f32dce4d9b97\"},\"headline\":\"Mademoiselle Coline al Fashion Book de la revista ELLE\",\"datePublished\":\"2020-02-25T11:19:54+00:00\",\"dateModified\":\"2025-10-01T13:09:08+00:00\",\"mainEntityOfPage\":{\"@id\":\"https:\\\/\\\/mademoisellecoline.com\\\/ca\\\/blog\\\/fashion-book-elle-mademoiselle-coline-ca\\\/\"},\"wordCount\":73,\"commentCount\":0,\"publisher\":{\"@id\":\"https:\\\/\\\/mademoisellecoline.com\\\/en\\\/#\\\/schema\\\/person\\\/a87a3358725ddb0d57e86600da53e416\"},\"image\":{\"@id\":\"https:\\\/\\\/mademoisellecoline.com\\\/ca\\\/blog\\\/fashion-book-elle-mademoiselle-coline-ca\\\/#primaryimage\"},\"thumbnailUrl\":\"https:\\\/\\\/mademoisellecoline.com\\\/wp-content\\\/uploads\\\/2020\\\/02\\\/Mademoiselle-Coline-Elle.jpg\",\"keywords\":[\"Joieria a mida\",\"joieria sostenible\",\"Joies artesanals\",\"Joies fetes a m\u00e0\",\"Peces \u00faniques de joieria artesanal\"],\"articleSection\":[\"Premsa\"],\"inLanguage\":\"ca\",\"potentialAction\":[{\"@type\":\"CommentAction\",\"name\":\"Comment\",\"target\":[\"https:\\\/\\\/mademoisellecoline.com\\\/ca\\\/blog\\\/fashion-book-elle-mademoiselle-coline-ca\\\/#respond\"]}]},{\"@type\":\"WebPage\",\"@id\":\"https:\\\/\\\/mademoisellecoline.com\\\/ca\\\/blog\\\/fashion-book-elle-mademoiselle-coline-ca\\\/\",\"url\":\"https:\\\/\\\/mademoisellecoline.com\\\/ca\\\/blog\\\/fashion-book-elle-mademoiselle-coline-ca\\\/\",\"name\":\"Mademoiselle Coline al Fashion Book de la revista ELLE | Mademoiselle Coline\",\"isPartOf\":{\"@id\":\"https:\\\/\\\/mademoisellecoline.com\\\/en\\\/#website\"},\"primaryImageOfPage\":{\"@id\":\"https:\\\/\\\/mademoisellecoline.com\\\/ca\\\/blog\\\/fashion-book-elle-mademoiselle-coline-ca\\\/#primaryimage\"},\"image\":{\"@id\":\"https:\\\/\\\/mademoisellecoline.com\\\/ca\\\/blog\\\/fashion-book-elle-mademoiselle-coline-ca\\\/#primaryimage\"},\"thumbnailUrl\":\"https:\\\/\\\/mademoisellecoline.com\\\/wp-content\\\/uploads\\\/2020\\\/02\\\/Mademoiselle-Coline-Elle.jpg\",\"datePublished\":\"2020-02-25T11:19:54+00:00\",\"dateModified\":\"2025-10-01T13:09:08+00:00\",\"description\":\"'Le D\u00e9co' de la Col\u00b7lecci\u00f3 Envie du Pass\u00e9 apareix en el Fashion Book de la revista ELLE de Mar\u00e7. Una col\u00b7lecci\u00f3 inspirada en els anells tipus Segell.\",\"breadcrumb\":{\"@id\":\"https:\\\/\\\/mademoisellecoline.com\\\/ca\\\/blog\\\/fashion-book-elle-mademoiselle-coline-ca\\\/#breadcrumb\"},\"inLanguage\":\"ca\",\"potentialAction\":[{\"@type\":\"ReadAction\",\"target\":[\"https:\\\/\\\/mademoisellecoline.com\\\/ca\\\/blog\\\/fashion-book-elle-mademoiselle-coline-ca\\\/\"]}]},{\"@type\":\"ImageObject\",\"inLanguage\":\"ca\",\"@id\":\"https:\\\/\\\/mademoisellecoline.com\\\/ca\\\/blog\\\/fashion-book-elle-mademoiselle-coline-ca\\\/#primaryimage\",\"url\":\"https:\\\/\\\/mademoisellecoline.com\\\/wp-content\\\/uploads\\\/2020\\\/02\\\/Mademoiselle-Coline-Elle.jpg\",\"contentUrl\":\"https:\\\/\\\/mademoisellecoline.com\\\/wp-content\\\/uploads\\\/2020\\\/02\\\/Mademoiselle-Coline-Elle.jpg\",\"width\":2291,\"height\":2291},{\"@type\":\"BreadcrumbList\",\"@id\":\"https:\\\/\\\/mademoisellecoline.com\\\/ca\\\/blog\\\/fashion-book-elle-mademoiselle-coline-ca\\\/#breadcrumb\",\"itemListElement\":[{\"@type\":\"ListItem\",\"position\":1,\"name\":\"Portada\",\"item\":\"https:\\\/\\\/mademoisellecoline.com\\\/ca\\\/\"},{\"@type\":\"ListItem\",\"position\":2,\"name\":\"Mademoiselle Coline al Fashion Book de la revista ELLE\"}]},{\"@type\":\"WebSite\",\"@id\":\"https:\\\/\\\/mademoisellecoline.com\\\/en\\\/#website\",\"url\":\"https:\\\/\\\/mademoisellecoline.com\\\/en\\\/\",\"name\":\"Mademoiselle Coline\",\"description\":\"Creaciones de joyer\u00eda on\u00edricas para almas so\u00f1adoras\",\"publisher\":{\"@id\":\"https:\\\/\\\/mademoisellecoline.com\\\/en\\\/#\\\/schema\\\/person\\\/a87a3358725ddb0d57e86600da53e416\"},\"potentialAction\":[{\"@type\":\"SearchAction\",\"target\":{\"@type\":\"EntryPoint\",\"urlTemplate\":\"https:\\\/\\\/mademoisellecoline.com\\\/en\\\/?s={search_term_string}\"},\"query-input\":{\"@type\":\"PropertyValueSpecification\",\"valueRequired\":true,\"valueName\":\"search_term_string\"}}],\"inLanguage\":\"ca\"},{\"@type\":[\"Person\",\"Organization\"],\"@id\":\"https:\\\/\\\/mademoisellecoline.com\\\/en\\\/#\\\/schema\\\/person\\\/a87a3358725ddb0d57e86600da53e416\",\"name\":\"Mademoiselle Coline\",\"image\":{\"@type\":\"ImageObject\",\"inLanguage\":\"ca\",\"@id\":\"https:\\\/\\\/mademoisellecoline.com\\\/wp-content\\\/uploads\\\/2024\\\/01\\\/ColineNeg.jpg\",\"url\":\"https:\\\/\\\/mademoisellecoline.com\\\/wp-content\\\/uploads\\\/2024\\\/01\\\/ColineNeg.jpg\",\"contentUrl\":\"https:\\\/\\\/mademoisellecoline.com\\\/wp-content\\\/uploads\\\/2024\\\/01\\\/ColineNeg.jpg\",\"width\":584,\"height\":349,\"caption\":\"Mademoiselle Coline\"},\"logo\":{\"@id\":\"https:\\\/\\\/mademoisellecoline.com\\\/wp-content\\\/uploads\\\/2024\\\/01\\\/ColineNeg.jpg\"},\"sameAs\":[\"https:\\\/\\\/www.facebook.com\\\/mademoisellecoline\",\"https:\\\/\\\/www.instagram.com\\\/mademoiselle_coline\\\/\"]},{\"@type\":\"Person\",\"@id\":\"https:\\\/\\\/mademoisellecoline.com\\\/en\\\/#\\\/schema\\\/person\\\/0253827305e8993c3859f32dce4d9b97\",\"name\":\"Mademoiselle Coline\",\"image\":{\"@type\":\"ImageObject\",\"inLanguage\":\"ca\",\"@id\":\"https:\\\/\\\/mademoisellecoline.com\\\/wp-content\\\/litespeed\\\/avatar\\\/1b82c8537b697d562a5c233c70f8a8fb.jpg?ver=1776845874\",\"url\":\"https:\\\/\\\/mademoisellecoline.com\\\/wp-content\\\/litespeed\\\/avatar\\\/1b82c8537b697d562a5c233c70f8a8fb.jpg?ver=1776845874\",\"contentUrl\":\"https:\\\/\\\/mademoisellecoline.com\\\/wp-content\\\/litespeed\\\/avatar\\\/1b82c8537b697d562a5c233c70f8a8fb.jpg?ver=1776845874\",\"caption\":\"Mademoiselle Coline\"},\"sameAs\":[\"https:\\\/\\\/mademoisellecoline.com\",\"https:\\\/\\\/www.facebook.com\\\/mademoisellecoline\"]}]}<\/script>\n<!-- \/ Yoast SEO plugin. -->","yoast_head_json":{"title":"Mademoiselle Coline al Fashion Book de la revista ELLE | Mademoiselle Coline","description":"'Le D\u00e9co' de la Col\u00b7lecci\u00f3 Envie du Pass\u00e9 apareix en el Fashion Book de la revista ELLE de Mar\u00e7. Una col\u00b7lecci\u00f3 inspirada en els anells tipus Segell.","robots":{"index":"index","follow":"follow","max-snippet":"max-snippet:-1","max-image-preview":"max-image-preview:large","max-video-preview":"max-video-preview:-1"},"canonical":"https:\/\/mademoisellecoline.com\/ca\/blog\/fashion-book-elle-mademoiselle-coline-ca\/","og_locale":"ca_ES","og_type":"article","og_title":"Mademoiselle Coline al Fashion Book de la revista ELLE | Mademoiselle Coline","og_description":"'Le D\u00e9co' de la Col\u00b7lecci\u00f3 Envie du Pass\u00e9 apareix en el Fashion Book de la revista ELLE de Mar\u00e7. Una col\u00b7lecci\u00f3 inspirada en els anells tipus Segell.","og_url":"https:\/\/mademoisellecoline.com\/ca\/blog\/fashion-book-elle-mademoiselle-coline-ca\/","og_site_name":"Mademoiselle Coline","article_publisher":"https:\/\/www.facebook.com\/mademoisellecoline","article_author":"https:\/\/www.facebook.com\/mademoisellecoline","article_published_time":"2020-02-25T11:19:54+00:00","article_modified_time":"2025-10-01T13:09:08+00:00","og_image":[{"width":1024,"height":1024,"url":"https:\/\/mademoisellecoline.com\/wp-content\/uploads\/2020\/02\/Mademoiselle-Coline-Elle-1024x1024.jpg","type":"image\/jpeg"}],"author":"Mademoiselle Coline","twitter_card":"summary_large_image","twitter_misc":{"Escrit per":"Mademoiselle Coline","Temps estimat de lectura":"2 minutes"},"schema":{"@context":"https:\/\/schema.org","@graph":[{"@type":"Article","@id":"https:\/\/mademoisellecoline.com\/ca\/blog\/fashion-book-elle-mademoiselle-coline-ca\/#article","isPartOf":{"@id":"https:\/\/mademoisellecoline.com\/ca\/blog\/fashion-book-elle-mademoiselle-coline-ca\/"},"author":{"name":"Mademoiselle Coline","@id":"https:\/\/mademoisellecoline.com\/en\/#\/schema\/person\/0253827305e8993c3859f32dce4d9b97"},"headline":"Mademoiselle Coline al Fashion Book de la revista ELLE","datePublished":"2020-02-25T11:19:54+00:00","dateModified":"2025-10-01T13:09:08+00:00","mainEntityOfPage":{"@id":"https:\/\/mademoisellecoline.com\/ca\/blog\/fashion-book-elle-mademoiselle-coline-ca\/"},"wordCount":73,"commentCount":0,"publisher":{"@id":"https:\/\/mademoisellecoline.com\/en\/#\/schema\/person\/a87a3358725ddb0d57e86600da53e416"},"image":{"@id":"https:\/\/mademoisellecoline.com\/ca\/blog\/fashion-book-elle-mademoiselle-coline-ca\/#primaryimage"},"thumbnailUrl":"https:\/\/mademoisellecoline.com\/wp-content\/uploads\/2020\/02\/Mademoiselle-Coline-Elle.jpg","keywords":["Joieria a mida","joieria sostenible","Joies artesanals","Joies fetes a m\u00e0","Peces \u00faniques de joieria artesanal"],"articleSection":["Premsa"],"inLanguage":"ca","potentialAction":[{"@type":"CommentAction","name":"Comment","target":["https:\/\/mademoisellecoline.com\/ca\/blog\/fashion-book-elle-mademoiselle-coline-ca\/#respond"]}]},{"@type":"WebPage","@id":"https:\/\/mademoisellecoline.com\/ca\/blog\/fashion-book-elle-mademoiselle-coline-ca\/","url":"https:\/\/mademoisellecoline.com\/ca\/blog\/fashion-book-elle-mademoiselle-coline-ca\/","name":"Mademoiselle Coline al Fashion Book de la revista ELLE | Mademoiselle Coline","isPartOf":{"@id":"https:\/\/mademoisellecoline.com\/en\/#website"},"primaryImageOfPage":{"@id":"https:\/\/mademoisellecoline.com\/ca\/blog\/fashion-book-elle-mademoiselle-coline-ca\/#primaryimage"},"image":{"@id":"https:\/\/mademoisellecoline.com\/ca\/blog\/fashion-book-elle-mademoiselle-coline-ca\/#primaryimage"},"thumbnailUrl":"https:\/\/mademoisellecoline.com\/wp-content\/uploads\/2020\/02\/Mademoiselle-Coline-Elle.jpg","datePublished":"2020-02-25T11:19:54+00:00","dateModified":"2025-10-01T13:09:08+00:00","description":"'Le D\u00e9co' de la Col\u00b7lecci\u00f3 Envie du Pass\u00e9 apareix en el Fashion Book de la revista ELLE de Mar\u00e7. Una col\u00b7lecci\u00f3 inspirada en els anells tipus Segell.","breadcrumb":{"@id":"https:\/\/mademoisellecoline.com\/ca\/blog\/fashion-book-elle-mademoiselle-coline-ca\/#breadcrumb"},"inLanguage":"ca","potentialAction":[{"@type":"ReadAction","target":["https:\/\/mademoisellecoline.com\/ca\/blog\/fashion-book-elle-mademoiselle-coline-ca\/"]}]},{"@type":"ImageObject","inLanguage":"ca","@id":"https:\/\/mademoisellecoline.com\/ca\/blog\/fashion-book-elle-mademoiselle-coline-ca\/#primaryimage","url":"https:\/\/mademoisellecoline.com\/wp-content\/uploads\/2020\/02\/Mademoiselle-Coline-Elle.jpg","contentUrl":"https:\/\/mademoisellecoline.com\/wp-content\/uploads\/2020\/02\/Mademoiselle-Coline-Elle.jpg","width":2291,"height":2291},{"@type":"BreadcrumbList","@id":"https:\/\/mademoisellecoline.com\/ca\/blog\/fashion-book-elle-mademoiselle-coline-ca\/#breadcrumb","itemListElement":[{"@type":"ListItem","position":1,"name":"Portada","item":"https:\/\/mademoisellecoline.com\/ca\/"},{"@type":"ListItem","position":2,"name":"Mademoiselle Coline al Fashion Book de la revista ELLE"}]},{"@type":"WebSite","@id":"https:\/\/mademoisellecoline.com\/en\/#website","url":"https:\/\/mademoisellecoline.com\/en\/","name":"Mademoiselle Coline","description":"Creaciones de joyer\u00eda on\u00edricas para almas so\u00f1adoras","publisher":{"@id":"https:\/\/mademoisellecoline.com\/en\/#\/schema\/person\/a87a3358725ddb0d57e86600da53e416"},"potentialAction":[{"@type":"SearchAction","target":{"@type":"EntryPoint","urlTemplate":"https:\/\/mademoisellecoline.com\/en\/?s={search_term_string}"},"query-input":{"@type":"PropertyValueSpecification","valueRequired":true,"valueName":"search_term_string"}}],"inLanguage":"ca"},{"@type":["Person","Organization"],"@id":"https:\/\/mademoisellecoline.com\/en\/#\/schema\/person\/a87a3358725ddb0d57e86600da53e416","name":"Mademoiselle Coline","image":{"@type":"ImageObject","inLanguage":"ca","@id":"https:\/\/mademoisellecoline.com\/wp-content\/uploads\/2024\/01\/ColineNeg.jpg","url":"https:\/\/mademoisellecoline.com\/wp-content\/uploads\/2024\/01\/ColineNeg.jpg","contentUrl":"https:\/\/mademoisellecoline.com\/wp-content\/uploads\/2024\/01\/ColineNeg.jpg","width":584,"height":349,"caption":"Mademoiselle Coline"},"logo":{"@id":"https:\/\/mademoisellecoline.com\/wp-content\/uploads\/2024\/01\/ColineNeg.jpg"},"sameAs":["https:\/\/www.facebook.com\/mademoisellecoline","https:\/\/www.instagram.com\/mademoiselle_coline\/"]},{"@type":"Person","@id":"https:\/\/mademoisellecoline.com\/en\/#\/schema\/person\/0253827305e8993c3859f32dce4d9b97","name":"Mademoiselle Coline","image":{"@type":"ImageObject","inLanguage":"ca","@id":"https:\/\/mademoisellecoline.com\/wp-content\/litespeed\/avatar\/1b82c8537b697d562a5c233c70f8a8fb.jpg?ver=1776845874","url":"https:\/\/mademoisellecoline.com\/wp-content\/litespeed\/avatar\/1b82c8537b697d562a5c233c70f8a8fb.jpg?ver=1776845874","contentUrl":"https:\/\/mademoisellecoline.com\/wp-content\/litespeed\/avatar\/1b82c8537b697d562a5c233c70f8a8fb.jpg?ver=1776845874","caption":"Mademoiselle Coline"},"sameAs":["https:\/\/mademoisellecoline.com","https:\/\/www.facebook.com\/mademoisellecoline"]}]}},"_links":{"self":[{"href":"https:\/\/mademoisellecoline.com\/ca\/wp-json\/wp\/v2\/posts\/14381","targetHints":{"allow":["GET"]}}],"collection":[{"href":"https:\/\/mademoisellecoline.com\/ca\/wp-json\/wp\/v2\/posts"}],"about":[{"href":"https:\/\/mademoisellecoline.com\/ca\/wp-json\/wp\/v2\/types\/post"}],"author":[{"embeddable":true,"href":"https:\/\/mademoisellecoline.com\/ca\/wp-json\/wp\/v2\/users\/2"}],"replies":[{"embeddable":true,"href":"https:\/\/mademoisellecoline.com\/ca\/wp-json\/wp\/v2\/comments?post=14381"}],"version-history":[{"count":1,"href":"https:\/\/mademoisellecoline.com\/ca\/wp-json\/wp\/v2\/posts\/14381\/revisions"}],"predecessor-version":[{"id":36675,"href":"https:\/\/mademoisellecoline.com\/ca\/wp-json\/wp\/v2\/posts\/14381\/revisions\/36675"}],"wp:featuredmedia":[{"embeddable":true,"href":"https:\/\/mademoisellecoline.com\/ca\/wp-json\/wp\/v2\/media\/14389"}],"wp:attachment":[{"href":"https:\/\/mademoisellecoline.com\/ca\/wp-json\/wp\/v2\/media?parent=14381"}],"wp:term":[{"taxonomy":"category","embeddable":true,"href":"https:\/\/mademoisellecoline.com\/ca\/wp-json\/wp\/v2\/categories?post=14381"},{"taxonomy":"post_tag","embeddable":true,"href":"https:\/\/mademoisellecoline.com\/ca\/wp-json\/wp\/v2\/tags?post=14381"}],"curies":[{"name":"wp","href":"https:\/\/api.w.org\/{rel}","templated":true}]}}