{"id":1904,"date":"2018-10-11T21:53:20","date_gmt":"2018-10-11T21:53:20","guid":{"rendered":"https:\/\/mademoisellecoline.com\/?p=1904"},"modified":"2025-10-01T11:35:13","modified_gmt":"2025-10-01T11:35:13","slug":"nova-mini-serie-col%c2%b7leccio-segells","status":"publish","type":"post","link":"https:\/\/mademoisellecoline.com\/ca\/blog\/nova-mini-serie-col%c2%b7leccio-segells\/","title":{"rendered":"Nova mini s\u00e8rie Col\u00b7lecci\u00f3 Envie du Pass\u00e9"},"content":{"rendered":"<p>Us presento la nova mini s\u00e8rie de la Col\u00b7lecci\u00f3 Envie du Pass\u00e9.<\/p>\n<p>Col.lecci\u00f3 creada a partir d\u2019aquests detalls dissenyats en \u00e8poques passades. Han estat rescatats i restaurats per incorporar-los de nou a la vida juntamen tamb elements de nova creaci\u00f3.<\/p>\n<p>Espero que us agradi!<\/p>\n<p><a href=\"https:\/\/mademoisellecoline.com\/ca\/colleccions-de-joies\/colleccio-envie-du-passe\/\">Col\u00b7lecci\u00f3 Envie du Pass\u00e9<\/a><\/p>\n","protected":false},"excerpt":{"rendered":"<p>Us presento la nova mini s\u00e8rie de la Col\u00b7lecci\u00f3 Envie du Pass\u00e9. Col.lecci\u00f3 creada a partir d\u2019aquests detalls dissenyats en \u00e8poques passades. Han estat rescatats i restaurats per incorporar-los de nou a la vida juntamen tamb elements de nova creaci\u00f3. Espero que us agradi! Col\u00b7lecci\u00f3 Envie du Pass\u00e9<\/p>\n","protected":false},"author":1,"featured_media":1916,"comment_status":"closed","ping_status":"closed","sticky":false,"template":"","format":"standard","meta":{"_joinchat":[],"footnotes":""},"categories":[3095,3060],"tags":[3168,3172,2340,3170,3064],"class_list":["post-1904","post","type-post","status-publish","format-standard","has-post-thumbnail","hentry","category-atelier-joieria-feta-a-ma","category-colleccions-de-joieria-artesanal","tag-joieria-a-mida","tag-joieria-personalitzada","tag-joieria-sostenible","tag-joies-fetes-a-ma","tag-peces-uniques-de-joieria-artesanal"],"yoast_head":"<!-- This site is optimized with the Yoast SEO plugin v27.4 - https:\/\/yoast.com\/product\/yoast-seo-wordpress\/ -->\n<title>Nova mini s\u00e8rie Col\u00b7lecci\u00f3 Segells<\/title>\n<meta name=\"description\" content=\"Us presento la nova mini s\u00e8rie de la Col\u00b7lecci\u00f3 Segells. Espero que us agradi!\u00a0\" \/>\n<meta name=\"robots\" content=\"index, follow, max-snippet:-1, max-image-preview:large, max-video-preview:-1\" \/>\n<link rel=\"canonical\" href=\"https:\/\/mademoisellecoline.com\/ca\/blog\/nova-mini-serie-col\u00b7leccio-segells\/\" \/>\n<meta property=\"og:locale\" content=\"ca_ES\" \/>\n<meta property=\"og:type\" content=\"article\" \/>\n<meta property=\"og:title\" content=\"Nova mini s\u00e8rie Col\u00b7lecci\u00f3 Segells\" \/>\n<meta property=\"og:description\" content=\"Us presento la nova mini s\u00e8rie de la Col\u00b7lecci\u00f3 Segells. Espero que us agradi!\u00a0\" \/>\n<meta property=\"og:url\" content=\"https:\/\/mademoisellecoline.com\/ca\/blog\/nova-mini-serie-col\u00b7leccio-segells\/\" \/>\n<meta property=\"og:site_name\" content=\"Mademoiselle Coline\" \/>\n<meta property=\"article:publisher\" content=\"https:\/\/www.facebook.com\/mademoisellecoline\" \/>\n<meta property=\"article:author\" content=\"https:\/\/www.facebook.com\/mademoisellecoline\" \/>\n<meta property=\"article:published_time\" content=\"2018-10-11T21:53:20+00:00\" \/>\n<meta property=\"article:modified_time\" content=\"2025-10-01T11:35:13+00:00\" \/>\n<meta property=\"og:image\" content=\"https:\/\/mademoisellecoline.com\/wp-content\/uploads\/2018\/10\/sellos-belleza-pasado-art-noveau-modernismo-anillos-zafiros-3.jpg\" \/>\n\t<meta property=\"og:image:width\" content=\"2001\" \/>\n\t<meta property=\"og:image:height\" content=\"1480\" \/>\n\t<meta property=\"og:image:type\" content=\"image\/jpeg\" \/>\n<meta name=\"author\" content=\"Mademoiselle Coline\" \/>\n<meta name=\"twitter:card\" content=\"summary_large_image\" \/>\n<meta name=\"twitter:label1\" content=\"Escrit per\" \/>\n\t<meta name=\"twitter:data1\" content=\"Mademoiselle Coline\" \/>\n<script type=\"application\/ld+json\" class=\"yoast-schema-graph\">{\"@context\":\"https:\\\/\\\/schema.org\",\"@graph\":[{\"@type\":\"Article\",\"@id\":\"https:\\\/\\\/mademoisellecoline.com\\\/ca\\\/blog\\\/nova-mini-serie-col%c2%b7leccio-segells\\\/#article\",\"isPartOf\":{\"@id\":\"https:\\\/\\\/mademoisellecoline.com\\\/ca\\\/blog\\\/nova-mini-serie-col%c2%b7leccio-segells\\\/\"},\"author\":{\"name\":\"Mademoiselle Coline\",\"@id\":\"https:\\\/\\\/mademoisellecoline.com\\\/en\\\/#\\\/schema\\\/person\\\/a87a3358725ddb0d57e86600da53e416\"},\"headline\":\"Nova mini s\u00e8rie Col\u00b7lecci\u00f3 Envie du Pass\u00e9\",\"datePublished\":\"2018-10-11T21:53:20+00:00\",\"dateModified\":\"2025-10-01T11:35:13+00:00\",\"mainEntityOfPage\":{\"@id\":\"https:\\\/\\\/mademoisellecoline.com\\\/ca\\\/blog\\\/nova-mini-serie-col%c2%b7leccio-segells\\\/\"},\"wordCount\":62,\"publisher\":{\"@id\":\"https:\\\/\\\/mademoisellecoline.com\\\/en\\\/#\\\/schema\\\/person\\\/a87a3358725ddb0d57e86600da53e416\"},\"image\":{\"@id\":\"https:\\\/\\\/mademoisellecoline.com\\\/ca\\\/blog\\\/nova-mini-serie-col%c2%b7leccio-segells\\\/#primaryimage\"},\"thumbnailUrl\":\"https:\\\/\\\/mademoisellecoline.com\\\/wp-content\\\/uploads\\\/2018\\\/10\\\/sellos-belleza-pasado-art-noveau-modernismo-anillos-zafiros-3.jpg\",\"keywords\":[\"Joieria a mida\",\"Joieria personalitzada\",\"joieria sostenible\",\"Joies fetes a m\u00e0\",\"Peces \u00faniques de joieria artesanal\"],\"articleSection\":[\"Atelier &amp; Joieria Feta a M\u00e0\",\"Col\u00b7leccions de Joieria Artesanal\"],\"inLanguage\":\"ca\"},{\"@type\":\"WebPage\",\"@id\":\"https:\\\/\\\/mademoisellecoline.com\\\/ca\\\/blog\\\/nova-mini-serie-col%c2%b7leccio-segells\\\/\",\"url\":\"https:\\\/\\\/mademoisellecoline.com\\\/ca\\\/blog\\\/nova-mini-serie-col%c2%b7leccio-segells\\\/\",\"name\":\"Nova mini s\u00e8rie Col\u00b7lecci\u00f3 Segells\",\"isPartOf\":{\"@id\":\"https:\\\/\\\/mademoisellecoline.com\\\/en\\\/#website\"},\"primaryImageOfPage\":{\"@id\":\"https:\\\/\\\/mademoisellecoline.com\\\/ca\\\/blog\\\/nova-mini-serie-col%c2%b7leccio-segells\\\/#primaryimage\"},\"image\":{\"@id\":\"https:\\\/\\\/mademoisellecoline.com\\\/ca\\\/blog\\\/nova-mini-serie-col%c2%b7leccio-segells\\\/#primaryimage\"},\"thumbnailUrl\":\"https:\\\/\\\/mademoisellecoline.com\\\/wp-content\\\/uploads\\\/2018\\\/10\\\/sellos-belleza-pasado-art-noveau-modernismo-anillos-zafiros-3.jpg\",\"datePublished\":\"2018-10-11T21:53:20+00:00\",\"dateModified\":\"2025-10-01T11:35:13+00:00\",\"description\":\"Us presento la nova mini s\u00e8rie de la Col\u00b7lecci\u00f3 Segells. Espero que us agradi!\u00a0\",\"breadcrumb\":{\"@id\":\"https:\\\/\\\/mademoisellecoline.com\\\/ca\\\/blog\\\/nova-mini-serie-col%c2%b7leccio-segells\\\/#breadcrumb\"},\"inLanguage\":\"ca\",\"potentialAction\":[{\"@type\":\"ReadAction\",\"target\":[\"https:\\\/\\\/mademoisellecoline.com\\\/ca\\\/blog\\\/nova-mini-serie-col%c2%b7leccio-segells\\\/\"]}]},{\"@type\":\"ImageObject\",\"inLanguage\":\"ca\",\"@id\":\"https:\\\/\\\/mademoisellecoline.com\\\/ca\\\/blog\\\/nova-mini-serie-col%c2%b7leccio-segells\\\/#primaryimage\",\"url\":\"https:\\\/\\\/mademoisellecoline.com\\\/wp-content\\\/uploads\\\/2018\\\/10\\\/sellos-belleza-pasado-art-noveau-modernismo-anillos-zafiros-3.jpg\",\"contentUrl\":\"https:\\\/\\\/mademoisellecoline.com\\\/wp-content\\\/uploads\\\/2018\\\/10\\\/sellos-belleza-pasado-art-noveau-modernismo-anillos-zafiros-3.jpg\",\"width\":2001,\"height\":1480},{\"@type\":\"BreadcrumbList\",\"@id\":\"https:\\\/\\\/mademoisellecoline.com\\\/ca\\\/blog\\\/nova-mini-serie-col%c2%b7leccio-segells\\\/#breadcrumb\",\"itemListElement\":[{\"@type\":\"ListItem\",\"position\":1,\"name\":\"Portada\",\"item\":\"https:\\\/\\\/mademoisellecoline.com\\\/ca\\\/\"},{\"@type\":\"ListItem\",\"position\":2,\"name\":\"Nova mini s\u00e8rie Col\u00b7lecci\u00f3 Envie du Pass\u00e9\"}]},{\"@type\":\"WebSite\",\"@id\":\"https:\\\/\\\/mademoisellecoline.com\\\/en\\\/#website\",\"url\":\"https:\\\/\\\/mademoisellecoline.com\\\/en\\\/\",\"name\":\"Mademoiselle Coline\",\"description\":\"Creaciones de joyer\u00eda on\u00edricas para almas so\u00f1adoras\",\"publisher\":{\"@id\":\"https:\\\/\\\/mademoisellecoline.com\\\/en\\\/#\\\/schema\\\/person\\\/a87a3358725ddb0d57e86600da53e416\"},\"potentialAction\":[{\"@type\":\"SearchAction\",\"target\":{\"@type\":\"EntryPoint\",\"urlTemplate\":\"https:\\\/\\\/mademoisellecoline.com\\\/en\\\/?s={search_term_string}\"},\"query-input\":{\"@type\":\"PropertyValueSpecification\",\"valueRequired\":true,\"valueName\":\"search_term_string\"}}],\"inLanguage\":\"ca\"},{\"@type\":[\"Person\",\"Organization\"],\"@id\":\"https:\\\/\\\/mademoisellecoline.com\\\/en\\\/#\\\/schema\\\/person\\\/a87a3358725ddb0d57e86600da53e416\",\"name\":\"Mademoiselle Coline\",\"image\":{\"@type\":\"ImageObject\",\"inLanguage\":\"ca\",\"@id\":\"https:\\\/\\\/mademoisellecoline.com\\\/wp-content\\\/uploads\\\/2024\\\/01\\\/ColineNeg.jpg\",\"url\":\"https:\\\/\\\/mademoisellecoline.com\\\/wp-content\\\/uploads\\\/2024\\\/01\\\/ColineNeg.jpg\",\"contentUrl\":\"https:\\\/\\\/mademoisellecoline.com\\\/wp-content\\\/uploads\\\/2024\\\/01\\\/ColineNeg.jpg\",\"width\":584,\"height\":349,\"caption\":\"Mademoiselle Coline\"},\"logo\":{\"@id\":\"https:\\\/\\\/mademoisellecoline.com\\\/wp-content\\\/uploads\\\/2024\\\/01\\\/ColineNeg.jpg\"},\"sameAs\":[\"https:\\\/\\\/www.facebook.com\\\/mademoisellecoline\",\"https:\\\/\\\/www.instagram.com\\\/mademoiselle_coline\\\/\"]}]}<\/script>\n<!-- \/ Yoast SEO plugin. -->","yoast_head_json":{"title":"Nova mini s\u00e8rie Col\u00b7lecci\u00f3 Segells","description":"Us presento la nova mini s\u00e8rie de la Col\u00b7lecci\u00f3 Segells. Espero que us agradi!\u00a0","robots":{"index":"index","follow":"follow","max-snippet":"max-snippet:-1","max-image-preview":"max-image-preview:large","max-video-preview":"max-video-preview:-1"},"canonical":"https:\/\/mademoisellecoline.com\/ca\/blog\/nova-mini-serie-col\u00b7leccio-segells\/","og_locale":"ca_ES","og_type":"article","og_title":"Nova mini s\u00e8rie Col\u00b7lecci\u00f3 Segells","og_description":"Us presento la nova mini s\u00e8rie de la Col\u00b7lecci\u00f3 Segells. Espero que us agradi!\u00a0","og_url":"https:\/\/mademoisellecoline.com\/ca\/blog\/nova-mini-serie-col\u00b7leccio-segells\/","og_site_name":"Mademoiselle Coline","article_publisher":"https:\/\/www.facebook.com\/mademoisellecoline","article_author":"https:\/\/www.facebook.com\/mademoisellecoline","article_published_time":"2018-10-11T21:53:20+00:00","article_modified_time":"2025-10-01T11:35:13+00:00","og_image":[{"width":2001,"height":1480,"url":"https:\/\/mademoisellecoline.com\/wp-content\/uploads\/2018\/10\/sellos-belleza-pasado-art-noveau-modernismo-anillos-zafiros-3.jpg","type":"image\/jpeg"}],"author":"Mademoiselle Coline","twitter_card":"summary_large_image","twitter_misc":{"Escrit per":"Mademoiselle Coline"},"schema":{"@context":"https:\/\/schema.org","@graph":[{"@type":"Article","@id":"https:\/\/mademoisellecoline.com\/ca\/blog\/nova-mini-serie-col%c2%b7leccio-segells\/#article","isPartOf":{"@id":"https:\/\/mademoisellecoline.com\/ca\/blog\/nova-mini-serie-col%c2%b7leccio-segells\/"},"author":{"name":"Mademoiselle Coline","@id":"https:\/\/mademoisellecoline.com\/en\/#\/schema\/person\/a87a3358725ddb0d57e86600da53e416"},"headline":"Nova mini s\u00e8rie Col\u00b7lecci\u00f3 Envie du Pass\u00e9","datePublished":"2018-10-11T21:53:20+00:00","dateModified":"2025-10-01T11:35:13+00:00","mainEntityOfPage":{"@id":"https:\/\/mademoisellecoline.com\/ca\/blog\/nova-mini-serie-col%c2%b7leccio-segells\/"},"wordCount":62,"publisher":{"@id":"https:\/\/mademoisellecoline.com\/en\/#\/schema\/person\/a87a3358725ddb0d57e86600da53e416"},"image":{"@id":"https:\/\/mademoisellecoline.com\/ca\/blog\/nova-mini-serie-col%c2%b7leccio-segells\/#primaryimage"},"thumbnailUrl":"https:\/\/mademoisellecoline.com\/wp-content\/uploads\/2018\/10\/sellos-belleza-pasado-art-noveau-modernismo-anillos-zafiros-3.jpg","keywords":["Joieria a mida","Joieria personalitzada","joieria sostenible","Joies fetes a m\u00e0","Peces \u00faniques de joieria artesanal"],"articleSection":["Atelier &amp; Joieria Feta a M\u00e0","Col\u00b7leccions de Joieria Artesanal"],"inLanguage":"ca"},{"@type":"WebPage","@id":"https:\/\/mademoisellecoline.com\/ca\/blog\/nova-mini-serie-col%c2%b7leccio-segells\/","url":"https:\/\/mademoisellecoline.com\/ca\/blog\/nova-mini-serie-col%c2%b7leccio-segells\/","name":"Nova mini s\u00e8rie Col\u00b7lecci\u00f3 Segells","isPartOf":{"@id":"https:\/\/mademoisellecoline.com\/en\/#website"},"primaryImageOfPage":{"@id":"https:\/\/mademoisellecoline.com\/ca\/blog\/nova-mini-serie-col%c2%b7leccio-segells\/#primaryimage"},"image":{"@id":"https:\/\/mademoisellecoline.com\/ca\/blog\/nova-mini-serie-col%c2%b7leccio-segells\/#primaryimage"},"thumbnailUrl":"https:\/\/mademoisellecoline.com\/wp-content\/uploads\/2018\/10\/sellos-belleza-pasado-art-noveau-modernismo-anillos-zafiros-3.jpg","datePublished":"2018-10-11T21:53:20+00:00","dateModified":"2025-10-01T11:35:13+00:00","description":"Us presento la nova mini s\u00e8rie de la Col\u00b7lecci\u00f3 Segells. Espero que us agradi!\u00a0","breadcrumb":{"@id":"https:\/\/mademoisellecoline.com\/ca\/blog\/nova-mini-serie-col%c2%b7leccio-segells\/#breadcrumb"},"inLanguage":"ca","potentialAction":[{"@type":"ReadAction","target":["https:\/\/mademoisellecoline.com\/ca\/blog\/nova-mini-serie-col%c2%b7leccio-segells\/"]}]},{"@type":"ImageObject","inLanguage":"ca","@id":"https:\/\/mademoisellecoline.com\/ca\/blog\/nova-mini-serie-col%c2%b7leccio-segells\/#primaryimage","url":"https:\/\/mademoisellecoline.com\/wp-content\/uploads\/2018\/10\/sellos-belleza-pasado-art-noveau-modernismo-anillos-zafiros-3.jpg","contentUrl":"https:\/\/mademoisellecoline.com\/wp-content\/uploads\/2018\/10\/sellos-belleza-pasado-art-noveau-modernismo-anillos-zafiros-3.jpg","width":2001,"height":1480},{"@type":"BreadcrumbList","@id":"https:\/\/mademoisellecoline.com\/ca\/blog\/nova-mini-serie-col%c2%b7leccio-segells\/#breadcrumb","itemListElement":[{"@type":"ListItem","position":1,"name":"Portada","item":"https:\/\/mademoisellecoline.com\/ca\/"},{"@type":"ListItem","position":2,"name":"Nova mini s\u00e8rie Col\u00b7lecci\u00f3 Envie du Pass\u00e9"}]},{"@type":"WebSite","@id":"https:\/\/mademoisellecoline.com\/en\/#website","url":"https:\/\/mademoisellecoline.com\/en\/","name":"Mademoiselle Coline","description":"Creaciones de joyer\u00eda on\u00edricas para almas so\u00f1adoras","publisher":{"@id":"https:\/\/mademoisellecoline.com\/en\/#\/schema\/person\/a87a3358725ddb0d57e86600da53e416"},"potentialAction":[{"@type":"SearchAction","target":{"@type":"EntryPoint","urlTemplate":"https:\/\/mademoisellecoline.com\/en\/?s={search_term_string}"},"query-input":{"@type":"PropertyValueSpecification","valueRequired":true,"valueName":"search_term_string"}}],"inLanguage":"ca"},{"@type":["Person","Organization"],"@id":"https:\/\/mademoisellecoline.com\/en\/#\/schema\/person\/a87a3358725ddb0d57e86600da53e416","name":"Mademoiselle Coline","image":{"@type":"ImageObject","inLanguage":"ca","@id":"https:\/\/mademoisellecoline.com\/wp-content\/uploads\/2024\/01\/ColineNeg.jpg","url":"https:\/\/mademoisellecoline.com\/wp-content\/uploads\/2024\/01\/ColineNeg.jpg","contentUrl":"https:\/\/mademoisellecoline.com\/wp-content\/uploads\/2024\/01\/ColineNeg.jpg","width":584,"height":349,"caption":"Mademoiselle Coline"},"logo":{"@id":"https:\/\/mademoisellecoline.com\/wp-content\/uploads\/2024\/01\/ColineNeg.jpg"},"sameAs":["https:\/\/www.facebook.com\/mademoisellecoline","https:\/\/www.instagram.com\/mademoiselle_coline\/"]}]}},"_links":{"self":[{"href":"https:\/\/mademoisellecoline.com\/ca\/wp-json\/wp\/v2\/posts\/1904","targetHints":{"allow":["GET"]}}],"collection":[{"href":"https:\/\/mademoisellecoline.com\/ca\/wp-json\/wp\/v2\/posts"}],"about":[{"href":"https:\/\/mademoisellecoline.com\/ca\/wp-json\/wp\/v2\/types\/post"}],"author":[{"embeddable":true,"href":"https:\/\/mademoisellecoline.com\/ca\/wp-json\/wp\/v2\/users\/1"}],"replies":[{"embeddable":true,"href":"https:\/\/mademoisellecoline.com\/ca\/wp-json\/wp\/v2\/comments?post=1904"}],"version-history":[{"count":1,"href":"https:\/\/mademoisellecoline.com\/ca\/wp-json\/wp\/v2\/posts\/1904\/revisions"}],"predecessor-version":[{"id":37498,"href":"https:\/\/mademoisellecoline.com\/ca\/wp-json\/wp\/v2\/posts\/1904\/revisions\/37498"}],"wp:featuredmedia":[{"embeddable":true,"href":"https:\/\/mademoisellecoline.com\/ca\/wp-json\/wp\/v2\/media\/1916"}],"wp:attachment":[{"href":"https:\/\/mademoisellecoline.com\/ca\/wp-json\/wp\/v2\/media?parent=1904"}],"wp:term":[{"taxonomy":"category","embeddable":true,"href":"https:\/\/mademoisellecoline.com\/ca\/wp-json\/wp\/v2\/categories?post=1904"},{"taxonomy":"post_tag","embeddable":true,"href":"https:\/\/mademoisellecoline.com\/ca\/wp-json\/wp\/v2\/tags?post=1904"}],"curies":[{"name":"wp","href":"https:\/\/api.w.org\/{rel}","templated":true}]}}