{"id":2015,"date":"2018-11-15T14:07:33","date_gmt":"2018-11-15T14:07:33","guid":{"rendered":"https:\/\/mademoisellecoline.com\/?p=2015"},"modified":"2025-10-01T11:34:26","modified_gmt":"2025-10-01T11:34:26","slug":"barcelona-saptopa","status":"publish","type":"post","link":"https:\/\/mademoisellecoline.com\/ca\/blog\/barcelona-saptopa\/","title":{"rendered":"Barcelona s&#8217;est\u00e0 apropant a mi o jo a ella"},"content":{"rendered":"<p>Ja ho s\u00e9, de nou unes escales de Par\u00eds. \u00c9s que\u00a0<strong>s\u00f3n precioses!<\/strong> Les rajoles de sota em recorden a Barcelona.<\/p>\n<p>I \u00e9s que Barcelona s&#8217;est\u00e0 apropant a mi o jo a ella. Despr\u00e9s de 5 anys de viure a Par\u00eds torno a Barcelona. Fa temps que ho s\u00e9 i estic trista, nost\u00e0lgica, amb por&#8230; fins ara no estava llesta per a escriure sobre aix\u00f2 i \u00e9s que el meu cap no pot parar de pensar en tot el que trobar\u00e9 a faltar.<\/p>\n<p>I \u00e9s que trobar\u00e9 a faltar, sobretot, seure sota les estufes a l&#8217;hivern amb el meu caf\u00e8 cr\u00e8me i mirar la gent passar, l&#8217;est\u00e8tica delicada per tot arreu, la meva casa, els carrers amb hist\u00f2ria, la nost\u00e0lgia, els somnis, la il\u00b7luminaci\u00f3 c\u00e0lida, les meves amigues i la nostra complicitat, el metro amb la seva vida i hist\u00f2ria intensa, el somriure de la gent, perqu\u00e8 si a mi em somriuen molt, les trobades amb el amics i riure amb ells, el formatge, el meu carrer i les seves botiguetes, els mercats plens de vida, els caf\u00e8s i la seu ambient, les nits de Par\u00eds, els edificis haussmanniens, l&#8217;harmonia, el Seine, l&#8217;aprendre, la llengua francesa i el repte continu perqu\u00e8 t&#8217;entenguin, els meus mercats d&#8217;antiguitats i els monsieurs de les botiguetes que m&#8217;expliquen hist\u00f2ries, l&#8217;atelier amb la seva vida intensa, el cap de l&#8217;atelier i tot el que m&#8217;ha ensenyat, els meus companys que no deixen d&#8217;ajudar-me, observar per la finestra, els croissant i pain au chocolat, la meva habitaci\u00f3 amb les seves motllures i els seus detalls, el parquet de fusta ple de vida, de nou les meves amigues, les finestres de la sala d&#8217;estar, la Tour Eiffel que juga a amagar-se, Le nord du Marais, els parcs, els picnics a la primavera, sortir a sopar i descobrir llocs amb molt d&#8217;encant, fer de turista sent una parisenca m\u00e9s, les escales dels edificis, escales i m\u00e9s escales magn\u00edfiques, la dificultat per saber si estem en 2018 o en 1918, detalls i m\u00e9s detalls bonics, la l\u00ednia 6 del metro, el pont Bir-Hakeim, els trottinettes, els diumenges i Le jardin du Luxembourg amb el ritual del joc de la petanca, les cadires dels caf\u00e8s, l\u2019Angelina i tot el seu calor acollidor, les trobades amb els amics, els caf\u00e8s psico-filos\u00f2fics amb les meves amigues, anar a la fundici\u00f3, anar a l\u2019encastador i aprendre continuament, la f\u00eate des voisins al pati interior, les hamaques precioses per\u00f2 no molt c\u00f2modes del jard\u00ed de les Tuileries i Luxembourg, els carrers amb les seves botigues il\u00b7luminades, la grande roue m\u00e0gica de la Place de la Concorde, la sofisticaci\u00f3 com a manera de ser i fer, el cel i els seus n\u00favols passant a tota velocitat, el fred, el poder portar gorro, les manetes de les portes de casa meva, la llum m\u00e0gica de Par\u00eds, els meus restaurants preferits, la sensaci\u00f3 en el cos de felicitat, la llibertat, el trobar-se, el poder experimentar, el nostre amic de la cantonada que ens veu a dist\u00e0ncia i ens somriu, l&#8217;artesania que no desapareix, la intel\u00b7lectualitat, les terrasses a la primavera, la infinitat d&#8217;oferta cultural, la gent que he conegut de Par\u00eds i de m\u00e9s enll\u00e0&#8230;. la llista \u00a0podria ser interminable. Trobar\u00e9 a faltar tot aix\u00f2 i molt m\u00e9s, per\u00f2 ara estic conven\u00e7uda que tot aix\u00f2, que tot el viscut, que Par\u00eds no se&#8217;n va, sin\u00f3 que forma part de mi per sempre. A m\u00e9s, <strong>Mademoiselle Coline\u00a0<\/strong>ha nascut aqu\u00ed, \u00e9s d&#8217;aqu\u00ed. I \u00e9s que ni ella ni jo no pensem deixar de venir!<\/p>\n","protected":false},"excerpt":{"rendered":"<p>Ja ho s\u00e9, de nou unes escales de Par\u00eds. \u00c9s que\u00a0s\u00f3n precioses! Les rajoles de sota em recorden a Barcelona. I \u00e9s que Barcelona s&#8217;est\u00e0 apropant a mi o jo a ella. Despr\u00e9s de 5 anys de viure a Par\u00eds torno a Barcelona. Fa temps que ho s\u00e9 i estic trista, nost\u00e0lgica, amb por&#8230; fins<\/p>\n","protected":false},"author":1,"featured_media":2000,"comment_status":"open","ping_status":"open","sticky":false,"template":"","format":"standard","meta":{"_joinchat":[],"footnotes":""},"categories":[3107,3099],"tags":[3168,3172,2340,3170,3064],"class_list":["post-2015","post","type-post","status-publish","format-standard","has-post-thumbnail","hentry","category-mademoiselle-coline-ca","category-valors-joieria-sostenible","tag-joieria-a-mida","tag-joieria-personalitzada","tag-joieria-sostenible","tag-joies-fetes-a-ma","tag-peces-uniques-de-joieria-artesanal"],"yoast_head":"<!-- This site is optimized with the Yoast SEO plugin v27.4 - https:\/\/yoast.com\/product\/yoast-seo-wordpress\/ -->\n<title>Barcelona se est\u00e1 acercando a m\u00ed o yo a ella<\/title>\n<meta name=\"description\" content=\"Y es que Barcelona se est\u00e1 acercando a m\u00ed o yo a ella. Despu\u00e9s de 5 a\u00f1os de vivir en Par\u00eds vuelvo a Barcelona. Hace tiempo que lo s\u00e9 y estoy triste, nost\u00e1lgica, con miedo...\u00a0 hasta ahora no estaba lista para escribir sobre esto y es que mi cabeza no puede parar \u00a0de pensar en todo lo que echar\u00e9 \u00a0en falta.\" \/>\n<meta name=\"robots\" content=\"index, follow, max-snippet:-1, max-image-preview:large, max-video-preview:-1\" \/>\n<link rel=\"canonical\" href=\"https:\/\/mademoisellecoline.com\/ca\/blog\/barcelona-saptopa\/\" \/>\n<meta property=\"og:locale\" content=\"ca_ES\" \/>\n<meta property=\"og:type\" content=\"article\" \/>\n<meta property=\"og:title\" content=\"Barcelona se est\u00e1 acercando a m\u00ed o yo a ella\" \/>\n<meta property=\"og:description\" content=\"Y es que Barcelona se est\u00e1 acercando a m\u00ed o yo a ella. Despu\u00e9s de 5 a\u00f1os de vivir en Par\u00eds vuelvo a Barcelona. Hace tiempo que lo s\u00e9 y estoy triste, nost\u00e1lgica, con miedo...\u00a0 hasta ahora no estaba lista para escribir sobre esto y es que mi cabeza no puede parar \u00a0de pensar en todo lo que echar\u00e9 \u00a0en falta.\" \/>\n<meta property=\"og:url\" content=\"https:\/\/mademoisellecoline.com\/ca\/blog\/barcelona-saptopa\/\" \/>\n<meta property=\"og:site_name\" content=\"Mademoiselle Coline\" \/>\n<meta property=\"article:publisher\" content=\"https:\/\/www.facebook.com\/mademoisellecoline\" \/>\n<meta property=\"article:author\" content=\"https:\/\/www.facebook.com\/mademoisellecoline\" \/>\n<meta property=\"article:published_time\" content=\"2018-11-15T14:07:33+00:00\" \/>\n<meta property=\"article:modified_time\" content=\"2025-10-01T11:34:26+00:00\" \/>\n<meta property=\"og:image\" content=\"https:\/\/mademoisellecoline.com\/wp-content\/uploads\/2018\/11\/escaleras-paris-barcelona-aurevoir.jpg\" \/>\n\t<meta property=\"og:image:width\" content=\"2315\" \/>\n\t<meta property=\"og:image:height\" content=\"1970\" \/>\n\t<meta property=\"og:image:type\" content=\"image\/jpeg\" \/>\n<meta name=\"author\" content=\"Mademoiselle Coline\" \/>\n<meta name=\"twitter:card\" content=\"summary_large_image\" \/>\n<meta name=\"twitter:label1\" content=\"Escrit per\" \/>\n\t<meta name=\"twitter:data1\" content=\"Mademoiselle Coline\" \/>\n\t<meta name=\"twitter:label2\" content=\"Temps estimat de lectura\" \/>\n\t<meta name=\"twitter:data2\" content=\"3 minutes\" \/>\n<script type=\"application\/ld+json\" class=\"yoast-schema-graph\">{\"@context\":\"https:\\\/\\\/schema.org\",\"@graph\":[{\"@type\":\"Article\",\"@id\":\"https:\\\/\\\/mademoisellecoline.com\\\/ca\\\/blog\\\/barcelona-saptopa\\\/#article\",\"isPartOf\":{\"@id\":\"https:\\\/\\\/mademoisellecoline.com\\\/ca\\\/blog\\\/barcelona-saptopa\\\/\"},\"author\":{\"name\":\"Mademoiselle Coline\",\"@id\":\"https:\\\/\\\/mademoisellecoline.com\\\/en\\\/#\\\/schema\\\/person\\\/a87a3358725ddb0d57e86600da53e416\"},\"headline\":\"Barcelona s&#8217;est\u00e0 apropant a mi o jo a ella\",\"datePublished\":\"2018-11-15T14:07:33+00:00\",\"dateModified\":\"2025-10-01T11:34:26+00:00\",\"mainEntityOfPage\":{\"@id\":\"https:\\\/\\\/mademoisellecoline.com\\\/ca\\\/blog\\\/barcelona-saptopa\\\/\"},\"wordCount\":650,\"commentCount\":0,\"publisher\":{\"@id\":\"https:\\\/\\\/mademoisellecoline.com\\\/en\\\/#\\\/schema\\\/person\\\/a87a3358725ddb0d57e86600da53e416\"},\"image\":{\"@id\":\"https:\\\/\\\/mademoisellecoline.com\\\/ca\\\/blog\\\/barcelona-saptopa\\\/#primaryimage\"},\"thumbnailUrl\":\"https:\\\/\\\/mademoisellecoline.com\\\/wp-content\\\/uploads\\\/2018\\\/11\\\/escaleras-paris-barcelona-aurevoir.jpg\",\"keywords\":[\"Joieria a mida\",\"Joieria personalitzada\",\"joieria sostenible\",\"Joies fetes a m\u00e0\",\"Peces \u00faniques de joieria artesanal\"],\"articleSection\":[\"Mademoiselle Coline\",\"Valors &amp; Joieria Sostenible\"],\"inLanguage\":\"ca\",\"potentialAction\":[{\"@type\":\"CommentAction\",\"name\":\"Comment\",\"target\":[\"https:\\\/\\\/mademoisellecoline.com\\\/ca\\\/blog\\\/barcelona-saptopa\\\/#respond\"]}]},{\"@type\":\"WebPage\",\"@id\":\"https:\\\/\\\/mademoisellecoline.com\\\/ca\\\/blog\\\/barcelona-saptopa\\\/\",\"url\":\"https:\\\/\\\/mademoisellecoline.com\\\/ca\\\/blog\\\/barcelona-saptopa\\\/\",\"name\":\"Barcelona se est\u00e1 acercando a m\u00ed o yo a ella\",\"isPartOf\":{\"@id\":\"https:\\\/\\\/mademoisellecoline.com\\\/en\\\/#website\"},\"primaryImageOfPage\":{\"@id\":\"https:\\\/\\\/mademoisellecoline.com\\\/ca\\\/blog\\\/barcelona-saptopa\\\/#primaryimage\"},\"image\":{\"@id\":\"https:\\\/\\\/mademoisellecoline.com\\\/ca\\\/blog\\\/barcelona-saptopa\\\/#primaryimage\"},\"thumbnailUrl\":\"https:\\\/\\\/mademoisellecoline.com\\\/wp-content\\\/uploads\\\/2018\\\/11\\\/escaleras-paris-barcelona-aurevoir.jpg\",\"datePublished\":\"2018-11-15T14:07:33+00:00\",\"dateModified\":\"2025-10-01T11:34:26+00:00\",\"description\":\"Y es que Barcelona se est\u00e1 acercando a m\u00ed o yo a ella. Despu\u00e9s de 5 a\u00f1os de vivir en Par\u00eds vuelvo a Barcelona. Hace tiempo que lo s\u00e9 y estoy triste, nost\u00e1lgica, con miedo...\u00a0 hasta ahora no estaba lista para escribir sobre esto y es que mi cabeza no puede parar \u00a0de pensar en todo lo que echar\u00e9 \u00a0en falta.\",\"breadcrumb\":{\"@id\":\"https:\\\/\\\/mademoisellecoline.com\\\/ca\\\/blog\\\/barcelona-saptopa\\\/#breadcrumb\"},\"inLanguage\":\"ca\",\"potentialAction\":[{\"@type\":\"ReadAction\",\"target\":[\"https:\\\/\\\/mademoisellecoline.com\\\/ca\\\/blog\\\/barcelona-saptopa\\\/\"]}]},{\"@type\":\"ImageObject\",\"inLanguage\":\"ca\",\"@id\":\"https:\\\/\\\/mademoisellecoline.com\\\/ca\\\/blog\\\/barcelona-saptopa\\\/#primaryimage\",\"url\":\"https:\\\/\\\/mademoisellecoline.com\\\/wp-content\\\/uploads\\\/2018\\\/11\\\/escaleras-paris-barcelona-aurevoir.jpg\",\"contentUrl\":\"https:\\\/\\\/mademoisellecoline.com\\\/wp-content\\\/uploads\\\/2018\\\/11\\\/escaleras-paris-barcelona-aurevoir.jpg\",\"width\":2315,\"height\":1970},{\"@type\":\"BreadcrumbList\",\"@id\":\"https:\\\/\\\/mademoisellecoline.com\\\/ca\\\/blog\\\/barcelona-saptopa\\\/#breadcrumb\",\"itemListElement\":[{\"@type\":\"ListItem\",\"position\":1,\"name\":\"Portada\",\"item\":\"https:\\\/\\\/mademoisellecoline.com\\\/ca\\\/\"},{\"@type\":\"ListItem\",\"position\":2,\"name\":\"Barcelona s&#8217;est\u00e0 apropant a mi o jo a ella\"}]},{\"@type\":\"WebSite\",\"@id\":\"https:\\\/\\\/mademoisellecoline.com\\\/en\\\/#website\",\"url\":\"https:\\\/\\\/mademoisellecoline.com\\\/en\\\/\",\"name\":\"Mademoiselle Coline\",\"description\":\"Creaciones de joyer\u00eda on\u00edricas para almas so\u00f1adoras\",\"publisher\":{\"@id\":\"https:\\\/\\\/mademoisellecoline.com\\\/en\\\/#\\\/schema\\\/person\\\/a87a3358725ddb0d57e86600da53e416\"},\"potentialAction\":[{\"@type\":\"SearchAction\",\"target\":{\"@type\":\"EntryPoint\",\"urlTemplate\":\"https:\\\/\\\/mademoisellecoline.com\\\/en\\\/?s={search_term_string}\"},\"query-input\":{\"@type\":\"PropertyValueSpecification\",\"valueRequired\":true,\"valueName\":\"search_term_string\"}}],\"inLanguage\":\"ca\"},{\"@type\":[\"Person\",\"Organization\"],\"@id\":\"https:\\\/\\\/mademoisellecoline.com\\\/en\\\/#\\\/schema\\\/person\\\/a87a3358725ddb0d57e86600da53e416\",\"name\":\"Mademoiselle Coline\",\"image\":{\"@type\":\"ImageObject\",\"inLanguage\":\"ca\",\"@id\":\"https:\\\/\\\/mademoisellecoline.com\\\/wp-content\\\/uploads\\\/2024\\\/01\\\/ColineNeg.jpg\",\"url\":\"https:\\\/\\\/mademoisellecoline.com\\\/wp-content\\\/uploads\\\/2024\\\/01\\\/ColineNeg.jpg\",\"contentUrl\":\"https:\\\/\\\/mademoisellecoline.com\\\/wp-content\\\/uploads\\\/2024\\\/01\\\/ColineNeg.jpg\",\"width\":584,\"height\":349,\"caption\":\"Mademoiselle Coline\"},\"logo\":{\"@id\":\"https:\\\/\\\/mademoisellecoline.com\\\/wp-content\\\/uploads\\\/2024\\\/01\\\/ColineNeg.jpg\"},\"sameAs\":[\"https:\\\/\\\/www.facebook.com\\\/mademoisellecoline\",\"https:\\\/\\\/www.instagram.com\\\/mademoiselle_coline\\\/\"]}]}<\/script>\n<!-- \/ Yoast SEO plugin. -->","yoast_head_json":{"title":"Barcelona se est\u00e1 acercando a m\u00ed o yo a ella","description":"Y es que Barcelona se est\u00e1 acercando a m\u00ed o yo a ella. Despu\u00e9s de 5 a\u00f1os de vivir en Par\u00eds vuelvo a Barcelona. Hace tiempo que lo s\u00e9 y estoy triste, nost\u00e1lgica, con miedo...\u00a0 hasta ahora no estaba lista para escribir sobre esto y es que mi cabeza no puede parar \u00a0de pensar en todo lo que echar\u00e9 \u00a0en falta.","robots":{"index":"index","follow":"follow","max-snippet":"max-snippet:-1","max-image-preview":"max-image-preview:large","max-video-preview":"max-video-preview:-1"},"canonical":"https:\/\/mademoisellecoline.com\/ca\/blog\/barcelona-saptopa\/","og_locale":"ca_ES","og_type":"article","og_title":"Barcelona se est\u00e1 acercando a m\u00ed o yo a ella","og_description":"Y es que Barcelona se est\u00e1 acercando a m\u00ed o yo a ella. Despu\u00e9s de 5 a\u00f1os de vivir en Par\u00eds vuelvo a Barcelona. Hace tiempo que lo s\u00e9 y estoy triste, nost\u00e1lgica, con miedo...\u00a0 hasta ahora no estaba lista para escribir sobre esto y es que mi cabeza no puede parar \u00a0de pensar en todo lo que echar\u00e9 \u00a0en falta.","og_url":"https:\/\/mademoisellecoline.com\/ca\/blog\/barcelona-saptopa\/","og_site_name":"Mademoiselle Coline","article_publisher":"https:\/\/www.facebook.com\/mademoisellecoline","article_author":"https:\/\/www.facebook.com\/mademoisellecoline","article_published_time":"2018-11-15T14:07:33+00:00","article_modified_time":"2025-10-01T11:34:26+00:00","og_image":[{"width":2315,"height":1970,"url":"https:\/\/mademoisellecoline.com\/wp-content\/uploads\/2018\/11\/escaleras-paris-barcelona-aurevoir.jpg","type":"image\/jpeg"}],"author":"Mademoiselle Coline","twitter_card":"summary_large_image","twitter_misc":{"Escrit per":"Mademoiselle Coline","Temps estimat de lectura":"3 minutes"},"schema":{"@context":"https:\/\/schema.org","@graph":[{"@type":"Article","@id":"https:\/\/mademoisellecoline.com\/ca\/blog\/barcelona-saptopa\/#article","isPartOf":{"@id":"https:\/\/mademoisellecoline.com\/ca\/blog\/barcelona-saptopa\/"},"author":{"name":"Mademoiselle Coline","@id":"https:\/\/mademoisellecoline.com\/en\/#\/schema\/person\/a87a3358725ddb0d57e86600da53e416"},"headline":"Barcelona s&#8217;est\u00e0 apropant a mi o jo a ella","datePublished":"2018-11-15T14:07:33+00:00","dateModified":"2025-10-01T11:34:26+00:00","mainEntityOfPage":{"@id":"https:\/\/mademoisellecoline.com\/ca\/blog\/barcelona-saptopa\/"},"wordCount":650,"commentCount":0,"publisher":{"@id":"https:\/\/mademoisellecoline.com\/en\/#\/schema\/person\/a87a3358725ddb0d57e86600da53e416"},"image":{"@id":"https:\/\/mademoisellecoline.com\/ca\/blog\/barcelona-saptopa\/#primaryimage"},"thumbnailUrl":"https:\/\/mademoisellecoline.com\/wp-content\/uploads\/2018\/11\/escaleras-paris-barcelona-aurevoir.jpg","keywords":["Joieria a mida","Joieria personalitzada","joieria sostenible","Joies fetes a m\u00e0","Peces \u00faniques de joieria artesanal"],"articleSection":["Mademoiselle Coline","Valors &amp; Joieria Sostenible"],"inLanguage":"ca","potentialAction":[{"@type":"CommentAction","name":"Comment","target":["https:\/\/mademoisellecoline.com\/ca\/blog\/barcelona-saptopa\/#respond"]}]},{"@type":"WebPage","@id":"https:\/\/mademoisellecoline.com\/ca\/blog\/barcelona-saptopa\/","url":"https:\/\/mademoisellecoline.com\/ca\/blog\/barcelona-saptopa\/","name":"Barcelona se est\u00e1 acercando a m\u00ed o yo a ella","isPartOf":{"@id":"https:\/\/mademoisellecoline.com\/en\/#website"},"primaryImageOfPage":{"@id":"https:\/\/mademoisellecoline.com\/ca\/blog\/barcelona-saptopa\/#primaryimage"},"image":{"@id":"https:\/\/mademoisellecoline.com\/ca\/blog\/barcelona-saptopa\/#primaryimage"},"thumbnailUrl":"https:\/\/mademoisellecoline.com\/wp-content\/uploads\/2018\/11\/escaleras-paris-barcelona-aurevoir.jpg","datePublished":"2018-11-15T14:07:33+00:00","dateModified":"2025-10-01T11:34:26+00:00","description":"Y es que Barcelona se est\u00e1 acercando a m\u00ed o yo a ella. Despu\u00e9s de 5 a\u00f1os de vivir en Par\u00eds vuelvo a Barcelona. Hace tiempo que lo s\u00e9 y estoy triste, nost\u00e1lgica, con miedo...\u00a0 hasta ahora no estaba lista para escribir sobre esto y es que mi cabeza no puede parar \u00a0de pensar en todo lo que echar\u00e9 \u00a0en falta.","breadcrumb":{"@id":"https:\/\/mademoisellecoline.com\/ca\/blog\/barcelona-saptopa\/#breadcrumb"},"inLanguage":"ca","potentialAction":[{"@type":"ReadAction","target":["https:\/\/mademoisellecoline.com\/ca\/blog\/barcelona-saptopa\/"]}]},{"@type":"ImageObject","inLanguage":"ca","@id":"https:\/\/mademoisellecoline.com\/ca\/blog\/barcelona-saptopa\/#primaryimage","url":"https:\/\/mademoisellecoline.com\/wp-content\/uploads\/2018\/11\/escaleras-paris-barcelona-aurevoir.jpg","contentUrl":"https:\/\/mademoisellecoline.com\/wp-content\/uploads\/2018\/11\/escaleras-paris-barcelona-aurevoir.jpg","width":2315,"height":1970},{"@type":"BreadcrumbList","@id":"https:\/\/mademoisellecoline.com\/ca\/blog\/barcelona-saptopa\/#breadcrumb","itemListElement":[{"@type":"ListItem","position":1,"name":"Portada","item":"https:\/\/mademoisellecoline.com\/ca\/"},{"@type":"ListItem","position":2,"name":"Barcelona s&#8217;est\u00e0 apropant a mi o jo a ella"}]},{"@type":"WebSite","@id":"https:\/\/mademoisellecoline.com\/en\/#website","url":"https:\/\/mademoisellecoline.com\/en\/","name":"Mademoiselle Coline","description":"Creaciones de joyer\u00eda on\u00edricas para almas so\u00f1adoras","publisher":{"@id":"https:\/\/mademoisellecoline.com\/en\/#\/schema\/person\/a87a3358725ddb0d57e86600da53e416"},"potentialAction":[{"@type":"SearchAction","target":{"@type":"EntryPoint","urlTemplate":"https:\/\/mademoisellecoline.com\/en\/?s={search_term_string}"},"query-input":{"@type":"PropertyValueSpecification","valueRequired":true,"valueName":"search_term_string"}}],"inLanguage":"ca"},{"@type":["Person","Organization"],"@id":"https:\/\/mademoisellecoline.com\/en\/#\/schema\/person\/a87a3358725ddb0d57e86600da53e416","name":"Mademoiselle Coline","image":{"@type":"ImageObject","inLanguage":"ca","@id":"https:\/\/mademoisellecoline.com\/wp-content\/uploads\/2024\/01\/ColineNeg.jpg","url":"https:\/\/mademoisellecoline.com\/wp-content\/uploads\/2024\/01\/ColineNeg.jpg","contentUrl":"https:\/\/mademoisellecoline.com\/wp-content\/uploads\/2024\/01\/ColineNeg.jpg","width":584,"height":349,"caption":"Mademoiselle Coline"},"logo":{"@id":"https:\/\/mademoisellecoline.com\/wp-content\/uploads\/2024\/01\/ColineNeg.jpg"},"sameAs":["https:\/\/www.facebook.com\/mademoisellecoline","https:\/\/www.instagram.com\/mademoiselle_coline\/"]}]}},"_links":{"self":[{"href":"https:\/\/mademoisellecoline.com\/ca\/wp-json\/wp\/v2\/posts\/2015","targetHints":{"allow":["GET"]}}],"collection":[{"href":"https:\/\/mademoisellecoline.com\/ca\/wp-json\/wp\/v2\/posts"}],"about":[{"href":"https:\/\/mademoisellecoline.com\/ca\/wp-json\/wp\/v2\/types\/post"}],"author":[{"embeddable":true,"href":"https:\/\/mademoisellecoline.com\/ca\/wp-json\/wp\/v2\/users\/1"}],"replies":[{"embeddable":true,"href":"https:\/\/mademoisellecoline.com\/ca\/wp-json\/wp\/v2\/comments?post=2015"}],"version-history":[{"count":1,"href":"https:\/\/mademoisellecoline.com\/ca\/wp-json\/wp\/v2\/posts\/2015\/revisions"}],"predecessor-version":[{"id":37497,"href":"https:\/\/mademoisellecoline.com\/ca\/wp-json\/wp\/v2\/posts\/2015\/revisions\/37497"}],"wp:featuredmedia":[{"embeddable":true,"href":"https:\/\/mademoisellecoline.com\/ca\/wp-json\/wp\/v2\/media\/2000"}],"wp:attachment":[{"href":"https:\/\/mademoisellecoline.com\/ca\/wp-json\/wp\/v2\/media?parent=2015"}],"wp:term":[{"taxonomy":"category","embeddable":true,"href":"https:\/\/mademoisellecoline.com\/ca\/wp-json\/wp\/v2\/categories?post=2015"},{"taxonomy":"post_tag","embeddable":true,"href":"https:\/\/mademoisellecoline.com\/ca\/wp-json\/wp\/v2\/tags?post=2015"}],"curies":[{"name":"wp","href":"https:\/\/api.w.org\/{rel}","templated":true}]}}