{"id":27625,"date":"2023-03-17T09:54:10","date_gmt":"2023-03-17T09:54:10","guid":{"rendered":"https:\/\/mademoisellecoline.com\/?p=27625"},"modified":"2025-10-01T11:20:00","modified_gmt":"2025-10-01T11:20:00","slug":"col%c2%b7leccio-au-fil-du-temps","status":"publish","type":"post","link":"https:\/\/mademoisellecoline.com\/ca\/blog\/col%c2%b7leccio-au-fil-du-temps\/","title":{"rendered":"Nova Col\u00b7lecci\u00f3 Au Fil du Temps de Mademoiselle Coline"},"content":{"rendered":"<p><strong>Mademoiselle Coline<\/strong> presenta la seva nova <a href=\"https:\/\/mademoisellecoline.com\/ca\/colleccions-de-joies\/col%c2%b7leccio-au-fil-du-passe\/\"><strong>Col\u00b7lecci\u00f3 Au Fil du Temps<\/strong><\/a>, una al\u00b7legoria al temps transcorregut i a la necessitat de tornar a comen\u00e7ar.<\/p>\n<p>Una col\u00b7lecci\u00f3 que busca recuperar el temps passat, tornar al punt de partida per arribar al m\u00e9s pur. En si, a l&#8217;inici de la creaci\u00f3, la mat\u00e8ria primera, el metall en el seu estat de mal\u00b7leabilitat, al punt de fusi\u00f3, moment de m\u00e0xima puresa i bellesa.<\/p>\n<p>Donant lloc a una col\u00b7lecci\u00f3 de delicades peces pures i org\u00e0niques amb petits centelleigs de color.<\/p>\n<p><img loading=\"lazy\" decoding=\"async\" class=\"aligncenter wp-image-27667 size-full\" src=\"https:\/\/mademoisellecoline.com\/wp-content\/uploads\/2023\/03\/rings-anillos-oro-gold-mademoiselle-coline.jpg\" alt=\"\" width=\"1500\" height=\"1500\" srcset=\"https:\/\/mademoisellecoline.com\/wp-content\/uploads\/2023\/03\/rings-anillos-oro-gold-mademoiselle-coline.jpg 1500w, https:\/\/mademoisellecoline.com\/wp-content\/uploads\/2023\/03\/rings-anillos-oro-gold-mademoiselle-coline-300x300.jpg 300w, https:\/\/mademoisellecoline.com\/wp-content\/uploads\/2023\/03\/rings-anillos-oro-gold-mademoiselle-coline-1024x1024.jpg 1024w, https:\/\/mademoisellecoline.com\/wp-content\/uploads\/2023\/03\/rings-anillos-oro-gold-mademoiselle-coline-150x150.jpg 150w, https:\/\/mademoisellecoline.com\/wp-content\/uploads\/2023\/03\/rings-anillos-oro-gold-mademoiselle-coline-600x600.jpg 600w\" sizes=\"auto, (max-width: 1500px) 100vw, 1500px\" \/><\/p>\n<p>La col\u00b7lecci\u00f3 est\u00e0 formada per quatre delicad\u00edssims collarets, un anell, dos parells d\u2019arracades i una polsera. \u00c9s una col\u00b7lecci\u00f3 que es crea en Plata 925\/1000 xapada en Oro 24k I en Oro 14k i, com sempre, la marca, d\u00f3na l&#8217;opci\u00f3 de personalitzar triant entre una delicada selecci\u00f3 de pedres precioses i semiprecioses.<\/p>\n<p>Aix\u00ed mateix I sentent fidel als or\u00edgens de <strong>Mademoiselle Coline,<\/strong> totes les peces estan realitzades de manera artesanal amb metalls recuperats i reciclats ecol\u00f2gicsprocedents de la Uni\u00f3 Europea.<\/p>\n<p><strong>Mademoiselle Coline, creacions on\u00edriques per a \u00e0nimes somiadores<\/strong><\/p>\n<p><a href=\"https:\/\/mademoisellecoline.com\/ca\/colleccions-de-joies\/col%c2%b7leccio-au-fil-du-passe\/\"><em><strong>T&#8217;agradaria veure la nova col\u00b7lecci\u00f3 de Mademoiselle Coline? Link a la\u00a0Col\u00b7lecci\u00f3 Au Fil du Temps<\/strong><\/em><\/a><\/p>\n","protected":false},"excerpt":{"rendered":"<p>Mademoiselle Coline presenta la seva nova Col\u00b7lecci\u00f3 Au Fil du Temps, una al\u00b7legoria al temps transcorregut i a la necessitat de tornar a comen\u00e7ar. Una col\u00b7lecci\u00f3 que busca recuperar el temps passat, tornar al punt de partida per arribar al m\u00e9s pur. En si, a l&#8217;inici de la creaci\u00f3, la mat\u00e8ria primera, el metall en<\/p>\n","protected":false},"author":2,"featured_media":27477,"comment_status":"open","ping_status":"open","sticky":false,"template":"","format":"image","meta":{"_joinchat":[],"footnotes":""},"categories":[3060,3107],"tags":[3167,2340,3169,3170,3061],"class_list":["post-27625","post","type-post","status-publish","format-image","has-post-thumbnail","hentry","category-colleccions-de-joieria-artesanal","category-mademoiselle-coline-ca","tag-collarets-fets-a-ma","tag-joieria-sostenible","tag-joies-artesanals","tag-joies-fetes-a-ma","tag-penjolls-artesanals","post_format-post-format-image"],"yoast_head":"<!-- This site is optimized with the Yoast SEO plugin v27.4 - https:\/\/yoast.com\/product\/yoast-seo-wordpress\/ -->\n<title>Nova Col\u00b7lecci\u00f3 Au Fil du Temps de Mademoiselle Coline | Mademoiselle Coline<\/title>\n<meta name=\"description\" content=\"Col\u00b7lecci\u00f3 Au Fil du Temps de Mademoiselle Coline. Una col\u00b7lecci\u00f3 que busca recuperar el temps passat per arribar al m\u00e9s pur.\" \/>\n<meta name=\"robots\" content=\"index, follow, max-snippet:-1, max-image-preview:large, max-video-preview:-1\" \/>\n<link rel=\"canonical\" href=\"https:\/\/mademoisellecoline.com\/ca\/blog\/col\u00b7leccio-au-fil-du-temps\/\" \/>\n<meta property=\"og:locale\" content=\"ca_ES\" \/>\n<meta property=\"og:type\" content=\"article\" \/>\n<meta property=\"og:title\" content=\"Nova Col\u00b7lecci\u00f3 Soupir de Mademoiselle Coline\" \/>\n<meta property=\"og:description\" content=\"Soupir \u00e9s la nova col\u00b7lecci\u00f3 de Mademoiselle Coline inspirada en la delicadesa i nost\u00e0lgia d&#039;\u00e8poques passades.Una col\u00b7lecci\u00f3 que sospira anhels de temps llunyans. Un desig intens ens porta a una creaci\u00f3 artesanal minuciosa de peces exquisides realitzades a partir de delicats detalls antics que necessiten molt d&#039;amor per ser restaurats i tornar-los a la vida en forma de noves peces.\" \/>\n<meta property=\"og:url\" content=\"https:\/\/mademoisellecoline.com\/ca\/blog\/col\u00b7leccio-au-fil-du-temps\/\" \/>\n<meta property=\"og:site_name\" content=\"Mademoiselle Coline\" \/>\n<meta property=\"article:publisher\" content=\"https:\/\/www.facebook.com\/mademoisellecoline\" \/>\n<meta property=\"article:author\" content=\"https:\/\/www.facebook.com\/mademoisellecoline\" \/>\n<meta property=\"article:published_time\" content=\"2023-03-17T09:54:10+00:00\" \/>\n<meta property=\"article:modified_time\" content=\"2025-10-01T11:20:00+00:00\" \/>\n<meta property=\"og:image\" content=\"https:\/\/mademoisellecoline.com\/wp-content\/uploads\/2022\/09\/joyeria-hecha-a-mano-sostenible-mademoiselle-coline.jpg\" \/>\n\t<meta property=\"og:image:width\" content=\"1320\" \/>\n\t<meta property=\"og:image:height\" content=\"990\" \/>\n\t<meta property=\"og:image:type\" content=\"image\/jpeg\" \/>\n<meta name=\"author\" content=\"Mademoiselle Coline\" \/>\n<meta name=\"twitter:card\" content=\"summary_large_image\" \/>\n<meta name=\"twitter:label1\" content=\"Escrit per\" \/>\n\t<meta name=\"twitter:data1\" content=\"Mademoiselle Coline\" \/>\n\t<meta name=\"twitter:label2\" content=\"Temps estimat de lectura\" \/>\n\t<meta name=\"twitter:data2\" content=\"2 minutes\" \/>\n<script type=\"application\/ld+json\" class=\"yoast-schema-graph\">{\"@context\":\"https:\\\/\\\/schema.org\",\"@graph\":[{\"@type\":\"Article\",\"@id\":\"https:\\\/\\\/mademoisellecoline.com\\\/ca\\\/blog\\\/col%c2%b7leccio-au-fil-du-temps\\\/#article\",\"isPartOf\":{\"@id\":\"https:\\\/\\\/mademoisellecoline.com\\\/ca\\\/blog\\\/col%c2%b7leccio-au-fil-du-temps\\\/\"},\"author\":{\"name\":\"Mademoiselle Coline\",\"@id\":\"https:\\\/\\\/mademoisellecoline.com\\\/en\\\/#\\\/schema\\\/person\\\/0253827305e8993c3859f32dce4d9b97\"},\"headline\":\"Nova Col\u00b7lecci\u00f3 Au Fil du Temps de Mademoiselle Coline\",\"datePublished\":\"2023-03-17T09:54:10+00:00\",\"dateModified\":\"2025-10-01T11:20:00+00:00\",\"mainEntityOfPage\":{\"@id\":\"https:\\\/\\\/mademoisellecoline.com\\\/ca\\\/blog\\\/col%c2%b7leccio-au-fil-du-temps\\\/\"},\"wordCount\":222,\"commentCount\":0,\"publisher\":{\"@id\":\"https:\\\/\\\/mademoisellecoline.com\\\/en\\\/#\\\/schema\\\/person\\\/a87a3358725ddb0d57e86600da53e416\"},\"image\":{\"@id\":\"https:\\\/\\\/mademoisellecoline.com\\\/ca\\\/blog\\\/col%c2%b7leccio-au-fil-du-temps\\\/#primaryimage\"},\"thumbnailUrl\":\"https:\\\/\\\/mademoisellecoline.com\\\/wp-content\\\/uploads\\\/2023\\\/03\\\/collares-oro-reciclado-mademoiselle-coline.jpg\",\"keywords\":[\"Collarets fets a m\u00e0\",\"joieria sostenible\",\"Joies artesanals\",\"Joies fetes a m\u00e0\",\"Penjolls artesanals\"],\"articleSection\":[\"Col\u00b7leccions de Joieria Artesanal\",\"Mademoiselle Coline\"],\"inLanguage\":\"ca\",\"potentialAction\":[{\"@type\":\"CommentAction\",\"name\":\"Comment\",\"target\":[\"https:\\\/\\\/mademoisellecoline.com\\\/ca\\\/blog\\\/col%c2%b7leccio-au-fil-du-temps\\\/#respond\"]}]},{\"@type\":\"WebPage\",\"@id\":\"https:\\\/\\\/mademoisellecoline.com\\\/ca\\\/blog\\\/col%c2%b7leccio-au-fil-du-temps\\\/\",\"url\":\"https:\\\/\\\/mademoisellecoline.com\\\/ca\\\/blog\\\/col%c2%b7leccio-au-fil-du-temps\\\/\",\"name\":\"Nova Col\u00b7lecci\u00f3 Au Fil du Temps de Mademoiselle Coline | Mademoiselle Coline\",\"isPartOf\":{\"@id\":\"https:\\\/\\\/mademoisellecoline.com\\\/en\\\/#website\"},\"primaryImageOfPage\":{\"@id\":\"https:\\\/\\\/mademoisellecoline.com\\\/ca\\\/blog\\\/col%c2%b7leccio-au-fil-du-temps\\\/#primaryimage\"},\"image\":{\"@id\":\"https:\\\/\\\/mademoisellecoline.com\\\/ca\\\/blog\\\/col%c2%b7leccio-au-fil-du-temps\\\/#primaryimage\"},\"thumbnailUrl\":\"https:\\\/\\\/mademoisellecoline.com\\\/wp-content\\\/uploads\\\/2023\\\/03\\\/collares-oro-reciclado-mademoiselle-coline.jpg\",\"datePublished\":\"2023-03-17T09:54:10+00:00\",\"dateModified\":\"2025-10-01T11:20:00+00:00\",\"description\":\"Col\u00b7lecci\u00f3 Au Fil du Temps de Mademoiselle Coline. Una col\u00b7lecci\u00f3 que busca recuperar el temps passat per arribar al m\u00e9s pur.\",\"breadcrumb\":{\"@id\":\"https:\\\/\\\/mademoisellecoline.com\\\/ca\\\/blog\\\/col%c2%b7leccio-au-fil-du-temps\\\/#breadcrumb\"},\"inLanguage\":\"ca\",\"potentialAction\":[{\"@type\":\"ReadAction\",\"target\":[\"https:\\\/\\\/mademoisellecoline.com\\\/ca\\\/blog\\\/col%c2%b7leccio-au-fil-du-temps\\\/\"]}]},{\"@type\":\"ImageObject\",\"inLanguage\":\"ca\",\"@id\":\"https:\\\/\\\/mademoisellecoline.com\\\/ca\\\/blog\\\/col%c2%b7leccio-au-fil-du-temps\\\/#primaryimage\",\"url\":\"https:\\\/\\\/mademoisellecoline.com\\\/wp-content\\\/uploads\\\/2023\\\/03\\\/collares-oro-reciclado-mademoiselle-coline.jpg\",\"contentUrl\":\"https:\\\/\\\/mademoisellecoline.com\\\/wp-content\\\/uploads\\\/2023\\\/03\\\/collares-oro-reciclado-mademoiselle-coline.jpg\",\"width\":1500,\"height\":1500},{\"@type\":\"BreadcrumbList\",\"@id\":\"https:\\\/\\\/mademoisellecoline.com\\\/ca\\\/blog\\\/col%c2%b7leccio-au-fil-du-temps\\\/#breadcrumb\",\"itemListElement\":[{\"@type\":\"ListItem\",\"position\":1,\"name\":\"Portada\",\"item\":\"https:\\\/\\\/mademoisellecoline.com\\\/ca\\\/\"},{\"@type\":\"ListItem\",\"position\":2,\"name\":\"Nova Col\u00b7lecci\u00f3 Au Fil du Temps de Mademoiselle Coline\"}]},{\"@type\":\"WebSite\",\"@id\":\"https:\\\/\\\/mademoisellecoline.com\\\/en\\\/#website\",\"url\":\"https:\\\/\\\/mademoisellecoline.com\\\/en\\\/\",\"name\":\"Mademoiselle Coline\",\"description\":\"Creaciones de joyer\u00eda on\u00edricas para almas so\u00f1adoras\",\"publisher\":{\"@id\":\"https:\\\/\\\/mademoisellecoline.com\\\/en\\\/#\\\/schema\\\/person\\\/a87a3358725ddb0d57e86600da53e416\"},\"potentialAction\":[{\"@type\":\"SearchAction\",\"target\":{\"@type\":\"EntryPoint\",\"urlTemplate\":\"https:\\\/\\\/mademoisellecoline.com\\\/en\\\/?s={search_term_string}\"},\"query-input\":{\"@type\":\"PropertyValueSpecification\",\"valueRequired\":true,\"valueName\":\"search_term_string\"}}],\"inLanguage\":\"ca\"},{\"@type\":[\"Person\",\"Organization\"],\"@id\":\"https:\\\/\\\/mademoisellecoline.com\\\/en\\\/#\\\/schema\\\/person\\\/a87a3358725ddb0d57e86600da53e416\",\"name\":\"Mademoiselle Coline\",\"image\":{\"@type\":\"ImageObject\",\"inLanguage\":\"ca\",\"@id\":\"https:\\\/\\\/mademoisellecoline.com\\\/wp-content\\\/uploads\\\/2024\\\/01\\\/ColineNeg.jpg\",\"url\":\"https:\\\/\\\/mademoisellecoline.com\\\/wp-content\\\/uploads\\\/2024\\\/01\\\/ColineNeg.jpg\",\"contentUrl\":\"https:\\\/\\\/mademoisellecoline.com\\\/wp-content\\\/uploads\\\/2024\\\/01\\\/ColineNeg.jpg\",\"width\":584,\"height\":349,\"caption\":\"Mademoiselle Coline\"},\"logo\":{\"@id\":\"https:\\\/\\\/mademoisellecoline.com\\\/wp-content\\\/uploads\\\/2024\\\/01\\\/ColineNeg.jpg\"},\"sameAs\":[\"https:\\\/\\\/www.facebook.com\\\/mademoisellecoline\",\"https:\\\/\\\/www.instagram.com\\\/mademoiselle_coline\\\/\"]},{\"@type\":\"Person\",\"@id\":\"https:\\\/\\\/mademoisellecoline.com\\\/en\\\/#\\\/schema\\\/person\\\/0253827305e8993c3859f32dce4d9b97\",\"name\":\"Mademoiselle Coline\",\"image\":{\"@type\":\"ImageObject\",\"inLanguage\":\"ca\",\"@id\":\"https:\\\/\\\/mademoisellecoline.com\\\/wp-content\\\/litespeed\\\/avatar\\\/1b82c8537b697d562a5c233c70f8a8fb.jpg?ver=1776845874\",\"url\":\"https:\\\/\\\/mademoisellecoline.com\\\/wp-content\\\/litespeed\\\/avatar\\\/1b82c8537b697d562a5c233c70f8a8fb.jpg?ver=1776845874\",\"contentUrl\":\"https:\\\/\\\/mademoisellecoline.com\\\/wp-content\\\/litespeed\\\/avatar\\\/1b82c8537b697d562a5c233c70f8a8fb.jpg?ver=1776845874\",\"caption\":\"Mademoiselle Coline\"},\"sameAs\":[\"https:\\\/\\\/mademoisellecoline.com\",\"https:\\\/\\\/www.facebook.com\\\/mademoisellecoline\"]}]}<\/script>\n<!-- \/ Yoast SEO plugin. -->","yoast_head_json":{"title":"Nova Col\u00b7lecci\u00f3 Au Fil du Temps de Mademoiselle Coline | Mademoiselle Coline","description":"Col\u00b7lecci\u00f3 Au Fil du Temps de Mademoiselle Coline. Una col\u00b7lecci\u00f3 que busca recuperar el temps passat per arribar al m\u00e9s pur.","robots":{"index":"index","follow":"follow","max-snippet":"max-snippet:-1","max-image-preview":"max-image-preview:large","max-video-preview":"max-video-preview:-1"},"canonical":"https:\/\/mademoisellecoline.com\/ca\/blog\/col\u00b7leccio-au-fil-du-temps\/","og_locale":"ca_ES","og_type":"article","og_title":"Nova Col\u00b7lecci\u00f3 Soupir de Mademoiselle Coline","og_description":"Soupir \u00e9s la nova col\u00b7lecci\u00f3 de Mademoiselle Coline inspirada en la delicadesa i nost\u00e0lgia d'\u00e8poques passades.Una col\u00b7lecci\u00f3 que sospira anhels de temps llunyans. Un desig intens ens porta a una creaci\u00f3 artesanal minuciosa de peces exquisides realitzades a partir de delicats detalls antics que necessiten molt d'amor per ser restaurats i tornar-los a la vida en forma de noves peces.","og_url":"https:\/\/mademoisellecoline.com\/ca\/blog\/col\u00b7leccio-au-fil-du-temps\/","og_site_name":"Mademoiselle Coline","article_publisher":"https:\/\/www.facebook.com\/mademoisellecoline","article_author":"https:\/\/www.facebook.com\/mademoisellecoline","article_published_time":"2023-03-17T09:54:10+00:00","article_modified_time":"2025-10-01T11:20:00+00:00","og_image":[{"width":1320,"height":990,"url":"https:\/\/mademoisellecoline.com\/wp-content\/uploads\/2022\/09\/joyeria-hecha-a-mano-sostenible-mademoiselle-coline.jpg","type":"image\/jpeg"}],"author":"Mademoiselle Coline","twitter_card":"summary_large_image","twitter_misc":{"Escrit per":"Mademoiselle Coline","Temps estimat de lectura":"2 minutes"},"schema":{"@context":"https:\/\/schema.org","@graph":[{"@type":"Article","@id":"https:\/\/mademoisellecoline.com\/ca\/blog\/col%c2%b7leccio-au-fil-du-temps\/#article","isPartOf":{"@id":"https:\/\/mademoisellecoline.com\/ca\/blog\/col%c2%b7leccio-au-fil-du-temps\/"},"author":{"name":"Mademoiselle Coline","@id":"https:\/\/mademoisellecoline.com\/en\/#\/schema\/person\/0253827305e8993c3859f32dce4d9b97"},"headline":"Nova Col\u00b7lecci\u00f3 Au Fil du Temps de Mademoiselle Coline","datePublished":"2023-03-17T09:54:10+00:00","dateModified":"2025-10-01T11:20:00+00:00","mainEntityOfPage":{"@id":"https:\/\/mademoisellecoline.com\/ca\/blog\/col%c2%b7leccio-au-fil-du-temps\/"},"wordCount":222,"commentCount":0,"publisher":{"@id":"https:\/\/mademoisellecoline.com\/en\/#\/schema\/person\/a87a3358725ddb0d57e86600da53e416"},"image":{"@id":"https:\/\/mademoisellecoline.com\/ca\/blog\/col%c2%b7leccio-au-fil-du-temps\/#primaryimage"},"thumbnailUrl":"https:\/\/mademoisellecoline.com\/wp-content\/uploads\/2023\/03\/collares-oro-reciclado-mademoiselle-coline.jpg","keywords":["Collarets fets a m\u00e0","joieria sostenible","Joies artesanals","Joies fetes a m\u00e0","Penjolls artesanals"],"articleSection":["Col\u00b7leccions de Joieria Artesanal","Mademoiselle Coline"],"inLanguage":"ca","potentialAction":[{"@type":"CommentAction","name":"Comment","target":["https:\/\/mademoisellecoline.com\/ca\/blog\/col%c2%b7leccio-au-fil-du-temps\/#respond"]}]},{"@type":"WebPage","@id":"https:\/\/mademoisellecoline.com\/ca\/blog\/col%c2%b7leccio-au-fil-du-temps\/","url":"https:\/\/mademoisellecoline.com\/ca\/blog\/col%c2%b7leccio-au-fil-du-temps\/","name":"Nova Col\u00b7lecci\u00f3 Au Fil du Temps de Mademoiselle Coline | Mademoiselle Coline","isPartOf":{"@id":"https:\/\/mademoisellecoline.com\/en\/#website"},"primaryImageOfPage":{"@id":"https:\/\/mademoisellecoline.com\/ca\/blog\/col%c2%b7leccio-au-fil-du-temps\/#primaryimage"},"image":{"@id":"https:\/\/mademoisellecoline.com\/ca\/blog\/col%c2%b7leccio-au-fil-du-temps\/#primaryimage"},"thumbnailUrl":"https:\/\/mademoisellecoline.com\/wp-content\/uploads\/2023\/03\/collares-oro-reciclado-mademoiselle-coline.jpg","datePublished":"2023-03-17T09:54:10+00:00","dateModified":"2025-10-01T11:20:00+00:00","description":"Col\u00b7lecci\u00f3 Au Fil du Temps de Mademoiselle Coline. Una col\u00b7lecci\u00f3 que busca recuperar el temps passat per arribar al m\u00e9s pur.","breadcrumb":{"@id":"https:\/\/mademoisellecoline.com\/ca\/blog\/col%c2%b7leccio-au-fil-du-temps\/#breadcrumb"},"inLanguage":"ca","potentialAction":[{"@type":"ReadAction","target":["https:\/\/mademoisellecoline.com\/ca\/blog\/col%c2%b7leccio-au-fil-du-temps\/"]}]},{"@type":"ImageObject","inLanguage":"ca","@id":"https:\/\/mademoisellecoline.com\/ca\/blog\/col%c2%b7leccio-au-fil-du-temps\/#primaryimage","url":"https:\/\/mademoisellecoline.com\/wp-content\/uploads\/2023\/03\/collares-oro-reciclado-mademoiselle-coline.jpg","contentUrl":"https:\/\/mademoisellecoline.com\/wp-content\/uploads\/2023\/03\/collares-oro-reciclado-mademoiselle-coline.jpg","width":1500,"height":1500},{"@type":"BreadcrumbList","@id":"https:\/\/mademoisellecoline.com\/ca\/blog\/col%c2%b7leccio-au-fil-du-temps\/#breadcrumb","itemListElement":[{"@type":"ListItem","position":1,"name":"Portada","item":"https:\/\/mademoisellecoline.com\/ca\/"},{"@type":"ListItem","position":2,"name":"Nova Col\u00b7lecci\u00f3 Au Fil du Temps de Mademoiselle Coline"}]},{"@type":"WebSite","@id":"https:\/\/mademoisellecoline.com\/en\/#website","url":"https:\/\/mademoisellecoline.com\/en\/","name":"Mademoiselle Coline","description":"Creaciones de joyer\u00eda on\u00edricas para almas so\u00f1adoras","publisher":{"@id":"https:\/\/mademoisellecoline.com\/en\/#\/schema\/person\/a87a3358725ddb0d57e86600da53e416"},"potentialAction":[{"@type":"SearchAction","target":{"@type":"EntryPoint","urlTemplate":"https:\/\/mademoisellecoline.com\/en\/?s={search_term_string}"},"query-input":{"@type":"PropertyValueSpecification","valueRequired":true,"valueName":"search_term_string"}}],"inLanguage":"ca"},{"@type":["Person","Organization"],"@id":"https:\/\/mademoisellecoline.com\/en\/#\/schema\/person\/a87a3358725ddb0d57e86600da53e416","name":"Mademoiselle Coline","image":{"@type":"ImageObject","inLanguage":"ca","@id":"https:\/\/mademoisellecoline.com\/wp-content\/uploads\/2024\/01\/ColineNeg.jpg","url":"https:\/\/mademoisellecoline.com\/wp-content\/uploads\/2024\/01\/ColineNeg.jpg","contentUrl":"https:\/\/mademoisellecoline.com\/wp-content\/uploads\/2024\/01\/ColineNeg.jpg","width":584,"height":349,"caption":"Mademoiselle Coline"},"logo":{"@id":"https:\/\/mademoisellecoline.com\/wp-content\/uploads\/2024\/01\/ColineNeg.jpg"},"sameAs":["https:\/\/www.facebook.com\/mademoisellecoline","https:\/\/www.instagram.com\/mademoiselle_coline\/"]},{"@type":"Person","@id":"https:\/\/mademoisellecoline.com\/en\/#\/schema\/person\/0253827305e8993c3859f32dce4d9b97","name":"Mademoiselle Coline","image":{"@type":"ImageObject","inLanguage":"ca","@id":"https:\/\/mademoisellecoline.com\/wp-content\/litespeed\/avatar\/1b82c8537b697d562a5c233c70f8a8fb.jpg?ver=1776845874","url":"https:\/\/mademoisellecoline.com\/wp-content\/litespeed\/avatar\/1b82c8537b697d562a5c233c70f8a8fb.jpg?ver=1776845874","contentUrl":"https:\/\/mademoisellecoline.com\/wp-content\/litespeed\/avatar\/1b82c8537b697d562a5c233c70f8a8fb.jpg?ver=1776845874","caption":"Mademoiselle Coline"},"sameAs":["https:\/\/mademoisellecoline.com","https:\/\/www.facebook.com\/mademoisellecoline"]}]}},"_links":{"self":[{"href":"https:\/\/mademoisellecoline.com\/ca\/wp-json\/wp\/v2\/posts\/27625","targetHints":{"allow":["GET"]}}],"collection":[{"href":"https:\/\/mademoisellecoline.com\/ca\/wp-json\/wp\/v2\/posts"}],"about":[{"href":"https:\/\/mademoisellecoline.com\/ca\/wp-json\/wp\/v2\/types\/post"}],"author":[{"embeddable":true,"href":"https:\/\/mademoisellecoline.com\/ca\/wp-json\/wp\/v2\/users\/2"}],"replies":[{"embeddable":true,"href":"https:\/\/mademoisellecoline.com\/ca\/wp-json\/wp\/v2\/comments?post=27625"}],"version-history":[{"count":4,"href":"https:\/\/mademoisellecoline.com\/ca\/wp-json\/wp\/v2\/posts\/27625\/revisions"}],"predecessor-version":[{"id":28339,"href":"https:\/\/mademoisellecoline.com\/ca\/wp-json\/wp\/v2\/posts\/27625\/revisions\/28339"}],"wp:featuredmedia":[{"embeddable":true,"href":"https:\/\/mademoisellecoline.com\/ca\/wp-json\/wp\/v2\/media\/27477"}],"wp:attachment":[{"href":"https:\/\/mademoisellecoline.com\/ca\/wp-json\/wp\/v2\/media?parent=27625"}],"wp:term":[{"taxonomy":"category","embeddable":true,"href":"https:\/\/mademoisellecoline.com\/ca\/wp-json\/wp\/v2\/categories?post=27625"},{"taxonomy":"post_tag","embeddable":true,"href":"https:\/\/mademoisellecoline.com\/ca\/wp-json\/wp\/v2\/tags?post=27625"}],"curies":[{"name":"wp","href":"https:\/\/api.w.org\/{rel}","templated":true}]}}