{"id":37641,"date":"2025-11-16T14:16:05","date_gmt":"2025-11-16T14:16:05","guid":{"rendered":"https:\/\/mademoisellecoline.com\/?p=37641"},"modified":"2025-11-16T16:50:12","modified_gmt":"2025-11-16T16:50:12","slug":"celebrar-se","status":"publish","type":"post","link":"https:\/\/mademoisellecoline.com\/ca\/blog\/celebrar-se\/","title":{"rendered":"Un gest per a una mateixa, subtil i delicat, com una manera silenciosa de celebrar-se"},"content":{"rendered":"<h2>A l\u2019atelier, cada pe\u00e7a es crea a m\u00e0, seguint el ritme lent i pausat de l\u2019artesania<\/h2>\n<p>Cada joia est\u00e0 creada seguint la t\u00e8cnica tradicional de la joieria artesanal. Cada detall, cada acabat, cada decisi\u00f3 forma part d\u2019un proc\u00e9s \u00edntim i conscient, pensat per donar forma a all\u00f2 que t\u00e9 significat. Les <a href=\"https:\/\/mademoisellecoline.com\/ca\/colleccions-joies-fetes-a-ma-artesanals-2\/\">Col\u00b7leccions de Mademoiselle Coline<\/a> neixen des de la calma, inspirades en la bellesa a trav\u00e9s del temps. Cada pe\u00e7a sost\u00e9 all\u00f2 delicat, all\u00f2 essencial, all\u00f2 que es reconeix sense necessitat de ser explicat.<\/p>\n<p>De vegades, una joia simplement espera ser trobada. Altres vegades, es pot personalitzar o servir com a punt de partida per a una nova creaci\u00f3: una joia a mida, pensada nom\u00e9s per a tu.<\/p>\n<p>Mademoiselle Coline \u00e9s tamb\u00e9 el reflex de totes aquelles dones que somiem, creem i perseguim all\u00f2 que estimem. Una mirada sensible al m\u00f3n i a la bellesa que l\u2019habita.<\/p>\n<p>Potser ara \u00e9s el moment de pensar en tu, amb calma, i escollir alguna cosa nom\u00e9s per a tu: una car\u00edcia subtil per celebrar-se.<\/p>\n<p>Et convido a descobrir-ne m\u00e9s a la <a href=\"https:\/\/mademoisellecoline.com\/ca\/botiga-joies-fetes-a-ma-2\/\">botiga online<\/a> o a <a href=\"mailto: contact@mademoisellecoline.com\">escriure\u2019m<\/a> si vols parlar-ne \u2728<\/p>\n<p><img loading=\"lazy\" decoding=\"async\" class=\"alignnone wp-image-37639 size-full\" src=\"https:\/\/mademoisellecoline.com\/wp-content\/uploads\/2025\/11\/mademoiselle-coline-2025.jpg\" alt=\"\" width=\"1198\" height=\"799\" data-wp-editing=\"1\" \/><\/p>\n","protected":false},"excerpt":{"rendered":"<p>A l\u2019atelier, cada pe\u00e7a es crea a m\u00e0, seguint el ritme lent i pausat de l\u2019artesania Cada joia est\u00e0 creada seguint la t\u00e8cnica tradicional de la joieria artesanal. Cada detall, cada acabat, cada decisi\u00f3 forma part d\u2019un proc\u00e9s \u00edntim i conscient, pensat per donar forma a all\u00f2 que t\u00e9 significat. Les Col\u00b7leccions de Mademoiselle Coline<\/p>\n","protected":false},"author":2,"featured_media":37640,"comment_status":"open","ping_status":"open","sticky":false,"template":"","format":"standard","meta":{"_joinchat":[],"footnotes":""},"categories":[3060],"tags":[3168,3169,3170],"class_list":["post-37641","post","type-post","status-publish","format-standard","has-post-thumbnail","hentry","category-colleccions-de-joieria-artesanal","tag-joieria-a-mida","tag-joies-artesanals","tag-joies-fetes-a-ma"],"yoast_head":"<!-- This site is optimized with the Yoast SEO plugin v27.4 - https:\/\/yoast.com\/product\/yoast-seo-wordpress\/ -->\n<title>Joieria artesanal feta a m\u00e0 | Mademoiselle Coline<\/title>\n<meta name=\"description\" content=\"&#x2728;\" \/>\n<meta name=\"robots\" content=\"index, follow, max-snippet:-1, max-image-preview:large, max-video-preview:-1\" \/>\n<link rel=\"canonical\" href=\"https:\/\/mademoisellecoline.com\/ca\/blog\/celebrar-se\/\" \/>\n<meta property=\"og:locale\" content=\"ca_ES\" \/>\n<meta property=\"og:type\" content=\"article\" \/>\n<meta property=\"og:title\" content=\"Joieria artesanal feta a m\u00e0 | Mademoiselle Coline\" \/>\n<meta property=\"og:description\" content=\"&#x2728;\" \/>\n<meta property=\"og:url\" content=\"https:\/\/mademoisellecoline.com\/ca\/blog\/celebrar-se\/\" \/>\n<meta property=\"og:site_name\" content=\"Mademoiselle Coline\" \/>\n<meta property=\"article:publisher\" content=\"https:\/\/www.facebook.com\/mademoisellecoline\" \/>\n<meta property=\"article:author\" content=\"https:\/\/www.facebook.com\/mademoisellecoline\" \/>\n<meta property=\"article:published_time\" content=\"2025-11-16T14:16:05+00:00\" \/>\n<meta property=\"article:modified_time\" content=\"2025-11-16T16:50:12+00:00\" \/>\n<meta property=\"og:image\" content=\"https:\/\/mademoisellecoline.com\/wp-content\/uploads\/2025\/11\/mademoiselle-coline-.jpg\" \/>\n\t<meta property=\"og:image:width\" content=\"1170\" \/>\n\t<meta property=\"og:image:height\" content=\"1249\" \/>\n\t<meta property=\"og:image:type\" content=\"image\/jpeg\" \/>\n<meta name=\"author\" content=\"Mademoiselle Coline\" \/>\n<meta name=\"twitter:card\" content=\"summary_large_image\" \/>\n<meta name=\"twitter:label1\" content=\"Escrit per\" \/>\n\t<meta name=\"twitter:data1\" content=\"Mademoiselle Coline\" \/>\n\t<meta name=\"twitter:label2\" content=\"Temps estimat de lectura\" \/>\n\t<meta name=\"twitter:data2\" content=\"2 minutes\" \/>\n<script type=\"application\/ld+json\" class=\"yoast-schema-graph\">{\"@context\":\"https:\\\/\\\/schema.org\",\"@graph\":[{\"@type\":\"Article\",\"@id\":\"https:\\\/\\\/mademoisellecoline.com\\\/ca\\\/blog\\\/celebrar-se\\\/#article\",\"isPartOf\":{\"@id\":\"https:\\\/\\\/mademoisellecoline.com\\\/ca\\\/blog\\\/celebrar-se\\\/\"},\"author\":{\"name\":\"Mademoiselle Coline\",\"@id\":\"https:\\\/\\\/mademoisellecoline.com\\\/en\\\/#\\\/schema\\\/person\\\/0253827305e8993c3859f32dce4d9b97\"},\"headline\":\"Un gest per a una mateixa, subtil i delicat, com una manera silenciosa de celebrar-se\",\"datePublished\":\"2025-11-16T14:16:05+00:00\",\"dateModified\":\"2025-11-16T16:50:12+00:00\",\"mainEntityOfPage\":{\"@id\":\"https:\\\/\\\/mademoisellecoline.com\\\/ca\\\/blog\\\/celebrar-se\\\/\"},\"wordCount\":217,\"commentCount\":0,\"publisher\":{\"@id\":\"https:\\\/\\\/mademoisellecoline.com\\\/en\\\/#\\\/schema\\\/person\\\/a87a3358725ddb0d57e86600da53e416\"},\"image\":{\"@id\":\"https:\\\/\\\/mademoisellecoline.com\\\/ca\\\/blog\\\/celebrar-se\\\/#primaryimage\"},\"thumbnailUrl\":\"https:\\\/\\\/mademoisellecoline.com\\\/wp-content\\\/uploads\\\/2025\\\/11\\\/mademoiselle-coline-.jpg\",\"keywords\":[\"Joieria a mida\",\"Joies artesanals\",\"Joies fetes a m\u00e0\"],\"articleSection\":[\"Col\u00b7leccions de Joieria Artesanal\"],\"inLanguage\":\"ca\",\"potentialAction\":[{\"@type\":\"CommentAction\",\"name\":\"Comment\",\"target\":[\"https:\\\/\\\/mademoisellecoline.com\\\/ca\\\/blog\\\/celebrar-se\\\/#respond\"]}]},{\"@type\":\"WebPage\",\"@id\":\"https:\\\/\\\/mademoisellecoline.com\\\/ca\\\/blog\\\/celebrar-se\\\/\",\"url\":\"https:\\\/\\\/mademoisellecoline.com\\\/ca\\\/blog\\\/celebrar-se\\\/\",\"name\":\"Joieria artesanal feta a m\u00e0 | Mademoiselle Coline\",\"isPartOf\":{\"@id\":\"https:\\\/\\\/mademoisellecoline.com\\\/en\\\/#website\"},\"primaryImageOfPage\":{\"@id\":\"https:\\\/\\\/mademoisellecoline.com\\\/ca\\\/blog\\\/celebrar-se\\\/#primaryimage\"},\"image\":{\"@id\":\"https:\\\/\\\/mademoisellecoline.com\\\/ca\\\/blog\\\/celebrar-se\\\/#primaryimage\"},\"thumbnailUrl\":\"https:\\\/\\\/mademoisellecoline.com\\\/wp-content\\\/uploads\\\/2025\\\/11\\\/mademoiselle-coline-.jpg\",\"datePublished\":\"2025-11-16T14:16:05+00:00\",\"dateModified\":\"2025-11-16T16:50:12+00:00\",\"description\":\"&#x2728;\",\"breadcrumb\":{\"@id\":\"https:\\\/\\\/mademoisellecoline.com\\\/ca\\\/blog\\\/celebrar-se\\\/#breadcrumb\"},\"inLanguage\":\"ca\",\"potentialAction\":[{\"@type\":\"ReadAction\",\"target\":[\"https:\\\/\\\/mademoisellecoline.com\\\/ca\\\/blog\\\/celebrar-se\\\/\"]}]},{\"@type\":\"ImageObject\",\"inLanguage\":\"ca\",\"@id\":\"https:\\\/\\\/mademoisellecoline.com\\\/ca\\\/blog\\\/celebrar-se\\\/#primaryimage\",\"url\":\"https:\\\/\\\/mademoisellecoline.com\\\/wp-content\\\/uploads\\\/2025\\\/11\\\/mademoiselle-coline-.jpg\",\"contentUrl\":\"https:\\\/\\\/mademoisellecoline.com\\\/wp-content\\\/uploads\\\/2025\\\/11\\\/mademoiselle-coline-.jpg\",\"width\":1170,\"height\":1249,\"caption\":\"Screenshot\"},{\"@type\":\"BreadcrumbList\",\"@id\":\"https:\\\/\\\/mademoisellecoline.com\\\/ca\\\/blog\\\/celebrar-se\\\/#breadcrumb\",\"itemListElement\":[{\"@type\":\"ListItem\",\"position\":1,\"name\":\"Portada\",\"item\":\"https:\\\/\\\/mademoisellecoline.com\\\/ca\\\/\"},{\"@type\":\"ListItem\",\"position\":2,\"name\":\"Un gest per a una mateixa, subtil i delicat, com una manera silenciosa de celebrar-se\"}]},{\"@type\":\"WebSite\",\"@id\":\"https:\\\/\\\/mademoisellecoline.com\\\/en\\\/#website\",\"url\":\"https:\\\/\\\/mademoisellecoline.com\\\/en\\\/\",\"name\":\"Mademoiselle Coline\",\"description\":\"Creaciones de joyer\u00eda on\u00edricas para almas so\u00f1adoras\",\"publisher\":{\"@id\":\"https:\\\/\\\/mademoisellecoline.com\\\/en\\\/#\\\/schema\\\/person\\\/a87a3358725ddb0d57e86600da53e416\"},\"potentialAction\":[{\"@type\":\"SearchAction\",\"target\":{\"@type\":\"EntryPoint\",\"urlTemplate\":\"https:\\\/\\\/mademoisellecoline.com\\\/en\\\/?s={search_term_string}\"},\"query-input\":{\"@type\":\"PropertyValueSpecification\",\"valueRequired\":true,\"valueName\":\"search_term_string\"}}],\"inLanguage\":\"ca\"},{\"@type\":[\"Person\",\"Organization\"],\"@id\":\"https:\\\/\\\/mademoisellecoline.com\\\/en\\\/#\\\/schema\\\/person\\\/a87a3358725ddb0d57e86600da53e416\",\"name\":\"Mademoiselle Coline\",\"image\":{\"@type\":\"ImageObject\",\"inLanguage\":\"ca\",\"@id\":\"https:\\\/\\\/mademoisellecoline.com\\\/wp-content\\\/uploads\\\/2024\\\/01\\\/ColineNeg.jpg\",\"url\":\"https:\\\/\\\/mademoisellecoline.com\\\/wp-content\\\/uploads\\\/2024\\\/01\\\/ColineNeg.jpg\",\"contentUrl\":\"https:\\\/\\\/mademoisellecoline.com\\\/wp-content\\\/uploads\\\/2024\\\/01\\\/ColineNeg.jpg\",\"width\":584,\"height\":349,\"caption\":\"Mademoiselle Coline\"},\"logo\":{\"@id\":\"https:\\\/\\\/mademoisellecoline.com\\\/wp-content\\\/uploads\\\/2024\\\/01\\\/ColineNeg.jpg\"},\"sameAs\":[\"https:\\\/\\\/www.facebook.com\\\/mademoisellecoline\",\"https:\\\/\\\/www.instagram.com\\\/mademoiselle_coline\\\/\"]},{\"@type\":\"Person\",\"@id\":\"https:\\\/\\\/mademoisellecoline.com\\\/en\\\/#\\\/schema\\\/person\\\/0253827305e8993c3859f32dce4d9b97\",\"name\":\"Mademoiselle Coline\",\"image\":{\"@type\":\"ImageObject\",\"inLanguage\":\"ca\",\"@id\":\"https:\\\/\\\/mademoisellecoline.com\\\/wp-content\\\/litespeed\\\/avatar\\\/1b82c8537b697d562a5c233c70f8a8fb.jpg?ver=1776845874\",\"url\":\"https:\\\/\\\/mademoisellecoline.com\\\/wp-content\\\/litespeed\\\/avatar\\\/1b82c8537b697d562a5c233c70f8a8fb.jpg?ver=1776845874\",\"contentUrl\":\"https:\\\/\\\/mademoisellecoline.com\\\/wp-content\\\/litespeed\\\/avatar\\\/1b82c8537b697d562a5c233c70f8a8fb.jpg?ver=1776845874\",\"caption\":\"Mademoiselle Coline\"},\"sameAs\":[\"https:\\\/\\\/mademoisellecoline.com\",\"https:\\\/\\\/www.facebook.com\\\/mademoisellecoline\"]}]}<\/script>\n<!-- \/ Yoast SEO plugin. -->","yoast_head_json":{"title":"Joieria artesanal feta a m\u00e0 | Mademoiselle Coline","description":"&#x2728;","robots":{"index":"index","follow":"follow","max-snippet":"max-snippet:-1","max-image-preview":"max-image-preview:large","max-video-preview":"max-video-preview:-1"},"canonical":"https:\/\/mademoisellecoline.com\/ca\/blog\/celebrar-se\/","og_locale":"ca_ES","og_type":"article","og_title":"Joieria artesanal feta a m\u00e0 | Mademoiselle Coline","og_description":"&#x2728;","og_url":"https:\/\/mademoisellecoline.com\/ca\/blog\/celebrar-se\/","og_site_name":"Mademoiselle Coline","article_publisher":"https:\/\/www.facebook.com\/mademoisellecoline","article_author":"https:\/\/www.facebook.com\/mademoisellecoline","article_published_time":"2025-11-16T14:16:05+00:00","article_modified_time":"2025-11-16T16:50:12+00:00","og_image":[{"width":1170,"height":1249,"url":"https:\/\/mademoisellecoline.com\/wp-content\/uploads\/2025\/11\/mademoiselle-coline-.jpg","type":"image\/jpeg"}],"author":"Mademoiselle Coline","twitter_card":"summary_large_image","twitter_misc":{"Escrit per":"Mademoiselle Coline","Temps estimat de lectura":"2 minutes"},"schema":{"@context":"https:\/\/schema.org","@graph":[{"@type":"Article","@id":"https:\/\/mademoisellecoline.com\/ca\/blog\/celebrar-se\/#article","isPartOf":{"@id":"https:\/\/mademoisellecoline.com\/ca\/blog\/celebrar-se\/"},"author":{"name":"Mademoiselle Coline","@id":"https:\/\/mademoisellecoline.com\/en\/#\/schema\/person\/0253827305e8993c3859f32dce4d9b97"},"headline":"Un gest per a una mateixa, subtil i delicat, com una manera silenciosa de celebrar-se","datePublished":"2025-11-16T14:16:05+00:00","dateModified":"2025-11-16T16:50:12+00:00","mainEntityOfPage":{"@id":"https:\/\/mademoisellecoline.com\/ca\/blog\/celebrar-se\/"},"wordCount":217,"commentCount":0,"publisher":{"@id":"https:\/\/mademoisellecoline.com\/en\/#\/schema\/person\/a87a3358725ddb0d57e86600da53e416"},"image":{"@id":"https:\/\/mademoisellecoline.com\/ca\/blog\/celebrar-se\/#primaryimage"},"thumbnailUrl":"https:\/\/mademoisellecoline.com\/wp-content\/uploads\/2025\/11\/mademoiselle-coline-.jpg","keywords":["Joieria a mida","Joies artesanals","Joies fetes a m\u00e0"],"articleSection":["Col\u00b7leccions de Joieria Artesanal"],"inLanguage":"ca","potentialAction":[{"@type":"CommentAction","name":"Comment","target":["https:\/\/mademoisellecoline.com\/ca\/blog\/celebrar-se\/#respond"]}]},{"@type":"WebPage","@id":"https:\/\/mademoisellecoline.com\/ca\/blog\/celebrar-se\/","url":"https:\/\/mademoisellecoline.com\/ca\/blog\/celebrar-se\/","name":"Joieria artesanal feta a m\u00e0 | Mademoiselle Coline","isPartOf":{"@id":"https:\/\/mademoisellecoline.com\/en\/#website"},"primaryImageOfPage":{"@id":"https:\/\/mademoisellecoline.com\/ca\/blog\/celebrar-se\/#primaryimage"},"image":{"@id":"https:\/\/mademoisellecoline.com\/ca\/blog\/celebrar-se\/#primaryimage"},"thumbnailUrl":"https:\/\/mademoisellecoline.com\/wp-content\/uploads\/2025\/11\/mademoiselle-coline-.jpg","datePublished":"2025-11-16T14:16:05+00:00","dateModified":"2025-11-16T16:50:12+00:00","description":"&#x2728;","breadcrumb":{"@id":"https:\/\/mademoisellecoline.com\/ca\/blog\/celebrar-se\/#breadcrumb"},"inLanguage":"ca","potentialAction":[{"@type":"ReadAction","target":["https:\/\/mademoisellecoline.com\/ca\/blog\/celebrar-se\/"]}]},{"@type":"ImageObject","inLanguage":"ca","@id":"https:\/\/mademoisellecoline.com\/ca\/blog\/celebrar-se\/#primaryimage","url":"https:\/\/mademoisellecoline.com\/wp-content\/uploads\/2025\/11\/mademoiselle-coline-.jpg","contentUrl":"https:\/\/mademoisellecoline.com\/wp-content\/uploads\/2025\/11\/mademoiselle-coline-.jpg","width":1170,"height":1249,"caption":"Screenshot"},{"@type":"BreadcrumbList","@id":"https:\/\/mademoisellecoline.com\/ca\/blog\/celebrar-se\/#breadcrumb","itemListElement":[{"@type":"ListItem","position":1,"name":"Portada","item":"https:\/\/mademoisellecoline.com\/ca\/"},{"@type":"ListItem","position":2,"name":"Un gest per a una mateixa, subtil i delicat, com una manera silenciosa de celebrar-se"}]},{"@type":"WebSite","@id":"https:\/\/mademoisellecoline.com\/en\/#website","url":"https:\/\/mademoisellecoline.com\/en\/","name":"Mademoiselle Coline","description":"Creaciones de joyer\u00eda on\u00edricas para almas so\u00f1adoras","publisher":{"@id":"https:\/\/mademoisellecoline.com\/en\/#\/schema\/person\/a87a3358725ddb0d57e86600da53e416"},"potentialAction":[{"@type":"SearchAction","target":{"@type":"EntryPoint","urlTemplate":"https:\/\/mademoisellecoline.com\/en\/?s={search_term_string}"},"query-input":{"@type":"PropertyValueSpecification","valueRequired":true,"valueName":"search_term_string"}}],"inLanguage":"ca"},{"@type":["Person","Organization"],"@id":"https:\/\/mademoisellecoline.com\/en\/#\/schema\/person\/a87a3358725ddb0d57e86600da53e416","name":"Mademoiselle Coline","image":{"@type":"ImageObject","inLanguage":"ca","@id":"https:\/\/mademoisellecoline.com\/wp-content\/uploads\/2024\/01\/ColineNeg.jpg","url":"https:\/\/mademoisellecoline.com\/wp-content\/uploads\/2024\/01\/ColineNeg.jpg","contentUrl":"https:\/\/mademoisellecoline.com\/wp-content\/uploads\/2024\/01\/ColineNeg.jpg","width":584,"height":349,"caption":"Mademoiselle Coline"},"logo":{"@id":"https:\/\/mademoisellecoline.com\/wp-content\/uploads\/2024\/01\/ColineNeg.jpg"},"sameAs":["https:\/\/www.facebook.com\/mademoisellecoline","https:\/\/www.instagram.com\/mademoiselle_coline\/"]},{"@type":"Person","@id":"https:\/\/mademoisellecoline.com\/en\/#\/schema\/person\/0253827305e8993c3859f32dce4d9b97","name":"Mademoiselle Coline","image":{"@type":"ImageObject","inLanguage":"ca","@id":"https:\/\/mademoisellecoline.com\/wp-content\/litespeed\/avatar\/1b82c8537b697d562a5c233c70f8a8fb.jpg?ver=1776845874","url":"https:\/\/mademoisellecoline.com\/wp-content\/litespeed\/avatar\/1b82c8537b697d562a5c233c70f8a8fb.jpg?ver=1776845874","contentUrl":"https:\/\/mademoisellecoline.com\/wp-content\/litespeed\/avatar\/1b82c8537b697d562a5c233c70f8a8fb.jpg?ver=1776845874","caption":"Mademoiselle Coline"},"sameAs":["https:\/\/mademoisellecoline.com","https:\/\/www.facebook.com\/mademoisellecoline"]}]}},"_links":{"self":[{"href":"https:\/\/mademoisellecoline.com\/ca\/wp-json\/wp\/v2\/posts\/37641","targetHints":{"allow":["GET"]}}],"collection":[{"href":"https:\/\/mademoisellecoline.com\/ca\/wp-json\/wp\/v2\/posts"}],"about":[{"href":"https:\/\/mademoisellecoline.com\/ca\/wp-json\/wp\/v2\/types\/post"}],"author":[{"embeddable":true,"href":"https:\/\/mademoisellecoline.com\/ca\/wp-json\/wp\/v2\/users\/2"}],"replies":[{"embeddable":true,"href":"https:\/\/mademoisellecoline.com\/ca\/wp-json\/wp\/v2\/comments?post=37641"}],"version-history":[{"count":5,"href":"https:\/\/mademoisellecoline.com\/ca\/wp-json\/wp\/v2\/posts\/37641\/revisions"}],"predecessor-version":[{"id":37667,"href":"https:\/\/mademoisellecoline.com\/ca\/wp-json\/wp\/v2\/posts\/37641\/revisions\/37667"}],"wp:featuredmedia":[{"embeddable":true,"href":"https:\/\/mademoisellecoline.com\/ca\/wp-json\/wp\/v2\/media\/37640"}],"wp:attachment":[{"href":"https:\/\/mademoisellecoline.com\/ca\/wp-json\/wp\/v2\/media?parent=37641"}],"wp:term":[{"taxonomy":"category","embeddable":true,"href":"https:\/\/mademoisellecoline.com\/ca\/wp-json\/wp\/v2\/categories?post=37641"},{"taxonomy":"post_tag","embeddable":true,"href":"https:\/\/mademoisellecoline.com\/ca\/wp-json\/wp\/v2\/tags?post=37641"}],"curies":[{"name":"wp","href":"https:\/\/api.w.org\/{rel}","templated":true}]}}