{"id":39366,"date":"2026-03-05T12:03:50","date_gmt":"2026-03-05T12:03:50","guid":{"rendered":"https:\/\/mademoisellecoline.com\/?p=39366"},"modified":"2026-03-05T12:03:50","modified_gmt":"2026-03-05T12:03:50","slug":"ella-la-que-ens-inspira-joieria-artesanal","status":"publish","type":"post","link":"https:\/\/mademoisellecoline.com\/ca\/blog\/ella-la-que-ens-inspira-joieria-artesanal\/","title":{"rendered":"Ella, la que ens inspira"},"content":{"rendered":"<h2>La mirada que dona forma a la nostra joieria artesanal<\/h2>\n<p>Ella \u00e9s sensibilitat i car\u00e0cter.<br \/>\n\u00c9s intu\u00efci\u00f3 i perseveran\u00e7a.<br \/>\n\u00c9s aquella part de nosaltres que busca l\u2019harmonia i desitja envoltar-se de bellesa.<\/p>\n<p>Mademoiselle Coline simbolitza aquesta dona. Una dona imagin\u00e0ria i alhora real. Una dona que transcendeix el temps i representa totes aquelles que senten, creen i persegueixen all\u00f2 que somien.<\/p>\n<p>D\u2019ella neix la mirada que dona forma a la nostra <a href=\"https:\/\/mademoisellecoline.com\/ca\/botiga-joies-fetes-a-ma-2\/\">joieria artesanal<\/a>.<\/p>\n<h2>El valor d\u2019una joieria feta a m\u00e0<\/h2>\n<p>A l\u2019atelier, aquesta mirada pren forma. El temps s\u2019alenteix. Cada pe\u00e7a de joieria feta a m\u00e0 es treballa seguint les t\u00e8cniques tradicionals de l\u2019artesania. Res no \u00e9s immediat. Res no \u00e9s autom\u00e0tic. Tot passa per les mans, per l\u2019atenci\u00f3, per la intenci\u00f3.<\/p>\n<p>Cada pe\u00e7a es crea a m\u00e0, de manera artesanal, amb atenci\u00f3 a cada detall. Aquesta cura li confereix un car\u00e0cter \u00fanic i personal.<\/p>\n<p>Creem col\u00b7leccions pr\u00f2pies, <a href=\"https:\/\/mademoisellecoline.com\/ca\/colleccions-joies-fetes-a-ma-artesanals-2\/envie-du-passe\/\">peces \u00faniques<\/a> i <a href=\"https:\/\/mademoisellecoline.com\/ca\/colleccions-joies-fetes-a-ma-artesanals-2\/atelier-coline-a-mida-2\/\">joies personalitzades<\/a>. S\u2019utilitzen metalls reciclats, amb respecte per la mat\u00e8ria i els seus cicles, dins d\u2019un comprom\u00eds \u00e8tic i sostenible que forma part del proc\u00e9s de manera natural.<\/p>\n<p>\u00c9s en aquest ritme pausat on la joieria artesanal troba el seu veritable sentit. No nom\u00e9s en la t\u00e8cnica, sin\u00f3 en la intenci\u00f3 que la guia.<\/p>\n<h2><img loading=\"lazy\" decoding=\"async\" class=\"alignnone wp-image-39363 size-full\" src=\"https:\/\/mademoisellecoline.com\/wp-content\/uploads\/2026\/03\/handmade-jewelry-ethical-paris-barcelona-coline.jpg\" alt=\"\" width=\"1198\" height=\"800\" \/><\/h2>\n<h2>\u00a0Joies artesanals amb significat<\/h2>\n<p>I aquest sentit troba la seva forma quan una dona la tria.<\/p>\n<p>La majoria de vegades, \u00e9s ella qui la fa seva.<br \/>\nPerqu\u00e8 alguna cosa dins seu ressona.<br \/>\nPerqu\u00e8 simbolitza un moment.<br \/>\nUn comprom\u00eds amb ella mateixa.<br \/>\nUn comen\u00e7ament.<br \/>\nUna decisi\u00f3 presa en silenci.<\/p>\n<p>No \u00e9s un simple gest. \u00c9s una manera de recon\u00e8ixer-se. De valorar-se. De tractar-se amb delicadesa.<\/p>\n<p>Altres vegades, la intenci\u00f3 es despla\u00e7a i la joia troba un altre dest\u00ed.<br \/>\nViatja d\u2019una dona a una altra.<br \/>\nCom a s\u00edmbol d\u2019amistat, de gratitud, d\u2019amor.<br \/>\nUn gest que diu molt sense necessitat de paraules.<\/p>\n<p>Aix\u00ed, all\u00f2 que neix a l\u2019atelier es converteix en alguna cosa m\u00e9s que una joia.<\/p>\n<p>Es converteix en vincle.<br \/>\nEntre la creadora i qui la porta.<br \/>\nEntre una dona i la seva pr\u00f2pia hist\u00f2ria.<br \/>\nEntre dones que comparteixen un moment, un missatge, una emoci\u00f3.<\/p>\n<p>En aix\u00f2 es troba l\u2019ess\u00e8ncia de la<a href=\"https:\/\/mademoisellecoline.com\/ca\/colleccions-joies-fetes-a-ma-artesanals-2\/\"> joieria artesanal<\/a>: peces creades amb intenci\u00f3.<br \/>\nPerqu\u00e8 la bellesa va m\u00e9s enll\u00e0 de la pe\u00e7a de joieria.<br \/>\nEs troba en all\u00f2 que desperta.<br \/>\nEn all\u00f2 que acompanya.<br \/>\nEn all\u00f2 que uneix.<\/p>\n<p>Crear \u00e9s compartir.<br \/>\nCompartir \u00e9s bellesa.<br \/>\nI la bellesa, al capdavall, sempre ha estat una manera d\u2019estimar.<\/p>\n<p><strong>Per totes nosaltres <\/strong><strong><span style=\"color: #c04ba4; font-size: 22px;\">&#x2665;<\/span><\/strong><\/p>\n<p><img loading=\"lazy\" decoding=\"async\" class=\"alignnone wp-image-39364 size-full\" src=\"https:\/\/mademoisellecoline.com\/wp-content\/uploads\/2026\/03\/handmade-jewelry-ethical-barcelona-paris-coline.jpg\" alt=\"\" width=\"1198\" height=\"799\" \/><\/p>\n","protected":false},"excerpt":{"rendered":"<p>La mirada que dona forma a la nostra joieria artesanal Ella \u00e9s sensibilitat i car\u00e0cter. \u00c9s intu\u00efci\u00f3 i perseveran\u00e7a. \u00c9s aquella part de nosaltres que busca l\u2019harmonia i desitja envoltar-se de bellesa. Mademoiselle Coline simbolitza aquesta dona. Una dona imagin\u00e0ria i alhora real. Una dona que transcendeix el temps i representa totes aquelles que senten,<\/p>\n","protected":false},"author":2,"featured_media":39365,"comment_status":"open","ping_status":"open","sticky":false,"template":"","format":"standard","meta":{"_joinchat":[],"footnotes":""},"categories":[3095,3103,3107],"tags":[],"class_list":["post-39366","post","type-post","status-publish","format-standard","has-post-thumbnail","hentry","category-atelier-joieria-feta-a-ma","category-joieria-a-mida","category-mademoiselle-coline-ca"],"yoast_head":"<!-- This site is optimized with the Yoast SEO plugin v27.4 - https:\/\/yoast.com\/product\/yoast-seo-wordpress\/ -->\n<title>Joieria artesanal feta a m\u00e0 | Mademoiselle Coline<\/title>\n<meta name=\"description\" content=\"Joieria artesanal feta a m\u00e0. Peces \u00faniques creades amb intenci\u00f3, artesania tradicional i comprom\u00eds sostenible.\" \/>\n<meta name=\"robots\" content=\"index, follow, max-snippet:-1, max-image-preview:large, max-video-preview:-1\" \/>\n<link rel=\"canonical\" href=\"https:\/\/mademoisellecoline.com\/ca\/blog\/ella-la-que-ens-inspira-joieria-artesanal\/\" \/>\n<meta property=\"og:locale\" content=\"ca_ES\" \/>\n<meta property=\"og:type\" content=\"article\" \/>\n<meta property=\"og:title\" content=\"Joieria artesanal feta a m\u00e0 | Mademoiselle Coline\" \/>\n<meta property=\"og:description\" content=\"Joieria artesanal feta a m\u00e0. Peces \u00faniques creades amb intenci\u00f3, artesania tradicional i comprom\u00eds sostenible.\" \/>\n<meta property=\"og:url\" content=\"https:\/\/mademoisellecoline.com\/ca\/blog\/ella-la-que-ens-inspira-joieria-artesanal\/\" \/>\n<meta property=\"og:site_name\" content=\"Mademoiselle Coline\" \/>\n<meta property=\"article:publisher\" content=\"https:\/\/www.facebook.com\/mademoisellecoline\" \/>\n<meta property=\"article:author\" content=\"https:\/\/www.facebook.com\/mademoisellecoline\" \/>\n<meta property=\"article:published_time\" content=\"2026-03-05T12:03:50+00:00\" \/>\n<meta property=\"og:image\" content=\"https:\/\/mademoisellecoline.com\/wp-content\/uploads\/2026\/03\/JOYERIA-ARTESANAL-MADEMOISELLE-COLINE.jpg\" \/>\n\t<meta property=\"og:image:width\" content=\"959\" \/>\n\t<meta property=\"og:image:height\" content=\"1024\" \/>\n\t<meta property=\"og:image:type\" content=\"image\/jpeg\" \/>\n<meta name=\"author\" content=\"Mademoiselle Coline\" \/>\n<meta name=\"twitter:card\" content=\"summary_large_image\" \/>\n<meta name=\"twitter:label1\" content=\"Escrit per\" \/>\n\t<meta name=\"twitter:data1\" content=\"Mademoiselle Coline\" \/>\n\t<meta name=\"twitter:label2\" content=\"Temps estimat de lectura\" \/>\n\t<meta name=\"twitter:data2\" content=\"3 minutes\" \/>\n<script type=\"application\/ld+json\" class=\"yoast-schema-graph\">{\"@context\":\"https:\\\/\\\/schema.org\",\"@graph\":[{\"@type\":\"Article\",\"@id\":\"https:\\\/\\\/mademoisellecoline.com\\\/ca\\\/blog\\\/ella-la-que-ens-inspira-joieria-artesanal\\\/#article\",\"isPartOf\":{\"@id\":\"https:\\\/\\\/mademoisellecoline.com\\\/ca\\\/blog\\\/ella-la-que-ens-inspira-joieria-artesanal\\\/\"},\"author\":{\"name\":\"Mademoiselle Coline\",\"@id\":\"https:\\\/\\\/mademoisellecoline.com\\\/en\\\/#\\\/schema\\\/person\\\/0253827305e8993c3859f32dce4d9b97\"},\"headline\":\"Ella, la que ens inspira\",\"datePublished\":\"2026-03-05T12:03:50+00:00\",\"mainEntityOfPage\":{\"@id\":\"https:\\\/\\\/mademoisellecoline.com\\\/ca\\\/blog\\\/ella-la-que-ens-inspira-joieria-artesanal\\\/\"},\"wordCount\":454,\"commentCount\":0,\"publisher\":{\"@id\":\"https:\\\/\\\/mademoisellecoline.com\\\/en\\\/#\\\/schema\\\/person\\\/a87a3358725ddb0d57e86600da53e416\"},\"image\":{\"@id\":\"https:\\\/\\\/mademoisellecoline.com\\\/ca\\\/blog\\\/ella-la-que-ens-inspira-joieria-artesanal\\\/#primaryimage\"},\"thumbnailUrl\":\"https:\\\/\\\/mademoisellecoline.com\\\/wp-content\\\/uploads\\\/2026\\\/03\\\/JOYERIA-ARTESANAL-MADEMOISELLE-COLINE.jpg\",\"articleSection\":[\"Atelier &amp; Joieria Feta a M\u00e0\",\"Joieria a Mida\",\"Mademoiselle Coline\"],\"inLanguage\":\"ca\",\"potentialAction\":[{\"@type\":\"CommentAction\",\"name\":\"Comment\",\"target\":[\"https:\\\/\\\/mademoisellecoline.com\\\/ca\\\/blog\\\/ella-la-que-ens-inspira-joieria-artesanal\\\/#respond\"]}]},{\"@type\":\"WebPage\",\"@id\":\"https:\\\/\\\/mademoisellecoline.com\\\/ca\\\/blog\\\/ella-la-que-ens-inspira-joieria-artesanal\\\/\",\"url\":\"https:\\\/\\\/mademoisellecoline.com\\\/ca\\\/blog\\\/ella-la-que-ens-inspira-joieria-artesanal\\\/\",\"name\":\"Joieria artesanal feta a m\u00e0 | Mademoiselle Coline\",\"isPartOf\":{\"@id\":\"https:\\\/\\\/mademoisellecoline.com\\\/en\\\/#website\"},\"primaryImageOfPage\":{\"@id\":\"https:\\\/\\\/mademoisellecoline.com\\\/ca\\\/blog\\\/ella-la-que-ens-inspira-joieria-artesanal\\\/#primaryimage\"},\"image\":{\"@id\":\"https:\\\/\\\/mademoisellecoline.com\\\/ca\\\/blog\\\/ella-la-que-ens-inspira-joieria-artesanal\\\/#primaryimage\"},\"thumbnailUrl\":\"https:\\\/\\\/mademoisellecoline.com\\\/wp-content\\\/uploads\\\/2026\\\/03\\\/JOYERIA-ARTESANAL-MADEMOISELLE-COLINE.jpg\",\"datePublished\":\"2026-03-05T12:03:50+00:00\",\"description\":\"Joieria artesanal feta a m\u00e0. Peces \u00faniques creades amb intenci\u00f3, artesania tradicional i comprom\u00eds sostenible.\",\"breadcrumb\":{\"@id\":\"https:\\\/\\\/mademoisellecoline.com\\\/ca\\\/blog\\\/ella-la-que-ens-inspira-joieria-artesanal\\\/#breadcrumb\"},\"inLanguage\":\"ca\",\"potentialAction\":[{\"@type\":\"ReadAction\",\"target\":[\"https:\\\/\\\/mademoisellecoline.com\\\/ca\\\/blog\\\/ella-la-que-ens-inspira-joieria-artesanal\\\/\"]}]},{\"@type\":\"ImageObject\",\"inLanguage\":\"ca\",\"@id\":\"https:\\\/\\\/mademoisellecoline.com\\\/ca\\\/blog\\\/ella-la-que-ens-inspira-joieria-artesanal\\\/#primaryimage\",\"url\":\"https:\\\/\\\/mademoisellecoline.com\\\/wp-content\\\/uploads\\\/2026\\\/03\\\/JOYERIA-ARTESANAL-MADEMOISELLE-COLINE.jpg\",\"contentUrl\":\"https:\\\/\\\/mademoisellecoline.com\\\/wp-content\\\/uploads\\\/2026\\\/03\\\/JOYERIA-ARTESANAL-MADEMOISELLE-COLINE.jpg\",\"width\":959,\"height\":1024,\"caption\":\"Anillo de plata de joyer\u00eda artesanal con detalle antiguo engastado y dos zafiros rosas a cada lado.\"},{\"@type\":\"BreadcrumbList\",\"@id\":\"https:\\\/\\\/mademoisellecoline.com\\\/ca\\\/blog\\\/ella-la-que-ens-inspira-joieria-artesanal\\\/#breadcrumb\",\"itemListElement\":[{\"@type\":\"ListItem\",\"position\":1,\"name\":\"Portada\",\"item\":\"https:\\\/\\\/mademoisellecoline.com\\\/ca\\\/\"},{\"@type\":\"ListItem\",\"position\":2,\"name\":\"Ella, la que ens inspira\"}]},{\"@type\":\"WebSite\",\"@id\":\"https:\\\/\\\/mademoisellecoline.com\\\/en\\\/#website\",\"url\":\"https:\\\/\\\/mademoisellecoline.com\\\/en\\\/\",\"name\":\"Mademoiselle Coline\",\"description\":\"Creaciones de joyer\u00eda on\u00edricas para almas so\u00f1adoras\",\"publisher\":{\"@id\":\"https:\\\/\\\/mademoisellecoline.com\\\/en\\\/#\\\/schema\\\/person\\\/a87a3358725ddb0d57e86600da53e416\"},\"potentialAction\":[{\"@type\":\"SearchAction\",\"target\":{\"@type\":\"EntryPoint\",\"urlTemplate\":\"https:\\\/\\\/mademoisellecoline.com\\\/en\\\/?s={search_term_string}\"},\"query-input\":{\"@type\":\"PropertyValueSpecification\",\"valueRequired\":true,\"valueName\":\"search_term_string\"}}],\"inLanguage\":\"ca\"},{\"@type\":[\"Person\",\"Organization\"],\"@id\":\"https:\\\/\\\/mademoisellecoline.com\\\/en\\\/#\\\/schema\\\/person\\\/a87a3358725ddb0d57e86600da53e416\",\"name\":\"Mademoiselle Coline\",\"image\":{\"@type\":\"ImageObject\",\"inLanguage\":\"ca\",\"@id\":\"https:\\\/\\\/mademoisellecoline.com\\\/wp-content\\\/uploads\\\/2024\\\/01\\\/ColineNeg.jpg\",\"url\":\"https:\\\/\\\/mademoisellecoline.com\\\/wp-content\\\/uploads\\\/2024\\\/01\\\/ColineNeg.jpg\",\"contentUrl\":\"https:\\\/\\\/mademoisellecoline.com\\\/wp-content\\\/uploads\\\/2024\\\/01\\\/ColineNeg.jpg\",\"width\":584,\"height\":349,\"caption\":\"Mademoiselle Coline\"},\"logo\":{\"@id\":\"https:\\\/\\\/mademoisellecoline.com\\\/wp-content\\\/uploads\\\/2024\\\/01\\\/ColineNeg.jpg\"},\"sameAs\":[\"https:\\\/\\\/www.facebook.com\\\/mademoisellecoline\",\"https:\\\/\\\/www.instagram.com\\\/mademoiselle_coline\\\/\"]},{\"@type\":\"Person\",\"@id\":\"https:\\\/\\\/mademoisellecoline.com\\\/en\\\/#\\\/schema\\\/person\\\/0253827305e8993c3859f32dce4d9b97\",\"name\":\"Mademoiselle Coline\",\"image\":{\"@type\":\"ImageObject\",\"inLanguage\":\"ca\",\"@id\":\"https:\\\/\\\/mademoisellecoline.com\\\/wp-content\\\/litespeed\\\/avatar\\\/1b82c8537b697d562a5c233c70f8a8fb.jpg?ver=1776845874\",\"url\":\"https:\\\/\\\/mademoisellecoline.com\\\/wp-content\\\/litespeed\\\/avatar\\\/1b82c8537b697d562a5c233c70f8a8fb.jpg?ver=1776845874\",\"contentUrl\":\"https:\\\/\\\/mademoisellecoline.com\\\/wp-content\\\/litespeed\\\/avatar\\\/1b82c8537b697d562a5c233c70f8a8fb.jpg?ver=1776845874\",\"caption\":\"Mademoiselle Coline\"},\"sameAs\":[\"https:\\\/\\\/mademoisellecoline.com\",\"https:\\\/\\\/www.facebook.com\\\/mademoisellecoline\"]}]}<\/script>\n<!-- \/ Yoast SEO plugin. -->","yoast_head_json":{"title":"Joieria artesanal feta a m\u00e0 | Mademoiselle Coline","description":"Joieria artesanal feta a m\u00e0. Peces \u00faniques creades amb intenci\u00f3, artesania tradicional i comprom\u00eds sostenible.","robots":{"index":"index","follow":"follow","max-snippet":"max-snippet:-1","max-image-preview":"max-image-preview:large","max-video-preview":"max-video-preview:-1"},"canonical":"https:\/\/mademoisellecoline.com\/ca\/blog\/ella-la-que-ens-inspira-joieria-artesanal\/","og_locale":"ca_ES","og_type":"article","og_title":"Joieria artesanal feta a m\u00e0 | Mademoiselle Coline","og_description":"Joieria artesanal feta a m\u00e0. Peces \u00faniques creades amb intenci\u00f3, artesania tradicional i comprom\u00eds sostenible.","og_url":"https:\/\/mademoisellecoline.com\/ca\/blog\/ella-la-que-ens-inspira-joieria-artesanal\/","og_site_name":"Mademoiselle Coline","article_publisher":"https:\/\/www.facebook.com\/mademoisellecoline","article_author":"https:\/\/www.facebook.com\/mademoisellecoline","article_published_time":"2026-03-05T12:03:50+00:00","og_image":[{"width":959,"height":1024,"url":"https:\/\/mademoisellecoline.com\/wp-content\/uploads\/2026\/03\/JOYERIA-ARTESANAL-MADEMOISELLE-COLINE.jpg","type":"image\/jpeg"}],"author":"Mademoiselle Coline","twitter_card":"summary_large_image","twitter_misc":{"Escrit per":"Mademoiselle Coline","Temps estimat de lectura":"3 minutes"},"schema":{"@context":"https:\/\/schema.org","@graph":[{"@type":"Article","@id":"https:\/\/mademoisellecoline.com\/ca\/blog\/ella-la-que-ens-inspira-joieria-artesanal\/#article","isPartOf":{"@id":"https:\/\/mademoisellecoline.com\/ca\/blog\/ella-la-que-ens-inspira-joieria-artesanal\/"},"author":{"name":"Mademoiselle Coline","@id":"https:\/\/mademoisellecoline.com\/en\/#\/schema\/person\/0253827305e8993c3859f32dce4d9b97"},"headline":"Ella, la que ens inspira","datePublished":"2026-03-05T12:03:50+00:00","mainEntityOfPage":{"@id":"https:\/\/mademoisellecoline.com\/ca\/blog\/ella-la-que-ens-inspira-joieria-artesanal\/"},"wordCount":454,"commentCount":0,"publisher":{"@id":"https:\/\/mademoisellecoline.com\/en\/#\/schema\/person\/a87a3358725ddb0d57e86600da53e416"},"image":{"@id":"https:\/\/mademoisellecoline.com\/ca\/blog\/ella-la-que-ens-inspira-joieria-artesanal\/#primaryimage"},"thumbnailUrl":"https:\/\/mademoisellecoline.com\/wp-content\/uploads\/2026\/03\/JOYERIA-ARTESANAL-MADEMOISELLE-COLINE.jpg","articleSection":["Atelier &amp; Joieria Feta a M\u00e0","Joieria a Mida","Mademoiselle Coline"],"inLanguage":"ca","potentialAction":[{"@type":"CommentAction","name":"Comment","target":["https:\/\/mademoisellecoline.com\/ca\/blog\/ella-la-que-ens-inspira-joieria-artesanal\/#respond"]}]},{"@type":"WebPage","@id":"https:\/\/mademoisellecoline.com\/ca\/blog\/ella-la-que-ens-inspira-joieria-artesanal\/","url":"https:\/\/mademoisellecoline.com\/ca\/blog\/ella-la-que-ens-inspira-joieria-artesanal\/","name":"Joieria artesanal feta a m\u00e0 | Mademoiselle Coline","isPartOf":{"@id":"https:\/\/mademoisellecoline.com\/en\/#website"},"primaryImageOfPage":{"@id":"https:\/\/mademoisellecoline.com\/ca\/blog\/ella-la-que-ens-inspira-joieria-artesanal\/#primaryimage"},"image":{"@id":"https:\/\/mademoisellecoline.com\/ca\/blog\/ella-la-que-ens-inspira-joieria-artesanal\/#primaryimage"},"thumbnailUrl":"https:\/\/mademoisellecoline.com\/wp-content\/uploads\/2026\/03\/JOYERIA-ARTESANAL-MADEMOISELLE-COLINE.jpg","datePublished":"2026-03-05T12:03:50+00:00","description":"Joieria artesanal feta a m\u00e0. Peces \u00faniques creades amb intenci\u00f3, artesania tradicional i comprom\u00eds sostenible.","breadcrumb":{"@id":"https:\/\/mademoisellecoline.com\/ca\/blog\/ella-la-que-ens-inspira-joieria-artesanal\/#breadcrumb"},"inLanguage":"ca","potentialAction":[{"@type":"ReadAction","target":["https:\/\/mademoisellecoline.com\/ca\/blog\/ella-la-que-ens-inspira-joieria-artesanal\/"]}]},{"@type":"ImageObject","inLanguage":"ca","@id":"https:\/\/mademoisellecoline.com\/ca\/blog\/ella-la-que-ens-inspira-joieria-artesanal\/#primaryimage","url":"https:\/\/mademoisellecoline.com\/wp-content\/uploads\/2026\/03\/JOYERIA-ARTESANAL-MADEMOISELLE-COLINE.jpg","contentUrl":"https:\/\/mademoisellecoline.com\/wp-content\/uploads\/2026\/03\/JOYERIA-ARTESANAL-MADEMOISELLE-COLINE.jpg","width":959,"height":1024,"caption":"Anillo de plata de joyer\u00eda artesanal con detalle antiguo engastado y dos zafiros rosas a cada lado."},{"@type":"BreadcrumbList","@id":"https:\/\/mademoisellecoline.com\/ca\/blog\/ella-la-que-ens-inspira-joieria-artesanal\/#breadcrumb","itemListElement":[{"@type":"ListItem","position":1,"name":"Portada","item":"https:\/\/mademoisellecoline.com\/ca\/"},{"@type":"ListItem","position":2,"name":"Ella, la que ens inspira"}]},{"@type":"WebSite","@id":"https:\/\/mademoisellecoline.com\/en\/#website","url":"https:\/\/mademoisellecoline.com\/en\/","name":"Mademoiselle Coline","description":"Creaciones de joyer\u00eda on\u00edricas para almas so\u00f1adoras","publisher":{"@id":"https:\/\/mademoisellecoline.com\/en\/#\/schema\/person\/a87a3358725ddb0d57e86600da53e416"},"potentialAction":[{"@type":"SearchAction","target":{"@type":"EntryPoint","urlTemplate":"https:\/\/mademoisellecoline.com\/en\/?s={search_term_string}"},"query-input":{"@type":"PropertyValueSpecification","valueRequired":true,"valueName":"search_term_string"}}],"inLanguage":"ca"},{"@type":["Person","Organization"],"@id":"https:\/\/mademoisellecoline.com\/en\/#\/schema\/person\/a87a3358725ddb0d57e86600da53e416","name":"Mademoiselle Coline","image":{"@type":"ImageObject","inLanguage":"ca","@id":"https:\/\/mademoisellecoline.com\/wp-content\/uploads\/2024\/01\/ColineNeg.jpg","url":"https:\/\/mademoisellecoline.com\/wp-content\/uploads\/2024\/01\/ColineNeg.jpg","contentUrl":"https:\/\/mademoisellecoline.com\/wp-content\/uploads\/2024\/01\/ColineNeg.jpg","width":584,"height":349,"caption":"Mademoiselle Coline"},"logo":{"@id":"https:\/\/mademoisellecoline.com\/wp-content\/uploads\/2024\/01\/ColineNeg.jpg"},"sameAs":["https:\/\/www.facebook.com\/mademoisellecoline","https:\/\/www.instagram.com\/mademoiselle_coline\/"]},{"@type":"Person","@id":"https:\/\/mademoisellecoline.com\/en\/#\/schema\/person\/0253827305e8993c3859f32dce4d9b97","name":"Mademoiselle Coline","image":{"@type":"ImageObject","inLanguage":"ca","@id":"https:\/\/mademoisellecoline.com\/wp-content\/litespeed\/avatar\/1b82c8537b697d562a5c233c70f8a8fb.jpg?ver=1776845874","url":"https:\/\/mademoisellecoline.com\/wp-content\/litespeed\/avatar\/1b82c8537b697d562a5c233c70f8a8fb.jpg?ver=1776845874","contentUrl":"https:\/\/mademoisellecoline.com\/wp-content\/litespeed\/avatar\/1b82c8537b697d562a5c233c70f8a8fb.jpg?ver=1776845874","caption":"Mademoiselle Coline"},"sameAs":["https:\/\/mademoisellecoline.com","https:\/\/www.facebook.com\/mademoisellecoline"]}]}},"_links":{"self":[{"href":"https:\/\/mademoisellecoline.com\/ca\/wp-json\/wp\/v2\/posts\/39366","targetHints":{"allow":["GET"]}}],"collection":[{"href":"https:\/\/mademoisellecoline.com\/ca\/wp-json\/wp\/v2\/posts"}],"about":[{"href":"https:\/\/mademoisellecoline.com\/ca\/wp-json\/wp\/v2\/types\/post"}],"author":[{"embeddable":true,"href":"https:\/\/mademoisellecoline.com\/ca\/wp-json\/wp\/v2\/users\/2"}],"replies":[{"embeddable":true,"href":"https:\/\/mademoisellecoline.com\/ca\/wp-json\/wp\/v2\/comments?post=39366"}],"version-history":[{"count":2,"href":"https:\/\/mademoisellecoline.com\/ca\/wp-json\/wp\/v2\/posts\/39366\/revisions"}],"predecessor-version":[{"id":39373,"href":"https:\/\/mademoisellecoline.com\/ca\/wp-json\/wp\/v2\/posts\/39366\/revisions\/39373"}],"wp:featuredmedia":[{"embeddable":true,"href":"https:\/\/mademoisellecoline.com\/ca\/wp-json\/wp\/v2\/media\/39365"}],"wp:attachment":[{"href":"https:\/\/mademoisellecoline.com\/ca\/wp-json\/wp\/v2\/media?parent=39366"}],"wp:term":[{"taxonomy":"category","embeddable":true,"href":"https:\/\/mademoisellecoline.com\/ca\/wp-json\/wp\/v2\/categories?post=39366"},{"taxonomy":"post_tag","embeddable":true,"href":"https:\/\/mademoisellecoline.com\/ca\/wp-json\/wp\/v2\/tags?post=39366"}],"curies":[{"name":"wp","href":"https:\/\/api.w.org\/{rel}","templated":true}]}}