{"id":13249,"date":"2019-10-30T14:49:31","date_gmt":"2019-10-30T14:49:31","guid":{"rendered":"https:\/\/mademoisellecoline.com\/?p=13249"},"modified":"2025-10-01T09:35:28","modified_gmt":"2025-10-01T09:35:28","slug":"nouvelle-collection-paysages-de-vie","status":"publish","type":"post","link":"https:\/\/mademoisellecoline.com\/fr\/blog\/nouvelle-collection-paysages-de-vie\/","title":{"rendered":"Nouvelle Collection Paysages de Vie"},"content":{"rendered":"\n<p><strong>Paysages de Vie<\/strong> est la nouvelle collection de <strong>Mademoiselle<\/strong> <strong>Coline<\/strong> inspir\u00e9e par une combinaison d&rsquo;\u00e9l\u00e9ments qui ont marqu\u00e9 ma vie. L\u2019<strong>Art Nouveau<\/strong> et la <strong>nature<\/strong>, les protagonistes qui composent la collection, s\u2019unissent pour honorer la mer M\u00e9diterran\u00e9e, ses nombreux visages et paysages. <\/p>\n\n\n\n<p>Cette collection est n\u00e9e \u00e0 Paris. Le samedi 2 juillet 2016, lors d\u2019une de mes visites \u00e0 un de mes marches aux puces de Paris pr\u00e9f\u00e9r\u00e9es, j&rsquo;ai d\u00e9couvert et sauv\u00e9 un d\u00e9tail Art Nouveau. En ce moment, je vois clairement dessin\u00e9 une vague de la mer. Et cela devient la graine d&rsquo;une collection qui combine l&rsquo;Art Nouveau et la mer M\u00e9diterran\u00e9e. Deux \u00e9l\u00e9ments tr\u00e8s pr\u00e9sents tout au long de ma vie.<\/p>\n\n\n\n<p>Cette collection cherche \u00e0 exprimer la dualit\u00e9 de la nature, sa d\u00e9licatesse et sa brutalit\u00e9, sa paix et sa force \u2026  la relation \u00e9troite entre perfection et imperfection.<\/p>\n\n\n\n<figure class=\"wp-block-gallery columns-3 is-cropped wp-block-gallery-1 is-layout-flex wp-block-gallery-is-layout-flex\"><ul class=\"blocks-gallery-grid\"><li class=\"blocks-gallery-item\"><figure><img loading=\"lazy\" decoding=\"async\" width=\"1024\" height=\"1024\" src=\"https:\/\/mademoisellecoline.com\/wp-content\/uploads\/2019\/10\/medallas-oro-mar-diamante-coline-chic-trendy-1024x1024.jpg\" alt=\"\" data-id=\"12740\" data-link=\"https:\/\/mademoisellecoline.com\/fr\/?attachment_id=12740\" class=\"wp-image-12740\" srcset=\"https:\/\/mademoisellecoline.com\/wp-content\/uploads\/2019\/10\/medallas-oro-mar-diamante-coline-chic-trendy-1024x1024.jpg 1024w, https:\/\/mademoisellecoline.com\/wp-content\/uploads\/2019\/10\/medallas-oro-mar-diamante-coline-chic-trendy-150x150.jpg 150w, https:\/\/mademoisellecoline.com\/wp-content\/uploads\/2019\/10\/medallas-oro-mar-diamante-coline-chic-trendy-300x300.jpg 300w, https:\/\/mademoisellecoline.com\/wp-content\/uploads\/2019\/10\/medallas-oro-mar-diamante-coline-chic-trendy-600x600.jpg 600w, https:\/\/mademoisellecoline.com\/wp-content\/uploads\/2019\/10\/medallas-oro-mar-diamante-coline-chic-trendy.jpg 1500w\" sizes=\"auto, (max-width: 1024px) 100vw, 1024px\" \/><\/figure><\/li><li class=\"blocks-gallery-item\"><figure><img loading=\"lazy\" decoding=\"async\" width=\"1024\" height=\"1024\" src=\"https:\/\/mademoisellecoline.com\/wp-content\/uploads\/2019\/10\/organic-bagues-rings-anillos-silver-gold-coline-chic-1024x1024.jpg\" alt=\"\" data-id=\"13237\" data-link=\"https:\/\/mademoisellecoline.com\/fr\/organic-bagues-rings-anillos-silver-gold-coline-chic-2\/\" class=\"wp-image-13237\" srcset=\"https:\/\/mademoisellecoline.com\/wp-content\/uploads\/2019\/10\/organic-bagues-rings-anillos-silver-gold-coline-chic-1024x1024.jpg 1024w, https:\/\/mademoisellecoline.com\/wp-content\/uploads\/2019\/10\/organic-bagues-rings-anillos-silver-gold-coline-chic-150x150.jpg 150w, https:\/\/mademoisellecoline.com\/wp-content\/uploads\/2019\/10\/organic-bagues-rings-anillos-silver-gold-coline-chic-300x300.jpg 300w, https:\/\/mademoisellecoline.com\/wp-content\/uploads\/2019\/10\/organic-bagues-rings-anillos-silver-gold-coline-chic.jpg 1500w\" sizes=\"auto, (max-width: 1024px) 100vw, 1024px\" \/><\/figure><\/li><li class=\"blocks-gallery-item\"><figure><img loading=\"lazy\" decoding=\"async\" width=\"1024\" height=\"1024\" src=\"https:\/\/mademoisellecoline.com\/wp-content\/uploads\/2019\/10\/paysage-de-vie-collection-coline-1024x1024.jpg\" alt=\"\" data-id=\"13231\" data-link=\"https:\/\/mademoisellecoline.com\/fr\/paysage-de-vie-collection-coline-2\/\" class=\"wp-image-13231\" srcset=\"https:\/\/mademoisellecoline.com\/wp-content\/uploads\/2019\/10\/paysage-de-vie-collection-coline-1024x1024.jpg 1024w, https:\/\/mademoisellecoline.com\/wp-content\/uploads\/2019\/10\/paysage-de-vie-collection-coline-150x150.jpg 150w, https:\/\/mademoisellecoline.com\/wp-content\/uploads\/2019\/10\/paysage-de-vie-collection-coline-300x300.jpg 300w, https:\/\/mademoisellecoline.com\/wp-content\/uploads\/2019\/10\/paysage-de-vie-collection-coline.jpg 1500w\" sizes=\"auto, (max-width: 1024px) 100vw, 1024px\" \/><\/figure><\/li><\/ul><\/figure>\n\n\n\n<p>La pi\u00e8ce principale de la collection est la m\u00e9daille avec la mer comme \u00e9l\u00e9ment central et protagoniste qui impr\u00e8gne les autres \u00e9l\u00e9ments qui la compl\u00e8tent pour exprimer la mer et ses nombreuses facettes et paysages, avec ses vagues, son calme, sa force et tous les moments intenses et contrast\u00e9s v\u00e9cus autour d\u2019elle.<\/p>\n\n\n\n<p>J\u2019esp\u00e8re que vous l\u2019aimez &#x1f5a4;&#x1f49b;&#x1f49a;&#x1f499;&#x1f49c;<\/p>\n\n\n\n<figure class=\"wp-block-embed-wordpress wp-block-embed is-type-wp-embed is-provider-mademoiselle-coline\"><div class=\"wp-block-embed__wrapper\">\nhttps:\/\/mademoisellecoline.com\/fr\/collections-des-bijoux\/collection-paysages-de-vie\/\n<\/div><\/figure>\n","protected":false},"excerpt":{"rendered":"<p>Paysages de Vie est la nouvelle collection de Mademoiselle Coline inspir\u00e9e par une combinaison d&rsquo;\u00e9l\u00e9ments qui ont marqu\u00e9 ma vie. L\u2019Art Nouveau et la nature, les protagonistes qui composent la collection, s\u2019unissent pour honorer la mer M\u00e9diterran\u00e9e, ses nombreux visages et paysages. Cette collection est n\u00e9e \u00e0 Paris. Le samedi 2 juillet 2016, lors d\u2019une<\/p>\n","protected":false},"author":2,"featured_media":21193,"comment_status":"open","ping_status":"open","sticky":false,"template":"","format":"standard","meta":{"_joinchat":[],"footnotes":""},"categories":[3096,3100],"tags":[3132,3135,2276,3141,3133],"class_list":["post-13249","post","type-post","status-publish","format-standard","has-post-thumbnail","hentry","category-atelier-bijoux-faits-main","category-valeurs-bijoux-durables","tag-bagues-artisanales","tag-bijouterie-personnalisee","tag-bijoux-artisanaux","tag-bracelets-faits-main","tag-colliers-faits-main"],"yoast_head":"<!-- This site is optimized with the Yoast SEO plugin v27.4 - https:\/\/yoast.com\/product\/yoast-seo-wordpress\/ -->\n<title>Nouvelle Collection Paysages de Vie | Mademoiselle Coline<\/title>\n<meta name=\"robots\" content=\"index, follow, max-snippet:-1, max-image-preview:large, max-video-preview:-1\" \/>\n<link rel=\"canonical\" href=\"https:\/\/mademoisellecoline.com\/fr\/blog\/nouvelle-collection-paysages-de-vie\/\" \/>\n<meta property=\"og:locale\" content=\"fr_FR\" \/>\n<meta property=\"og:type\" content=\"article\" \/>\n<meta property=\"og:title\" content=\"Nouvelle Collection Paysages de Vie | Mademoiselle Coline\" \/>\n<meta property=\"og:description\" content=\"Paysages de Vie est la nouvelle collection de Mademoiselle Coline inspir\u00e9e par une combinaison d&rsquo;\u00e9l\u00e9ments qui ont marqu\u00e9 ma vie. L\u2019Art Nouveau et la nature, les protagonistes qui composent la collection, s\u2019unissent pour honorer la mer M\u00e9diterran\u00e9e, ses nombreux visages et paysages. Cette collection est n\u00e9e \u00e0 Paris. Le samedi 2 juillet 2016, lors d\u2019une\" \/>\n<meta property=\"og:url\" content=\"https:\/\/mademoisellecoline.com\/fr\/blog\/nouvelle-collection-paysages-de-vie\/\" \/>\n<meta property=\"og:site_name\" content=\"Mademoiselle Coline\" \/>\n<meta property=\"article:publisher\" content=\"https:\/\/www.facebook.com\/mademoisellecoline\" \/>\n<meta property=\"article:author\" content=\"https:\/\/www.facebook.com\/mademoisellecoline\" \/>\n<meta property=\"article:published_time\" content=\"2019-10-30T14:49:31+00:00\" \/>\n<meta property=\"article:modified_time\" content=\"2025-10-01T09:35:28+00:00\" \/>\n<meta property=\"og:image\" content=\"https:\/\/mademoisellecoline.com\/wp-content\/uploads\/2019\/10\/medalla-artesanal-hecho-a-mano-sostenibilidad-joyeri-etica-coline-2.jpg\" \/>\n\t<meta property=\"og:image:width\" content=\"1160\" \/>\n\t<meta property=\"og:image:height\" content=\"1160\" \/>\n\t<meta property=\"og:image:type\" content=\"image\/jpeg\" \/>\n<meta name=\"author\" content=\"Mademoiselle Coline\" \/>\n<meta name=\"twitter:card\" content=\"summary_large_image\" \/>\n<meta name=\"twitter:label1\" content=\"\u00c9crit par\" \/>\n\t<meta name=\"twitter:data1\" content=\"Mademoiselle Coline\" \/>\n\t<meta name=\"twitter:label2\" content=\"Dur\u00e9e de lecture estim\u00e9e\" \/>\n\t<meta name=\"twitter:data2\" content=\"2 minutes\" \/>\n<script type=\"application\/ld+json\" class=\"yoast-schema-graph\">{\"@context\":\"https:\\\/\\\/schema.org\",\"@graph\":[{\"@type\":\"Article\",\"@id\":\"https:\\\/\\\/mademoisellecoline.com\\\/fr\\\/blog\\\/nouvelle-collection-paysages-de-vie\\\/#article\",\"isPartOf\":{\"@id\":\"https:\\\/\\\/mademoisellecoline.com\\\/fr\\\/blog\\\/nouvelle-collection-paysages-de-vie\\\/\"},\"author\":{\"name\":\"Mademoiselle Coline\",\"@id\":\"https:\\\/\\\/mademoisellecoline.com\\\/en\\\/#\\\/schema\\\/person\\\/0253827305e8993c3859f32dce4d9b97\"},\"headline\":\"Nouvelle Collection Paysages de Vie\",\"datePublished\":\"2019-10-30T14:49:31+00:00\",\"dateModified\":\"2025-10-01T09:35:28+00:00\",\"mainEntityOfPage\":{\"@id\":\"https:\\\/\\\/mademoisellecoline.com\\\/fr\\\/blog\\\/nouvelle-collection-paysages-de-vie\\\/\"},\"wordCount\":251,\"commentCount\":0,\"publisher\":{\"@id\":\"https:\\\/\\\/mademoisellecoline.com\\\/en\\\/#\\\/schema\\\/person\\\/a87a3358725ddb0d57e86600da53e416\"},\"image\":{\"@id\":\"https:\\\/\\\/mademoisellecoline.com\\\/fr\\\/blog\\\/nouvelle-collection-paysages-de-vie\\\/#primaryimage\"},\"thumbnailUrl\":\"https:\\\/\\\/mademoisellecoline.com\\\/wp-content\\\/uploads\\\/2019\\\/10\\\/medalla-artesanal-hecho-a-mano-sostenibilidad-joyeri-etica-coline-2.jpg\",\"keywords\":[\"Bagues artisanales\",\"Bijouterie personnalis\u00e9e\",\"bijoux artisanaux\",\"Bracelets faits main\",\"Colliers faits main\"],\"articleSection\":[\"Atelier &amp; Bijoux Faits Main\",\"Valeurs &amp; Bijoux Durables\"],\"inLanguage\":\"fr-FR\",\"potentialAction\":[{\"@type\":\"CommentAction\",\"name\":\"Comment\",\"target\":[\"https:\\\/\\\/mademoisellecoline.com\\\/fr\\\/blog\\\/nouvelle-collection-paysages-de-vie\\\/#respond\"]}]},{\"@type\":\"WebPage\",\"@id\":\"https:\\\/\\\/mademoisellecoline.com\\\/fr\\\/blog\\\/nouvelle-collection-paysages-de-vie\\\/\",\"url\":\"https:\\\/\\\/mademoisellecoline.com\\\/fr\\\/blog\\\/nouvelle-collection-paysages-de-vie\\\/\",\"name\":\"Nouvelle Collection Paysages de Vie | Mademoiselle Coline\",\"isPartOf\":{\"@id\":\"https:\\\/\\\/mademoisellecoline.com\\\/en\\\/#website\"},\"primaryImageOfPage\":{\"@id\":\"https:\\\/\\\/mademoisellecoline.com\\\/fr\\\/blog\\\/nouvelle-collection-paysages-de-vie\\\/#primaryimage\"},\"image\":{\"@id\":\"https:\\\/\\\/mademoisellecoline.com\\\/fr\\\/blog\\\/nouvelle-collection-paysages-de-vie\\\/#primaryimage\"},\"thumbnailUrl\":\"https:\\\/\\\/mademoisellecoline.com\\\/wp-content\\\/uploads\\\/2019\\\/10\\\/medalla-artesanal-hecho-a-mano-sostenibilidad-joyeri-etica-coline-2.jpg\",\"datePublished\":\"2019-10-30T14:49:31+00:00\",\"dateModified\":\"2025-10-01T09:35:28+00:00\",\"breadcrumb\":{\"@id\":\"https:\\\/\\\/mademoisellecoline.com\\\/fr\\\/blog\\\/nouvelle-collection-paysages-de-vie\\\/#breadcrumb\"},\"inLanguage\":\"fr-FR\",\"potentialAction\":[{\"@type\":\"ReadAction\",\"target\":[\"https:\\\/\\\/mademoisellecoline.com\\\/fr\\\/blog\\\/nouvelle-collection-paysages-de-vie\\\/\"]}]},{\"@type\":\"ImageObject\",\"inLanguage\":\"fr-FR\",\"@id\":\"https:\\\/\\\/mademoisellecoline.com\\\/fr\\\/blog\\\/nouvelle-collection-paysages-de-vie\\\/#primaryimage\",\"url\":\"https:\\\/\\\/mademoisellecoline.com\\\/wp-content\\\/uploads\\\/2019\\\/10\\\/medalla-artesanal-hecho-a-mano-sostenibilidad-joyeri-etica-coline-2.jpg\",\"contentUrl\":\"https:\\\/\\\/mademoisellecoline.com\\\/wp-content\\\/uploads\\\/2019\\\/10\\\/medalla-artesanal-hecho-a-mano-sostenibilidad-joyeri-etica-coline-2.jpg\",\"width\":1160,\"height\":1160},{\"@type\":\"BreadcrumbList\",\"@id\":\"https:\\\/\\\/mademoisellecoline.com\\\/fr\\\/blog\\\/nouvelle-collection-paysages-de-vie\\\/#breadcrumb\",\"itemListElement\":[{\"@type\":\"ListItem\",\"position\":1,\"name\":\"Portada\",\"item\":\"https:\\\/\\\/mademoisellecoline.com\\\/fr\\\/\"},{\"@type\":\"ListItem\",\"position\":2,\"name\":\"Nouvelle Collection Paysages de Vie\"}]},{\"@type\":\"WebSite\",\"@id\":\"https:\\\/\\\/mademoisellecoline.com\\\/en\\\/#website\",\"url\":\"https:\\\/\\\/mademoisellecoline.com\\\/en\\\/\",\"name\":\"Mademoiselle Coline\",\"description\":\"Joyas delicadas, c\u00e1lidas y arm\u00f3nicas\",\"publisher\":{\"@id\":\"https:\\\/\\\/mademoisellecoline.com\\\/en\\\/#\\\/schema\\\/person\\\/a87a3358725ddb0d57e86600da53e416\"},\"potentialAction\":[{\"@type\":\"SearchAction\",\"target\":{\"@type\":\"EntryPoint\",\"urlTemplate\":\"https:\\\/\\\/mademoisellecoline.com\\\/en\\\/?s={search_term_string}\"},\"query-input\":{\"@type\":\"PropertyValueSpecification\",\"valueRequired\":true,\"valueName\":\"search_term_string\"}}],\"inLanguage\":\"fr-FR\"},{\"@type\":[\"Person\",\"Organization\"],\"@id\":\"https:\\\/\\\/mademoisellecoline.com\\\/en\\\/#\\\/schema\\\/person\\\/a87a3358725ddb0d57e86600da53e416\",\"name\":\"Mademoiselle Coline\",\"image\":{\"@type\":\"ImageObject\",\"inLanguage\":\"fr-FR\",\"@id\":\"https:\\\/\\\/mademoisellecoline.com\\\/wp-content\\\/uploads\\\/2024\\\/01\\\/ColineNeg.jpg\",\"url\":\"https:\\\/\\\/mademoisellecoline.com\\\/wp-content\\\/uploads\\\/2024\\\/01\\\/ColineNeg.jpg\",\"contentUrl\":\"https:\\\/\\\/mademoisellecoline.com\\\/wp-content\\\/uploads\\\/2024\\\/01\\\/ColineNeg.jpg\",\"width\":584,\"height\":349,\"caption\":\"Mademoiselle Coline\"},\"logo\":{\"@id\":\"https:\\\/\\\/mademoisellecoline.com\\\/wp-content\\\/uploads\\\/2024\\\/01\\\/ColineNeg.jpg\"},\"sameAs\":[\"https:\\\/\\\/www.facebook.com\\\/mademoisellecoline\",\"https:\\\/\\\/www.instagram.com\\\/mademoiselle_coline\\\/\"]},{\"@type\":\"Person\",\"@id\":\"https:\\\/\\\/mademoisellecoline.com\\\/en\\\/#\\\/schema\\\/person\\\/0253827305e8993c3859f32dce4d9b97\",\"name\":\"Mademoiselle Coline\",\"image\":{\"@type\":\"ImageObject\",\"inLanguage\":\"fr-FR\",\"@id\":\"https:\\\/\\\/mademoisellecoline.com\\\/wp-content\\\/litespeed\\\/avatar\\\/1b82c8537b697d562a5c233c70f8a8fb.jpg?ver=1776845874\",\"url\":\"https:\\\/\\\/mademoisellecoline.com\\\/wp-content\\\/litespeed\\\/avatar\\\/1b82c8537b697d562a5c233c70f8a8fb.jpg?ver=1776845874\",\"contentUrl\":\"https:\\\/\\\/mademoisellecoline.com\\\/wp-content\\\/litespeed\\\/avatar\\\/1b82c8537b697d562a5c233c70f8a8fb.jpg?ver=1776845874\",\"caption\":\"Mademoiselle Coline\"},\"sameAs\":[\"https:\\\/\\\/mademoisellecoline.com\",\"https:\\\/\\\/www.facebook.com\\\/mademoisellecoline\"]}]}<\/script>\n<!-- \/ Yoast SEO plugin. -->","yoast_head_json":{"title":"Nouvelle Collection Paysages de Vie | Mademoiselle Coline","robots":{"index":"index","follow":"follow","max-snippet":"max-snippet:-1","max-image-preview":"max-image-preview:large","max-video-preview":"max-video-preview:-1"},"canonical":"https:\/\/mademoisellecoline.com\/fr\/blog\/nouvelle-collection-paysages-de-vie\/","og_locale":"fr_FR","og_type":"article","og_title":"Nouvelle Collection Paysages de Vie | Mademoiselle Coline","og_description":"Paysages de Vie est la nouvelle collection de Mademoiselle Coline inspir\u00e9e par une combinaison d&rsquo;\u00e9l\u00e9ments qui ont marqu\u00e9 ma vie. L\u2019Art Nouveau et la nature, les protagonistes qui composent la collection, s\u2019unissent pour honorer la mer M\u00e9diterran\u00e9e, ses nombreux visages et paysages. Cette collection est n\u00e9e \u00e0 Paris. Le samedi 2 juillet 2016, lors d\u2019une","og_url":"https:\/\/mademoisellecoline.com\/fr\/blog\/nouvelle-collection-paysages-de-vie\/","og_site_name":"Mademoiselle Coline","article_publisher":"https:\/\/www.facebook.com\/mademoisellecoline","article_author":"https:\/\/www.facebook.com\/mademoisellecoline","article_published_time":"2019-10-30T14:49:31+00:00","article_modified_time":"2025-10-01T09:35:28+00:00","og_image":[{"width":1160,"height":1160,"url":"https:\/\/mademoisellecoline.com\/wp-content\/uploads\/2019\/10\/medalla-artesanal-hecho-a-mano-sostenibilidad-joyeri-etica-coline-2.jpg","type":"image\/jpeg"}],"author":"Mademoiselle Coline","twitter_card":"summary_large_image","twitter_misc":{"\u00c9crit par":"Mademoiselle Coline","Dur\u00e9e de lecture estim\u00e9e":"2 minutes"},"schema":{"@context":"https:\/\/schema.org","@graph":[{"@type":"Article","@id":"https:\/\/mademoisellecoline.com\/fr\/blog\/nouvelle-collection-paysages-de-vie\/#article","isPartOf":{"@id":"https:\/\/mademoisellecoline.com\/fr\/blog\/nouvelle-collection-paysages-de-vie\/"},"author":{"name":"Mademoiselle Coline","@id":"https:\/\/mademoisellecoline.com\/en\/#\/schema\/person\/0253827305e8993c3859f32dce4d9b97"},"headline":"Nouvelle Collection Paysages de Vie","datePublished":"2019-10-30T14:49:31+00:00","dateModified":"2025-10-01T09:35:28+00:00","mainEntityOfPage":{"@id":"https:\/\/mademoisellecoline.com\/fr\/blog\/nouvelle-collection-paysages-de-vie\/"},"wordCount":251,"commentCount":0,"publisher":{"@id":"https:\/\/mademoisellecoline.com\/en\/#\/schema\/person\/a87a3358725ddb0d57e86600da53e416"},"image":{"@id":"https:\/\/mademoisellecoline.com\/fr\/blog\/nouvelle-collection-paysages-de-vie\/#primaryimage"},"thumbnailUrl":"https:\/\/mademoisellecoline.com\/wp-content\/uploads\/2019\/10\/medalla-artesanal-hecho-a-mano-sostenibilidad-joyeri-etica-coline-2.jpg","keywords":["Bagues artisanales","Bijouterie personnalis\u00e9e","bijoux artisanaux","Bracelets faits main","Colliers faits main"],"articleSection":["Atelier &amp; Bijoux Faits Main","Valeurs &amp; Bijoux Durables"],"inLanguage":"fr-FR","potentialAction":[{"@type":"CommentAction","name":"Comment","target":["https:\/\/mademoisellecoline.com\/fr\/blog\/nouvelle-collection-paysages-de-vie\/#respond"]}]},{"@type":"WebPage","@id":"https:\/\/mademoisellecoline.com\/fr\/blog\/nouvelle-collection-paysages-de-vie\/","url":"https:\/\/mademoisellecoline.com\/fr\/blog\/nouvelle-collection-paysages-de-vie\/","name":"Nouvelle Collection Paysages de Vie | Mademoiselle Coline","isPartOf":{"@id":"https:\/\/mademoisellecoline.com\/en\/#website"},"primaryImageOfPage":{"@id":"https:\/\/mademoisellecoline.com\/fr\/blog\/nouvelle-collection-paysages-de-vie\/#primaryimage"},"image":{"@id":"https:\/\/mademoisellecoline.com\/fr\/blog\/nouvelle-collection-paysages-de-vie\/#primaryimage"},"thumbnailUrl":"https:\/\/mademoisellecoline.com\/wp-content\/uploads\/2019\/10\/medalla-artesanal-hecho-a-mano-sostenibilidad-joyeri-etica-coline-2.jpg","datePublished":"2019-10-30T14:49:31+00:00","dateModified":"2025-10-01T09:35:28+00:00","breadcrumb":{"@id":"https:\/\/mademoisellecoline.com\/fr\/blog\/nouvelle-collection-paysages-de-vie\/#breadcrumb"},"inLanguage":"fr-FR","potentialAction":[{"@type":"ReadAction","target":["https:\/\/mademoisellecoline.com\/fr\/blog\/nouvelle-collection-paysages-de-vie\/"]}]},{"@type":"ImageObject","inLanguage":"fr-FR","@id":"https:\/\/mademoisellecoline.com\/fr\/blog\/nouvelle-collection-paysages-de-vie\/#primaryimage","url":"https:\/\/mademoisellecoline.com\/wp-content\/uploads\/2019\/10\/medalla-artesanal-hecho-a-mano-sostenibilidad-joyeri-etica-coline-2.jpg","contentUrl":"https:\/\/mademoisellecoline.com\/wp-content\/uploads\/2019\/10\/medalla-artesanal-hecho-a-mano-sostenibilidad-joyeri-etica-coline-2.jpg","width":1160,"height":1160},{"@type":"BreadcrumbList","@id":"https:\/\/mademoisellecoline.com\/fr\/blog\/nouvelle-collection-paysages-de-vie\/#breadcrumb","itemListElement":[{"@type":"ListItem","position":1,"name":"Portada","item":"https:\/\/mademoisellecoline.com\/fr\/"},{"@type":"ListItem","position":2,"name":"Nouvelle Collection Paysages de Vie"}]},{"@type":"WebSite","@id":"https:\/\/mademoisellecoline.com\/en\/#website","url":"https:\/\/mademoisellecoline.com\/en\/","name":"Mademoiselle Coline","description":"Joyas delicadas, c\u00e1lidas y arm\u00f3nicas","publisher":{"@id":"https:\/\/mademoisellecoline.com\/en\/#\/schema\/person\/a87a3358725ddb0d57e86600da53e416"},"potentialAction":[{"@type":"SearchAction","target":{"@type":"EntryPoint","urlTemplate":"https:\/\/mademoisellecoline.com\/en\/?s={search_term_string}"},"query-input":{"@type":"PropertyValueSpecification","valueRequired":true,"valueName":"search_term_string"}}],"inLanguage":"fr-FR"},{"@type":["Person","Organization"],"@id":"https:\/\/mademoisellecoline.com\/en\/#\/schema\/person\/a87a3358725ddb0d57e86600da53e416","name":"Mademoiselle Coline","image":{"@type":"ImageObject","inLanguage":"fr-FR","@id":"https:\/\/mademoisellecoline.com\/wp-content\/uploads\/2024\/01\/ColineNeg.jpg","url":"https:\/\/mademoisellecoline.com\/wp-content\/uploads\/2024\/01\/ColineNeg.jpg","contentUrl":"https:\/\/mademoisellecoline.com\/wp-content\/uploads\/2024\/01\/ColineNeg.jpg","width":584,"height":349,"caption":"Mademoiselle Coline"},"logo":{"@id":"https:\/\/mademoisellecoline.com\/wp-content\/uploads\/2024\/01\/ColineNeg.jpg"},"sameAs":["https:\/\/www.facebook.com\/mademoisellecoline","https:\/\/www.instagram.com\/mademoiselle_coline\/"]},{"@type":"Person","@id":"https:\/\/mademoisellecoline.com\/en\/#\/schema\/person\/0253827305e8993c3859f32dce4d9b97","name":"Mademoiselle Coline","image":{"@type":"ImageObject","inLanguage":"fr-FR","@id":"https:\/\/mademoisellecoline.com\/wp-content\/litespeed\/avatar\/1b82c8537b697d562a5c233c70f8a8fb.jpg?ver=1776845874","url":"https:\/\/mademoisellecoline.com\/wp-content\/litespeed\/avatar\/1b82c8537b697d562a5c233c70f8a8fb.jpg?ver=1776845874","contentUrl":"https:\/\/mademoisellecoline.com\/wp-content\/litespeed\/avatar\/1b82c8537b697d562a5c233c70f8a8fb.jpg?ver=1776845874","caption":"Mademoiselle Coline"},"sameAs":["https:\/\/mademoisellecoline.com","https:\/\/www.facebook.com\/mademoisellecoline"]}]}},"_links":{"self":[{"href":"https:\/\/mademoisellecoline.com\/fr\/wp-json\/wp\/v2\/posts\/13249","targetHints":{"allow":["GET"]}}],"collection":[{"href":"https:\/\/mademoisellecoline.com\/fr\/wp-json\/wp\/v2\/posts"}],"about":[{"href":"https:\/\/mademoisellecoline.com\/fr\/wp-json\/wp\/v2\/types\/post"}],"author":[{"embeddable":true,"href":"https:\/\/mademoisellecoline.com\/fr\/wp-json\/wp\/v2\/users\/2"}],"replies":[{"embeddable":true,"href":"https:\/\/mademoisellecoline.com\/fr\/wp-json\/wp\/v2\/comments?post=13249"}],"version-history":[{"count":1,"href":"https:\/\/mademoisellecoline.com\/fr\/wp-json\/wp\/v2\/posts\/13249\/revisions"}],"predecessor-version":[{"id":37421,"href":"https:\/\/mademoisellecoline.com\/fr\/wp-json\/wp\/v2\/posts\/13249\/revisions\/37421"}],"wp:featuredmedia":[{"embeddable":true,"href":"https:\/\/mademoisellecoline.com\/fr\/wp-json\/wp\/v2\/media\/21193"}],"wp:attachment":[{"href":"https:\/\/mademoisellecoline.com\/fr\/wp-json\/wp\/v2\/media?parent=13249"}],"wp:term":[{"taxonomy":"category","embeddable":true,"href":"https:\/\/mademoisellecoline.com\/fr\/wp-json\/wp\/v2\/categories?post=13249"},{"taxonomy":"post_tag","embeddable":true,"href":"https:\/\/mademoisellecoline.com\/fr\/wp-json\/wp\/v2\/tags?post=13249"}],"curies":[{"name":"wp","href":"https:\/\/api.w.org\/{rel}","templated":true}]}}