{"id":1340,"date":"2018-04-05T14:24:45","date_gmt":"2018-04-05T14:24:45","guid":{"rendered":"https:\/\/mademoisellecoline.com\/?p=1340"},"modified":"2025-10-01T09:48:18","modified_gmt":"2025-10-01T09:48:18","slug":"commence-a-partager-mon-histoire","status":"publish","type":"post","link":"https:\/\/mademoisellecoline.com\/fr\/blog\/commence-a-partager-mon-histoire\/","title":{"rendered":"Je commence \u00e0 partager mon histoire"},"content":{"rendered":"<p>Avec certains d&rsquo;entre vous, j&rsquo;ai d\u00e9j\u00e0 partag\u00e9 mon projet, mes doutes, mes illusions&#8230; bref, mon histoire. Depuis que j&rsquo;ai eu l&rsquo;opportunit\u00e9 de venir vivre \u00e0 Paris et prendre une nouvelle et passionnante direction professionnelle. Enfin, apr\u00e8s beaucoup de formation et beaucoup de travail, je peux vous pr\u00e9senter mon site. Je suis tr\u00e8s heureuse de pouvoir partager cette nouvelle \u00e9tape avec vous.<\/p>\n<p>Je vais aussi commencer p\u00e9riodiquement \u00e0 partager avec vous sur mon Blog, sur Facebook et Instagram les pi\u00e8ces sur lesquelles je travaille, les nouvelles collections, les nouvelles histoires &#8230; J&rsquo;esp\u00e8re que \u00e7a vous plaira.<\/p>\n<p>&nbsp;<\/p>\n<p><a href=\"https:\/\/mademoisellecoline.com\/fr\/accueil\/\">www.mademoisellecoline.com<\/a><\/p>\n","protected":false},"excerpt":{"rendered":"<p>Avec certains d&rsquo;entre vous, j&rsquo;ai d\u00e9j\u00e0 partag\u00e9 mon projet, mes doutes, mes illusions&#8230; bref, mon histoire. Depuis que j&rsquo;ai eu l&rsquo;opportunit\u00e9 de venir vivre \u00e0 Paris et prendre une nouvelle et passionnante direction professionnelle. Enfin, apr\u00e8s beaucoup de formation et beaucoup de travail, je peux vous pr\u00e9senter mon site. Je suis tr\u00e8s heureuse de pouvoir<\/p>\n","protected":false},"author":1,"featured_media":650,"comment_status":"open","ping_status":"open","sticky":false,"template":"","format":"standard","meta":{"_joinchat":[],"footnotes":""},"categories":[3096,3109,3100],"tags":[3132,3140,2276,2696,3070],"class_list":["post-1340","post","type-post","status-publish","format-standard","has-post-thumbnail","hentry","category-atelier-bijoux-faits-main","category-mademoiselle-coline-fr","category-valeurs-bijoux-durables","tag-bagues-artisanales","tag-bijouterie-sur-mesure","tag-bijoux-artisanaux","tag-bijoux-durables","tag-pieces-uniques-de-bijouterie-artisanale"],"yoast_head":"<!-- This site is optimized with the Yoast SEO plugin v27.4 - https:\/\/yoast.com\/product\/yoast-seo-wordpress\/ -->\n<title>Mademoiselle Coline | Je commence \u00e0 partager mon histoire<\/title>\n<meta name=\"description\" content=\"Avec certains d&#039;entre vous, j&#039;ai partag\u00e9 mon projet, mes doutes, mes illusions... bref, mon histoire. Depuis que j&#039;ai eu l&#039;opportunit\u00e9 de venir vivre \u00e0 Paris et prendre une nouvelle et passionnante direction professionnelle. Enfin, apr\u00e8s beaucoup de formation et beaucoup de travail, je peux vous pr\u00e9senter mon site.\" \/>\n<meta name=\"robots\" content=\"index, follow, max-snippet:-1, max-image-preview:large, max-video-preview:-1\" \/>\n<link rel=\"canonical\" href=\"https:\/\/mademoisellecoline.com\/fr\/blog\/commence-a-partager-mon-histoire\/\" \/>\n<meta property=\"og:locale\" content=\"fr_FR\" \/>\n<meta property=\"og:type\" content=\"article\" \/>\n<meta property=\"og:title\" content=\"Mademoiselle Coline | Je commence \u00e0 partager mon histoire\" \/>\n<meta property=\"og:description\" content=\"Avec certains d&#039;entre vous, j&#039;ai partag\u00e9 mon projet, mes doutes, mes illusions... bref, mon histoire. Depuis que j&#039;ai eu l&#039;opportunit\u00e9 de venir vivre \u00e0 Paris et prendre une nouvelle et passionnante direction professionnelle. Enfin, apr\u00e8s beaucoup de formation et beaucoup de travail, je peux vous pr\u00e9senter mon site.\" \/>\n<meta property=\"og:url\" content=\"https:\/\/mademoisellecoline.com\/fr\/blog\/commence-a-partager-mon-histoire\/\" \/>\n<meta property=\"og:site_name\" content=\"Mademoiselle Coline\" \/>\n<meta property=\"article:publisher\" content=\"https:\/\/www.facebook.com\/mademoisellecoline\" \/>\n<meta property=\"article:author\" content=\"https:\/\/www.facebook.com\/mademoisellecoline\" \/>\n<meta property=\"article:published_time\" content=\"2018-04-05T14:24:45+00:00\" \/>\n<meta property=\"article:modified_time\" content=\"2025-10-01T09:48:18+00:00\" \/>\n<meta property=\"og:image\" content=\"https:\/\/mademoisellecoline.com\/wp-content\/uploads\/2018\/03\/IMG_E2680.jpg\" \/>\n\t<meta property=\"og:image:width\" content=\"4032\" \/>\n\t<meta property=\"og:image:height\" content=\"3024\" \/>\n\t<meta property=\"og:image:type\" content=\"image\/jpeg\" \/>\n<meta name=\"author\" content=\"Mademoiselle Coline\" \/>\n<meta name=\"twitter:card\" content=\"summary_large_image\" \/>\n<meta name=\"twitter:label1\" content=\"\u00c9crit par\" \/>\n\t<meta name=\"twitter:data1\" content=\"Mademoiselle Coline\" \/>\n\t<meta name=\"twitter:label2\" content=\"Dur\u00e9e de lecture estim\u00e9e\" \/>\n\t<meta name=\"twitter:data2\" content=\"1 minute\" \/>\n<script type=\"application\/ld+json\" class=\"yoast-schema-graph\">{\"@context\":\"https:\\\/\\\/schema.org\",\"@graph\":[{\"@type\":\"Article\",\"@id\":\"https:\\\/\\\/mademoisellecoline.com\\\/fr\\\/blog\\\/commence-a-partager-mon-histoire\\\/#article\",\"isPartOf\":{\"@id\":\"https:\\\/\\\/mademoisellecoline.com\\\/fr\\\/blog\\\/commence-a-partager-mon-histoire\\\/\"},\"author\":{\"name\":\"Mademoiselle Coline\",\"@id\":\"https:\\\/\\\/mademoisellecoline.com\\\/en\\\/#\\\/schema\\\/person\\\/a87a3358725ddb0d57e86600da53e416\"},\"headline\":\"Je commence \u00e0 partager mon histoire\",\"datePublished\":\"2018-04-05T14:24:45+00:00\",\"dateModified\":\"2025-10-01T09:48:18+00:00\",\"mainEntityOfPage\":{\"@id\":\"https:\\\/\\\/mademoisellecoline.com\\\/fr\\\/blog\\\/commence-a-partager-mon-histoire\\\/\"},\"wordCount\":113,\"commentCount\":0,\"publisher\":{\"@id\":\"https:\\\/\\\/mademoisellecoline.com\\\/en\\\/#\\\/schema\\\/person\\\/a87a3358725ddb0d57e86600da53e416\"},\"image\":{\"@id\":\"https:\\\/\\\/mademoisellecoline.com\\\/fr\\\/blog\\\/commence-a-partager-mon-histoire\\\/#primaryimage\"},\"thumbnailUrl\":\"https:\\\/\\\/mademoisellecoline.com\\\/wp-content\\\/uploads\\\/2018\\\/03\\\/IMG_E2680.jpg\",\"keywords\":[\"Bagues artisanales\",\"Bijouterie sur mesure\",\"bijoux artisanaux\",\"Bijoux durables\",\"Pi\u00e8ces uniques de bijouterie artisanale\"],\"articleSection\":[\"Atelier &amp; Bijoux Faits Main\",\"Mademoiselle Coline\",\"Valeurs &amp; Bijoux Durables\"],\"inLanguage\":\"fr-FR\",\"potentialAction\":[{\"@type\":\"CommentAction\",\"name\":\"Comment\",\"target\":[\"https:\\\/\\\/mademoisellecoline.com\\\/fr\\\/blog\\\/commence-a-partager-mon-histoire\\\/#respond\"]}]},{\"@type\":\"WebPage\",\"@id\":\"https:\\\/\\\/mademoisellecoline.com\\\/fr\\\/blog\\\/commence-a-partager-mon-histoire\\\/\",\"url\":\"https:\\\/\\\/mademoisellecoline.com\\\/fr\\\/blog\\\/commence-a-partager-mon-histoire\\\/\",\"name\":\"Mademoiselle Coline | Je commence \u00e0 partager mon histoire\",\"isPartOf\":{\"@id\":\"https:\\\/\\\/mademoisellecoline.com\\\/en\\\/#website\"},\"primaryImageOfPage\":{\"@id\":\"https:\\\/\\\/mademoisellecoline.com\\\/fr\\\/blog\\\/commence-a-partager-mon-histoire\\\/#primaryimage\"},\"image\":{\"@id\":\"https:\\\/\\\/mademoisellecoline.com\\\/fr\\\/blog\\\/commence-a-partager-mon-histoire\\\/#primaryimage\"},\"thumbnailUrl\":\"https:\\\/\\\/mademoisellecoline.com\\\/wp-content\\\/uploads\\\/2018\\\/03\\\/IMG_E2680.jpg\",\"datePublished\":\"2018-04-05T14:24:45+00:00\",\"dateModified\":\"2025-10-01T09:48:18+00:00\",\"description\":\"Avec certains d'entre vous, j'ai partag\u00e9 mon projet, mes doutes, mes illusions... bref, mon histoire. Depuis que j'ai eu l'opportunit\u00e9 de venir vivre \u00e0 Paris et prendre une nouvelle et passionnante direction professionnelle. Enfin, apr\u00e8s beaucoup de formation et beaucoup de travail, je peux vous pr\u00e9senter mon site.\",\"breadcrumb\":{\"@id\":\"https:\\\/\\\/mademoisellecoline.com\\\/fr\\\/blog\\\/commence-a-partager-mon-histoire\\\/#breadcrumb\"},\"inLanguage\":\"fr-FR\",\"potentialAction\":[{\"@type\":\"ReadAction\",\"target\":[\"https:\\\/\\\/mademoisellecoline.com\\\/fr\\\/blog\\\/commence-a-partager-mon-histoire\\\/\"]}]},{\"@type\":\"ImageObject\",\"inLanguage\":\"fr-FR\",\"@id\":\"https:\\\/\\\/mademoisellecoline.com\\\/fr\\\/blog\\\/commence-a-partager-mon-histoire\\\/#primaryimage\",\"url\":\"https:\\\/\\\/mademoisellecoline.com\\\/wp-content\\\/uploads\\\/2018\\\/03\\\/IMG_E2680.jpg\",\"contentUrl\":\"https:\\\/\\\/mademoisellecoline.com\\\/wp-content\\\/uploads\\\/2018\\\/03\\\/IMG_E2680.jpg\",\"width\":4032,\"height\":3024,\"caption\":\"historia, joyer\u00eda, website\"},{\"@type\":\"BreadcrumbList\",\"@id\":\"https:\\\/\\\/mademoisellecoline.com\\\/fr\\\/blog\\\/commence-a-partager-mon-histoire\\\/#breadcrumb\",\"itemListElement\":[{\"@type\":\"ListItem\",\"position\":1,\"name\":\"Portada\",\"item\":\"https:\\\/\\\/mademoisellecoline.com\\\/fr\\\/\"},{\"@type\":\"ListItem\",\"position\":2,\"name\":\"Je commence \u00e0 partager mon histoire\"}]},{\"@type\":\"WebSite\",\"@id\":\"https:\\\/\\\/mademoisellecoline.com\\\/en\\\/#website\",\"url\":\"https:\\\/\\\/mademoisellecoline.com\\\/en\\\/\",\"name\":\"Mademoiselle Coline\",\"description\":\"Joyas delicadas, c\u00e1lidas y arm\u00f3nicas\",\"publisher\":{\"@id\":\"https:\\\/\\\/mademoisellecoline.com\\\/en\\\/#\\\/schema\\\/person\\\/a87a3358725ddb0d57e86600da53e416\"},\"potentialAction\":[{\"@type\":\"SearchAction\",\"target\":{\"@type\":\"EntryPoint\",\"urlTemplate\":\"https:\\\/\\\/mademoisellecoline.com\\\/en\\\/?s={search_term_string}\"},\"query-input\":{\"@type\":\"PropertyValueSpecification\",\"valueRequired\":true,\"valueName\":\"search_term_string\"}}],\"inLanguage\":\"fr-FR\"},{\"@type\":[\"Person\",\"Organization\"],\"@id\":\"https:\\\/\\\/mademoisellecoline.com\\\/en\\\/#\\\/schema\\\/person\\\/a87a3358725ddb0d57e86600da53e416\",\"name\":\"Mademoiselle Coline\",\"image\":{\"@type\":\"ImageObject\",\"inLanguage\":\"fr-FR\",\"@id\":\"https:\\\/\\\/mademoisellecoline.com\\\/wp-content\\\/uploads\\\/2024\\\/01\\\/ColineNeg.jpg\",\"url\":\"https:\\\/\\\/mademoisellecoline.com\\\/wp-content\\\/uploads\\\/2024\\\/01\\\/ColineNeg.jpg\",\"contentUrl\":\"https:\\\/\\\/mademoisellecoline.com\\\/wp-content\\\/uploads\\\/2024\\\/01\\\/ColineNeg.jpg\",\"width\":584,\"height\":349,\"caption\":\"Mademoiselle Coline\"},\"logo\":{\"@id\":\"https:\\\/\\\/mademoisellecoline.com\\\/wp-content\\\/uploads\\\/2024\\\/01\\\/ColineNeg.jpg\"},\"sameAs\":[\"https:\\\/\\\/www.facebook.com\\\/mademoisellecoline\",\"https:\\\/\\\/www.instagram.com\\\/mademoiselle_coline\\\/\"]}]}<\/script>\n<!-- \/ Yoast SEO plugin. -->","yoast_head_json":{"title":"Mademoiselle Coline | Je commence \u00e0 partager mon histoire","description":"Avec certains d'entre vous, j'ai partag\u00e9 mon projet, mes doutes, mes illusions... bref, mon histoire. Depuis que j'ai eu l'opportunit\u00e9 de venir vivre \u00e0 Paris et prendre une nouvelle et passionnante direction professionnelle. Enfin, apr\u00e8s beaucoup de formation et beaucoup de travail, je peux vous pr\u00e9senter mon site.","robots":{"index":"index","follow":"follow","max-snippet":"max-snippet:-1","max-image-preview":"max-image-preview:large","max-video-preview":"max-video-preview:-1"},"canonical":"https:\/\/mademoisellecoline.com\/fr\/blog\/commence-a-partager-mon-histoire\/","og_locale":"fr_FR","og_type":"article","og_title":"Mademoiselle Coline | Je commence \u00e0 partager mon histoire","og_description":"Avec certains d'entre vous, j'ai partag\u00e9 mon projet, mes doutes, mes illusions... bref, mon histoire. Depuis que j'ai eu l'opportunit\u00e9 de venir vivre \u00e0 Paris et prendre une nouvelle et passionnante direction professionnelle. Enfin, apr\u00e8s beaucoup de formation et beaucoup de travail, je peux vous pr\u00e9senter mon site.","og_url":"https:\/\/mademoisellecoline.com\/fr\/blog\/commence-a-partager-mon-histoire\/","og_site_name":"Mademoiselle Coline","article_publisher":"https:\/\/www.facebook.com\/mademoisellecoline","article_author":"https:\/\/www.facebook.com\/mademoisellecoline","article_published_time":"2018-04-05T14:24:45+00:00","article_modified_time":"2025-10-01T09:48:18+00:00","og_image":[{"width":4032,"height":3024,"url":"https:\/\/mademoisellecoline.com\/wp-content\/uploads\/2018\/03\/IMG_E2680.jpg","type":"image\/jpeg"}],"author":"Mademoiselle Coline","twitter_card":"summary_large_image","twitter_misc":{"\u00c9crit par":"Mademoiselle Coline","Dur\u00e9e de lecture estim\u00e9e":"1 minute"},"schema":{"@context":"https:\/\/schema.org","@graph":[{"@type":"Article","@id":"https:\/\/mademoisellecoline.com\/fr\/blog\/commence-a-partager-mon-histoire\/#article","isPartOf":{"@id":"https:\/\/mademoisellecoline.com\/fr\/blog\/commence-a-partager-mon-histoire\/"},"author":{"name":"Mademoiselle Coline","@id":"https:\/\/mademoisellecoline.com\/en\/#\/schema\/person\/a87a3358725ddb0d57e86600da53e416"},"headline":"Je commence \u00e0 partager mon histoire","datePublished":"2018-04-05T14:24:45+00:00","dateModified":"2025-10-01T09:48:18+00:00","mainEntityOfPage":{"@id":"https:\/\/mademoisellecoline.com\/fr\/blog\/commence-a-partager-mon-histoire\/"},"wordCount":113,"commentCount":0,"publisher":{"@id":"https:\/\/mademoisellecoline.com\/en\/#\/schema\/person\/a87a3358725ddb0d57e86600da53e416"},"image":{"@id":"https:\/\/mademoisellecoline.com\/fr\/blog\/commence-a-partager-mon-histoire\/#primaryimage"},"thumbnailUrl":"https:\/\/mademoisellecoline.com\/wp-content\/uploads\/2018\/03\/IMG_E2680.jpg","keywords":["Bagues artisanales","Bijouterie sur mesure","bijoux artisanaux","Bijoux durables","Pi\u00e8ces uniques de bijouterie artisanale"],"articleSection":["Atelier &amp; Bijoux Faits Main","Mademoiselle Coline","Valeurs &amp; Bijoux Durables"],"inLanguage":"fr-FR","potentialAction":[{"@type":"CommentAction","name":"Comment","target":["https:\/\/mademoisellecoline.com\/fr\/blog\/commence-a-partager-mon-histoire\/#respond"]}]},{"@type":"WebPage","@id":"https:\/\/mademoisellecoline.com\/fr\/blog\/commence-a-partager-mon-histoire\/","url":"https:\/\/mademoisellecoline.com\/fr\/blog\/commence-a-partager-mon-histoire\/","name":"Mademoiselle Coline | Je commence \u00e0 partager mon histoire","isPartOf":{"@id":"https:\/\/mademoisellecoline.com\/en\/#website"},"primaryImageOfPage":{"@id":"https:\/\/mademoisellecoline.com\/fr\/blog\/commence-a-partager-mon-histoire\/#primaryimage"},"image":{"@id":"https:\/\/mademoisellecoline.com\/fr\/blog\/commence-a-partager-mon-histoire\/#primaryimage"},"thumbnailUrl":"https:\/\/mademoisellecoline.com\/wp-content\/uploads\/2018\/03\/IMG_E2680.jpg","datePublished":"2018-04-05T14:24:45+00:00","dateModified":"2025-10-01T09:48:18+00:00","description":"Avec certains d'entre vous, j'ai partag\u00e9 mon projet, mes doutes, mes illusions... bref, mon histoire. Depuis que j'ai eu l'opportunit\u00e9 de venir vivre \u00e0 Paris et prendre une nouvelle et passionnante direction professionnelle. Enfin, apr\u00e8s beaucoup de formation et beaucoup de travail, je peux vous pr\u00e9senter mon site.","breadcrumb":{"@id":"https:\/\/mademoisellecoline.com\/fr\/blog\/commence-a-partager-mon-histoire\/#breadcrumb"},"inLanguage":"fr-FR","potentialAction":[{"@type":"ReadAction","target":["https:\/\/mademoisellecoline.com\/fr\/blog\/commence-a-partager-mon-histoire\/"]}]},{"@type":"ImageObject","inLanguage":"fr-FR","@id":"https:\/\/mademoisellecoline.com\/fr\/blog\/commence-a-partager-mon-histoire\/#primaryimage","url":"https:\/\/mademoisellecoline.com\/wp-content\/uploads\/2018\/03\/IMG_E2680.jpg","contentUrl":"https:\/\/mademoisellecoline.com\/wp-content\/uploads\/2018\/03\/IMG_E2680.jpg","width":4032,"height":3024,"caption":"historia, joyer\u00eda, website"},{"@type":"BreadcrumbList","@id":"https:\/\/mademoisellecoline.com\/fr\/blog\/commence-a-partager-mon-histoire\/#breadcrumb","itemListElement":[{"@type":"ListItem","position":1,"name":"Portada","item":"https:\/\/mademoisellecoline.com\/fr\/"},{"@type":"ListItem","position":2,"name":"Je commence \u00e0 partager mon histoire"}]},{"@type":"WebSite","@id":"https:\/\/mademoisellecoline.com\/en\/#website","url":"https:\/\/mademoisellecoline.com\/en\/","name":"Mademoiselle Coline","description":"Joyas delicadas, c\u00e1lidas y arm\u00f3nicas","publisher":{"@id":"https:\/\/mademoisellecoline.com\/en\/#\/schema\/person\/a87a3358725ddb0d57e86600da53e416"},"potentialAction":[{"@type":"SearchAction","target":{"@type":"EntryPoint","urlTemplate":"https:\/\/mademoisellecoline.com\/en\/?s={search_term_string}"},"query-input":{"@type":"PropertyValueSpecification","valueRequired":true,"valueName":"search_term_string"}}],"inLanguage":"fr-FR"},{"@type":["Person","Organization"],"@id":"https:\/\/mademoisellecoline.com\/en\/#\/schema\/person\/a87a3358725ddb0d57e86600da53e416","name":"Mademoiselle Coline","image":{"@type":"ImageObject","inLanguage":"fr-FR","@id":"https:\/\/mademoisellecoline.com\/wp-content\/uploads\/2024\/01\/ColineNeg.jpg","url":"https:\/\/mademoisellecoline.com\/wp-content\/uploads\/2024\/01\/ColineNeg.jpg","contentUrl":"https:\/\/mademoisellecoline.com\/wp-content\/uploads\/2024\/01\/ColineNeg.jpg","width":584,"height":349,"caption":"Mademoiselle Coline"},"logo":{"@id":"https:\/\/mademoisellecoline.com\/wp-content\/uploads\/2024\/01\/ColineNeg.jpg"},"sameAs":["https:\/\/www.facebook.com\/mademoisellecoline","https:\/\/www.instagram.com\/mademoiselle_coline\/"]}]}},"_links":{"self":[{"href":"https:\/\/mademoisellecoline.com\/fr\/wp-json\/wp\/v2\/posts\/1340","targetHints":{"allow":["GET"]}}],"collection":[{"href":"https:\/\/mademoisellecoline.com\/fr\/wp-json\/wp\/v2\/posts"}],"about":[{"href":"https:\/\/mademoisellecoline.com\/fr\/wp-json\/wp\/v2\/types\/post"}],"author":[{"embeddable":true,"href":"https:\/\/mademoisellecoline.com\/fr\/wp-json\/wp\/v2\/users\/1"}],"replies":[{"embeddable":true,"href":"https:\/\/mademoisellecoline.com\/fr\/wp-json\/wp\/v2\/comments?post=1340"}],"version-history":[{"count":1,"href":"https:\/\/mademoisellecoline.com\/fr\/wp-json\/wp\/v2\/posts\/1340\/revisions"}],"predecessor-version":[{"id":37433,"href":"https:\/\/mademoisellecoline.com\/fr\/wp-json\/wp\/v2\/posts\/1340\/revisions\/37433"}],"wp:featuredmedia":[{"embeddable":true,"href":"https:\/\/mademoisellecoline.com\/fr\/wp-json\/wp\/v2\/media\/650"}],"wp:attachment":[{"href":"https:\/\/mademoisellecoline.com\/fr\/wp-json\/wp\/v2\/media?parent=1340"}],"wp:term":[{"taxonomy":"category","embeddable":true,"href":"https:\/\/mademoisellecoline.com\/fr\/wp-json\/wp\/v2\/categories?post=1340"},{"taxonomy":"post_tag","embeddable":true,"href":"https:\/\/mademoisellecoline.com\/fr\/wp-json\/wp\/v2\/tags?post=1340"}],"curies":[{"name":"wp","href":"https:\/\/api.w.org\/{rel}","templated":true}]}}