{"id":14383,"date":"2020-02-25T10:13:33","date_gmt":"2020-02-25T10:13:33","guid":{"rendered":"https:\/\/mademoisellecoline.com\/?p=14383"},"modified":"2025-10-01T13:29:17","modified_gmt":"2025-10-01T13:29:17","slug":"fashion-book-elle-mademoiselle-coline-fr","status":"publish","type":"post","link":"https:\/\/mademoisellecoline.com\/fr\/blog\/fashion-book-elle-mademoiselle-coline-fr\/","title":{"rendered":"Mademoiselle Coline dans le Fashion Book d\u2019ELLE"},"content":{"rendered":"\r\n<p>\u2018Le D\u00e9co\u2019 de la <a href=\"https:\/\/mademoisellecoline.com\/fr\/collections-des-bijoux\/collection-envie-du-passe\/\">Collection Envie du Pass\u00e9<\/a> appara\u00eet dans le Fashion Book d\u2019ELLE du mois de mars. Une collection inspir\u00e9e des des chevali\u00e8res. La pi\u00e8ce centrale, sertie, est une pi\u00e8ce ancienne lors de mes innombrables visites aux antiquaires et march\u00e9s aux puces de Paris, puis restaur\u00e9e<\/p>\r\n\r\n\r\n\r\n<p>Merci beaucoup ELLE \u2764\ufe0f<\/p>\r\n\r\n\r\n\r\n<figure class=\"wp-block-gallery columns-3 is-cropped wp-block-gallery-1 is-layout-flex wp-block-gallery-is-layout-flex\">\r\n<ul class=\"blocks-gallery-grid\">\r\n<li class=\"blocks-gallery-item\">\r\n<figure><img loading=\"lazy\" decoding=\"async\" width=\"1024\" height=\"1024\" class=\"wp-image-14387\" src=\"https:\/\/mademoisellecoline.com\/wp-content\/uploads\/2020\/02\/Elle-Fashion-Book-Mademoiselle-Coline-1024x1024.jpg\" alt=\"\" data-id=\"14387\" data-full-url=\"https:\/\/mademoisellecoline.com\/wp-content\/uploads\/2020\/02\/Elle-Fashion-Book-Mademoiselle-Coline.jpg\" data-link=\"https:\/\/mademoisellecoline.com\/fr\/elle-fashion-book-mademoiselle-coline-2\/\" srcset=\"https:\/\/mademoisellecoline.com\/wp-content\/uploads\/2020\/02\/Elle-Fashion-Book-Mademoiselle-Coline-1024x1024.jpg 1024w, https:\/\/mademoisellecoline.com\/wp-content\/uploads\/2020\/02\/Elle-Fashion-Book-Mademoiselle-Coline-300x300.jpg 300w, https:\/\/mademoisellecoline.com\/wp-content\/uploads\/2020\/02\/Elle-Fashion-Book-Mademoiselle-Coline-150x150.jpg 150w\" sizes=\"auto, (max-width: 1024px) 100vw, 1024px\" \/><\/figure>\r\n<\/li>\r\n<li class=\"blocks-gallery-item\">\r\n<figure><img loading=\"lazy\" decoding=\"async\" width=\"1024\" height=\"1024\" class=\"wp-image-14399\" src=\"https:\/\/mademoisellecoline.com\/wp-content\/uploads\/2020\/02\/Tendencias-moda-chic-fashion-Elle-Mademoiselle-Coline-1024x1024.jpg\" alt=\"\" data-id=\"14399\" data-full-url=\"https:\/\/mademoisellecoline.com\/wp-content\/uploads\/2020\/02\/Tendencias-moda-chic-fashion-Elle-Mademoiselle-Coline.jpg\" data-link=\"https:\/\/mademoisellecoline.com\/fr\/tendencias-moda-chic-fashion-elle-mademoiselle-coline-2\/\" srcset=\"https:\/\/mademoisellecoline.com\/wp-content\/uploads\/2020\/02\/Tendencias-moda-chic-fashion-Elle-Mademoiselle-Coline-1024x1024.jpg 1024w, https:\/\/mademoisellecoline.com\/wp-content\/uploads\/2020\/02\/Tendencias-moda-chic-fashion-Elle-Mademoiselle-Coline-300x300.jpg 300w, https:\/\/mademoisellecoline.com\/wp-content\/uploads\/2020\/02\/Tendencias-moda-chic-fashion-Elle-Mademoiselle-Coline-150x150.jpg 150w\" sizes=\"auto, (max-width: 1024px) 100vw, 1024px\" \/><\/figure>\r\n<\/li>\r\n<li class=\"blocks-gallery-item\">\r\n<figure><img loading=\"lazy\" decoding=\"async\" width=\"1024\" height=\"1024\" class=\"wp-image-14395\" src=\"https:\/\/mademoisellecoline.com\/wp-content\/uploads\/2020\/02\/Moda-Joyeria-Slow-Artesanal-Elle-Mademoiselle-Coline-1024x1024.jpg\" alt=\"\" data-id=\"14395\" data-full-url=\"https:\/\/mademoisellecoline.com\/wp-content\/uploads\/2020\/02\/Moda-Joyeria-Slow-Artesanal-Elle-Mademoiselle-Coline.jpg\" data-link=\"https:\/\/mademoisellecoline.com\/fr\/moda-joyeria-slow-artesanal-elle-mademoiselle-coline-2\/\" srcset=\"https:\/\/mademoisellecoline.com\/wp-content\/uploads\/2020\/02\/Moda-Joyeria-Slow-Artesanal-Elle-Mademoiselle-Coline-1024x1024.jpg 1024w, https:\/\/mademoisellecoline.com\/wp-content\/uploads\/2020\/02\/Moda-Joyeria-Slow-Artesanal-Elle-Mademoiselle-Coline-300x300.jpg 300w, https:\/\/mademoisellecoline.com\/wp-content\/uploads\/2020\/02\/Moda-Joyeria-Slow-Artesanal-Elle-Mademoiselle-Coline-150x150.jpg 150w\" sizes=\"auto, (max-width: 1024px) 100vw, 1024px\" \/><\/figure>\r\n<\/li>\r\n<\/ul>\r\n<\/figure>\r\n","protected":false},"excerpt":{"rendered":"<p>\u2018Le D\u00e9co\u2019 de la Collection Envie du Pass\u00e9 appara\u00eet dans le Fashion Book d\u2019ELLE du mois de mars. Une collection inspir\u00e9e des des chevali\u00e8res. La pi\u00e8ce centrale, sertie, est une pi\u00e8ce ancienne lors de mes innombrables visites aux antiquaires et march\u00e9s aux puces de Paris, puis restaur\u00e9e Merci beaucoup ELLE \u2764\ufe0f<\/p>\n","protected":false},"author":2,"featured_media":14391,"comment_status":"open","ping_status":"open","sticky":false,"template":"","format":"standard","meta":{"_joinchat":[],"footnotes":""},"categories":[356],"tags":[2276,2696,3125,2944,3121],"class_list":["post-14383","post","type-post","status-publish","format-standard","has-post-thumbnail","hentry","category-presse","tag-bijoux-artisanaux","tag-bijoux-durables","tag-bijoux-faits-main","tag-bijoux-sur-mesure","tag-pieces-uniques-de-bijoux-artisanaux"],"yoast_head":"<!-- This site is optimized with the Yoast SEO plugin v27.4 - https:\/\/yoast.com\/product\/yoast-seo-wordpress\/ -->\n<title>Mademoiselle Coline dans le Fashion Book d\u2019ELLE | Mademoiselle Coline<\/title>\n<meta name=\"description\" content=\"Mademoiselle Coline en couverture de TELVA. Mademoiselle Coline ont \u00e9t\u00e9 choisies par la directrice de la mode du prestigieux magazine TELVA, Alicia Chapa\" \/>\n<meta name=\"robots\" content=\"index, follow, max-snippet:-1, max-image-preview:large, max-video-preview:-1\" \/>\n<link rel=\"canonical\" href=\"https:\/\/mademoisellecoline.com\/fr\/blog\/fashion-book-elle-mademoiselle-coline-fr\/\" \/>\n<meta property=\"og:locale\" content=\"fr_FR\" \/>\n<meta property=\"og:type\" content=\"article\" \/>\n<meta property=\"og:title\" content=\"Mademoiselle Coline dans le Fashion Book d\u2019ELLE | Mademoiselle Coline\" \/>\n<meta property=\"og:description\" content=\"Mademoiselle Coline en couverture de TELVA. Mademoiselle Coline ont \u00e9t\u00e9 choisies par la directrice de la mode du prestigieux magazine TELVA, Alicia Chapa\" \/>\n<meta property=\"og:url\" content=\"https:\/\/mademoisellecoline.com\/fr\/blog\/fashion-book-elle-mademoiselle-coline-fr\/\" \/>\n<meta property=\"og:site_name\" content=\"Mademoiselle Coline\" \/>\n<meta property=\"article:publisher\" content=\"https:\/\/www.facebook.com\/mademoisellecoline\" \/>\n<meta property=\"article:author\" content=\"https:\/\/www.facebook.com\/mademoisellecoline\" \/>\n<meta property=\"article:published_time\" content=\"2020-02-25T10:13:33+00:00\" \/>\n<meta property=\"article:modified_time\" content=\"2025-10-01T13:29:17+00:00\" \/>\n<meta property=\"og:image\" content=\"https:\/\/mademoisellecoline.com\/wp-content\/uploads\/2020\/02\/Mademoiselle-Coline-Elle-1024x1024.jpg\" \/>\n\t<meta property=\"og:image:width\" content=\"1024\" \/>\n\t<meta property=\"og:image:height\" content=\"1024\" \/>\n\t<meta property=\"og:image:type\" content=\"image\/jpeg\" \/>\n<meta name=\"author\" content=\"Mademoiselle Coline\" \/>\n<meta name=\"twitter:card\" content=\"summary_large_image\" \/>\n<meta name=\"twitter:label1\" content=\"\u00c9crit par\" \/>\n\t<meta name=\"twitter:data1\" content=\"Mademoiselle Coline\" \/>\n\t<meta name=\"twitter:label2\" content=\"Dur\u00e9e de lecture estim\u00e9e\" \/>\n\t<meta name=\"twitter:data2\" content=\"2 minutes\" \/>\n<script type=\"application\/ld+json\" class=\"yoast-schema-graph\">{\"@context\":\"https:\\\/\\\/schema.org\",\"@graph\":[{\"@type\":\"Article\",\"@id\":\"https:\\\/\\\/mademoisellecoline.com\\\/fr\\\/blog\\\/fashion-book-elle-mademoiselle-coline-fr\\\/#article\",\"isPartOf\":{\"@id\":\"https:\\\/\\\/mademoisellecoline.com\\\/fr\\\/blog\\\/fashion-book-elle-mademoiselle-coline-fr\\\/\"},\"author\":{\"name\":\"Mademoiselle Coline\",\"@id\":\"https:\\\/\\\/mademoisellecoline.com\\\/en\\\/#\\\/schema\\\/person\\\/0253827305e8993c3859f32dce4d9b97\"},\"headline\":\"Mademoiselle Coline dans le Fashion Book d\u2019ELLE\",\"datePublished\":\"2020-02-25T10:13:33+00:00\",\"dateModified\":\"2025-10-01T13:29:17+00:00\",\"mainEntityOfPage\":{\"@id\":\"https:\\\/\\\/mademoisellecoline.com\\\/fr\\\/blog\\\/fashion-book-elle-mademoiselle-coline-fr\\\/\"},\"wordCount\":67,\"commentCount\":0,\"publisher\":{\"@id\":\"https:\\\/\\\/mademoisellecoline.com\\\/en\\\/#\\\/schema\\\/person\\\/a87a3358725ddb0d57e86600da53e416\"},\"image\":{\"@id\":\"https:\\\/\\\/mademoisellecoline.com\\\/fr\\\/blog\\\/fashion-book-elle-mademoiselle-coline-fr\\\/#primaryimage\"},\"thumbnailUrl\":\"https:\\\/\\\/mademoisellecoline.com\\\/wp-content\\\/uploads\\\/2020\\\/02\\\/Mademoiselle-Coline-Elle.jpg\",\"keywords\":[\"bijoux artisanaux\",\"Bijoux durables\",\"bijoux faits main\",\"Bijoux Sur Mesure\",\"Pi\u00e8ces uniques de bijoux artisanaux\"],\"articleSection\":[\"Presse\"],\"inLanguage\":\"fr-FR\",\"potentialAction\":[{\"@type\":\"CommentAction\",\"name\":\"Comment\",\"target\":[\"https:\\\/\\\/mademoisellecoline.com\\\/fr\\\/blog\\\/fashion-book-elle-mademoiselle-coline-fr\\\/#respond\"]}]},{\"@type\":\"WebPage\",\"@id\":\"https:\\\/\\\/mademoisellecoline.com\\\/fr\\\/blog\\\/fashion-book-elle-mademoiselle-coline-fr\\\/\",\"url\":\"https:\\\/\\\/mademoisellecoline.com\\\/fr\\\/blog\\\/fashion-book-elle-mademoiselle-coline-fr\\\/\",\"name\":\"Mademoiselle Coline dans le Fashion Book d\u2019ELLE | Mademoiselle Coline\",\"isPartOf\":{\"@id\":\"https:\\\/\\\/mademoisellecoline.com\\\/en\\\/#website\"},\"primaryImageOfPage\":{\"@id\":\"https:\\\/\\\/mademoisellecoline.com\\\/fr\\\/blog\\\/fashion-book-elle-mademoiselle-coline-fr\\\/#primaryimage\"},\"image\":{\"@id\":\"https:\\\/\\\/mademoisellecoline.com\\\/fr\\\/blog\\\/fashion-book-elle-mademoiselle-coline-fr\\\/#primaryimage\"},\"thumbnailUrl\":\"https:\\\/\\\/mademoisellecoline.com\\\/wp-content\\\/uploads\\\/2020\\\/02\\\/Mademoiselle-Coline-Elle.jpg\",\"datePublished\":\"2020-02-25T10:13:33+00:00\",\"dateModified\":\"2025-10-01T13:29:17+00:00\",\"description\":\"Mademoiselle Coline en couverture de TELVA. Mademoiselle Coline ont \u00e9t\u00e9 choisies par la directrice de la mode du prestigieux magazine TELVA, Alicia Chapa\",\"breadcrumb\":{\"@id\":\"https:\\\/\\\/mademoisellecoline.com\\\/fr\\\/blog\\\/fashion-book-elle-mademoiselle-coline-fr\\\/#breadcrumb\"},\"inLanguage\":\"fr-FR\",\"potentialAction\":[{\"@type\":\"ReadAction\",\"target\":[\"https:\\\/\\\/mademoisellecoline.com\\\/fr\\\/blog\\\/fashion-book-elle-mademoiselle-coline-fr\\\/\"]}]},{\"@type\":\"ImageObject\",\"inLanguage\":\"fr-FR\",\"@id\":\"https:\\\/\\\/mademoisellecoline.com\\\/fr\\\/blog\\\/fashion-book-elle-mademoiselle-coline-fr\\\/#primaryimage\",\"url\":\"https:\\\/\\\/mademoisellecoline.com\\\/wp-content\\\/uploads\\\/2020\\\/02\\\/Mademoiselle-Coline-Elle.jpg\",\"contentUrl\":\"https:\\\/\\\/mademoisellecoline.com\\\/wp-content\\\/uploads\\\/2020\\\/02\\\/Mademoiselle-Coline-Elle.jpg\",\"width\":2291,\"height\":2291},{\"@type\":\"BreadcrumbList\",\"@id\":\"https:\\\/\\\/mademoisellecoline.com\\\/fr\\\/blog\\\/fashion-book-elle-mademoiselle-coline-fr\\\/#breadcrumb\",\"itemListElement\":[{\"@type\":\"ListItem\",\"position\":1,\"name\":\"Portada\",\"item\":\"https:\\\/\\\/mademoisellecoline.com\\\/fr\\\/\"},{\"@type\":\"ListItem\",\"position\":2,\"name\":\"Mademoiselle Coline dans le Fashion Book d\u2019ELLE\"}]},{\"@type\":\"WebSite\",\"@id\":\"https:\\\/\\\/mademoisellecoline.com\\\/en\\\/#website\",\"url\":\"https:\\\/\\\/mademoisellecoline.com\\\/en\\\/\",\"name\":\"Mademoiselle Coline\",\"description\":\"Joyas delicadas, c\u00e1lidas y arm\u00f3nicas\",\"publisher\":{\"@id\":\"https:\\\/\\\/mademoisellecoline.com\\\/en\\\/#\\\/schema\\\/person\\\/a87a3358725ddb0d57e86600da53e416\"},\"potentialAction\":[{\"@type\":\"SearchAction\",\"target\":{\"@type\":\"EntryPoint\",\"urlTemplate\":\"https:\\\/\\\/mademoisellecoline.com\\\/en\\\/?s={search_term_string}\"},\"query-input\":{\"@type\":\"PropertyValueSpecification\",\"valueRequired\":true,\"valueName\":\"search_term_string\"}}],\"inLanguage\":\"fr-FR\"},{\"@type\":[\"Person\",\"Organization\"],\"@id\":\"https:\\\/\\\/mademoisellecoline.com\\\/en\\\/#\\\/schema\\\/person\\\/a87a3358725ddb0d57e86600da53e416\",\"name\":\"Mademoiselle Coline\",\"image\":{\"@type\":\"ImageObject\",\"inLanguage\":\"fr-FR\",\"@id\":\"https:\\\/\\\/mademoisellecoline.com\\\/wp-content\\\/uploads\\\/2024\\\/01\\\/ColineNeg.jpg\",\"url\":\"https:\\\/\\\/mademoisellecoline.com\\\/wp-content\\\/uploads\\\/2024\\\/01\\\/ColineNeg.jpg\",\"contentUrl\":\"https:\\\/\\\/mademoisellecoline.com\\\/wp-content\\\/uploads\\\/2024\\\/01\\\/ColineNeg.jpg\",\"width\":584,\"height\":349,\"caption\":\"Mademoiselle Coline\"},\"logo\":{\"@id\":\"https:\\\/\\\/mademoisellecoline.com\\\/wp-content\\\/uploads\\\/2024\\\/01\\\/ColineNeg.jpg\"},\"sameAs\":[\"https:\\\/\\\/www.facebook.com\\\/mademoisellecoline\",\"https:\\\/\\\/www.instagram.com\\\/mademoiselle_coline\\\/\"]},{\"@type\":\"Person\",\"@id\":\"https:\\\/\\\/mademoisellecoline.com\\\/en\\\/#\\\/schema\\\/person\\\/0253827305e8993c3859f32dce4d9b97\",\"name\":\"Mademoiselle Coline\",\"image\":{\"@type\":\"ImageObject\",\"inLanguage\":\"fr-FR\",\"@id\":\"https:\\\/\\\/mademoisellecoline.com\\\/wp-content\\\/litespeed\\\/avatar\\\/1b82c8537b697d562a5c233c70f8a8fb.jpg?ver=1776845874\",\"url\":\"https:\\\/\\\/mademoisellecoline.com\\\/wp-content\\\/litespeed\\\/avatar\\\/1b82c8537b697d562a5c233c70f8a8fb.jpg?ver=1776845874\",\"contentUrl\":\"https:\\\/\\\/mademoisellecoline.com\\\/wp-content\\\/litespeed\\\/avatar\\\/1b82c8537b697d562a5c233c70f8a8fb.jpg?ver=1776845874\",\"caption\":\"Mademoiselle Coline\"},\"sameAs\":[\"https:\\\/\\\/mademoisellecoline.com\",\"https:\\\/\\\/www.facebook.com\\\/mademoisellecoline\"]}]}<\/script>\n<!-- \/ Yoast SEO plugin. -->","yoast_head_json":{"title":"Mademoiselle Coline dans le Fashion Book d\u2019ELLE | Mademoiselle Coline","description":"Mademoiselle Coline en couverture de TELVA. Mademoiselle Coline ont \u00e9t\u00e9 choisies par la directrice de la mode du prestigieux magazine TELVA, Alicia Chapa","robots":{"index":"index","follow":"follow","max-snippet":"max-snippet:-1","max-image-preview":"max-image-preview:large","max-video-preview":"max-video-preview:-1"},"canonical":"https:\/\/mademoisellecoline.com\/fr\/blog\/fashion-book-elle-mademoiselle-coline-fr\/","og_locale":"fr_FR","og_type":"article","og_title":"Mademoiselle Coline dans le Fashion Book d\u2019ELLE | Mademoiselle Coline","og_description":"Mademoiselle Coline en couverture de TELVA. Mademoiselle Coline ont \u00e9t\u00e9 choisies par la directrice de la mode du prestigieux magazine TELVA, Alicia Chapa","og_url":"https:\/\/mademoisellecoline.com\/fr\/blog\/fashion-book-elle-mademoiselle-coline-fr\/","og_site_name":"Mademoiselle Coline","article_publisher":"https:\/\/www.facebook.com\/mademoisellecoline","article_author":"https:\/\/www.facebook.com\/mademoisellecoline","article_published_time":"2020-02-25T10:13:33+00:00","article_modified_time":"2025-10-01T13:29:17+00:00","og_image":[{"width":1024,"height":1024,"url":"https:\/\/mademoisellecoline.com\/wp-content\/uploads\/2020\/02\/Mademoiselle-Coline-Elle-1024x1024.jpg","type":"image\/jpeg"}],"author":"Mademoiselle Coline","twitter_card":"summary_large_image","twitter_misc":{"\u00c9crit par":"Mademoiselle Coline","Dur\u00e9e de lecture estim\u00e9e":"2 minutes"},"schema":{"@context":"https:\/\/schema.org","@graph":[{"@type":"Article","@id":"https:\/\/mademoisellecoline.com\/fr\/blog\/fashion-book-elle-mademoiselle-coline-fr\/#article","isPartOf":{"@id":"https:\/\/mademoisellecoline.com\/fr\/blog\/fashion-book-elle-mademoiselle-coline-fr\/"},"author":{"name":"Mademoiselle Coline","@id":"https:\/\/mademoisellecoline.com\/en\/#\/schema\/person\/0253827305e8993c3859f32dce4d9b97"},"headline":"Mademoiselle Coline dans le Fashion Book d\u2019ELLE","datePublished":"2020-02-25T10:13:33+00:00","dateModified":"2025-10-01T13:29:17+00:00","mainEntityOfPage":{"@id":"https:\/\/mademoisellecoline.com\/fr\/blog\/fashion-book-elle-mademoiselle-coline-fr\/"},"wordCount":67,"commentCount":0,"publisher":{"@id":"https:\/\/mademoisellecoline.com\/en\/#\/schema\/person\/a87a3358725ddb0d57e86600da53e416"},"image":{"@id":"https:\/\/mademoisellecoline.com\/fr\/blog\/fashion-book-elle-mademoiselle-coline-fr\/#primaryimage"},"thumbnailUrl":"https:\/\/mademoisellecoline.com\/wp-content\/uploads\/2020\/02\/Mademoiselle-Coline-Elle.jpg","keywords":["bijoux artisanaux","Bijoux durables","bijoux faits main","Bijoux Sur Mesure","Pi\u00e8ces uniques de bijoux artisanaux"],"articleSection":["Presse"],"inLanguage":"fr-FR","potentialAction":[{"@type":"CommentAction","name":"Comment","target":["https:\/\/mademoisellecoline.com\/fr\/blog\/fashion-book-elle-mademoiselle-coline-fr\/#respond"]}]},{"@type":"WebPage","@id":"https:\/\/mademoisellecoline.com\/fr\/blog\/fashion-book-elle-mademoiselle-coline-fr\/","url":"https:\/\/mademoisellecoline.com\/fr\/blog\/fashion-book-elle-mademoiselle-coline-fr\/","name":"Mademoiselle Coline dans le Fashion Book d\u2019ELLE | Mademoiselle Coline","isPartOf":{"@id":"https:\/\/mademoisellecoline.com\/en\/#website"},"primaryImageOfPage":{"@id":"https:\/\/mademoisellecoline.com\/fr\/blog\/fashion-book-elle-mademoiselle-coline-fr\/#primaryimage"},"image":{"@id":"https:\/\/mademoisellecoline.com\/fr\/blog\/fashion-book-elle-mademoiselle-coline-fr\/#primaryimage"},"thumbnailUrl":"https:\/\/mademoisellecoline.com\/wp-content\/uploads\/2020\/02\/Mademoiselle-Coline-Elle.jpg","datePublished":"2020-02-25T10:13:33+00:00","dateModified":"2025-10-01T13:29:17+00:00","description":"Mademoiselle Coline en couverture de TELVA. Mademoiselle Coline ont \u00e9t\u00e9 choisies par la directrice de la mode du prestigieux magazine TELVA, Alicia Chapa","breadcrumb":{"@id":"https:\/\/mademoisellecoline.com\/fr\/blog\/fashion-book-elle-mademoiselle-coline-fr\/#breadcrumb"},"inLanguage":"fr-FR","potentialAction":[{"@type":"ReadAction","target":["https:\/\/mademoisellecoline.com\/fr\/blog\/fashion-book-elle-mademoiselle-coline-fr\/"]}]},{"@type":"ImageObject","inLanguage":"fr-FR","@id":"https:\/\/mademoisellecoline.com\/fr\/blog\/fashion-book-elle-mademoiselle-coline-fr\/#primaryimage","url":"https:\/\/mademoisellecoline.com\/wp-content\/uploads\/2020\/02\/Mademoiselle-Coline-Elle.jpg","contentUrl":"https:\/\/mademoisellecoline.com\/wp-content\/uploads\/2020\/02\/Mademoiselle-Coline-Elle.jpg","width":2291,"height":2291},{"@type":"BreadcrumbList","@id":"https:\/\/mademoisellecoline.com\/fr\/blog\/fashion-book-elle-mademoiselle-coline-fr\/#breadcrumb","itemListElement":[{"@type":"ListItem","position":1,"name":"Portada","item":"https:\/\/mademoisellecoline.com\/fr\/"},{"@type":"ListItem","position":2,"name":"Mademoiselle Coline dans le Fashion Book d\u2019ELLE"}]},{"@type":"WebSite","@id":"https:\/\/mademoisellecoline.com\/en\/#website","url":"https:\/\/mademoisellecoline.com\/en\/","name":"Mademoiselle Coline","description":"Joyas delicadas, c\u00e1lidas y arm\u00f3nicas","publisher":{"@id":"https:\/\/mademoisellecoline.com\/en\/#\/schema\/person\/a87a3358725ddb0d57e86600da53e416"},"potentialAction":[{"@type":"SearchAction","target":{"@type":"EntryPoint","urlTemplate":"https:\/\/mademoisellecoline.com\/en\/?s={search_term_string}"},"query-input":{"@type":"PropertyValueSpecification","valueRequired":true,"valueName":"search_term_string"}}],"inLanguage":"fr-FR"},{"@type":["Person","Organization"],"@id":"https:\/\/mademoisellecoline.com\/en\/#\/schema\/person\/a87a3358725ddb0d57e86600da53e416","name":"Mademoiselle Coline","image":{"@type":"ImageObject","inLanguage":"fr-FR","@id":"https:\/\/mademoisellecoline.com\/wp-content\/uploads\/2024\/01\/ColineNeg.jpg","url":"https:\/\/mademoisellecoline.com\/wp-content\/uploads\/2024\/01\/ColineNeg.jpg","contentUrl":"https:\/\/mademoisellecoline.com\/wp-content\/uploads\/2024\/01\/ColineNeg.jpg","width":584,"height":349,"caption":"Mademoiselle Coline"},"logo":{"@id":"https:\/\/mademoisellecoline.com\/wp-content\/uploads\/2024\/01\/ColineNeg.jpg"},"sameAs":["https:\/\/www.facebook.com\/mademoisellecoline","https:\/\/www.instagram.com\/mademoiselle_coline\/"]},{"@type":"Person","@id":"https:\/\/mademoisellecoline.com\/en\/#\/schema\/person\/0253827305e8993c3859f32dce4d9b97","name":"Mademoiselle Coline","image":{"@type":"ImageObject","inLanguage":"fr-FR","@id":"https:\/\/mademoisellecoline.com\/wp-content\/litespeed\/avatar\/1b82c8537b697d562a5c233c70f8a8fb.jpg?ver=1776845874","url":"https:\/\/mademoisellecoline.com\/wp-content\/litespeed\/avatar\/1b82c8537b697d562a5c233c70f8a8fb.jpg?ver=1776845874","contentUrl":"https:\/\/mademoisellecoline.com\/wp-content\/litespeed\/avatar\/1b82c8537b697d562a5c233c70f8a8fb.jpg?ver=1776845874","caption":"Mademoiselle Coline"},"sameAs":["https:\/\/mademoisellecoline.com","https:\/\/www.facebook.com\/mademoisellecoline"]}]}},"_links":{"self":[{"href":"https:\/\/mademoisellecoline.com\/fr\/wp-json\/wp\/v2\/posts\/14383","targetHints":{"allow":["GET"]}}],"collection":[{"href":"https:\/\/mademoisellecoline.com\/fr\/wp-json\/wp\/v2\/posts"}],"about":[{"href":"https:\/\/mademoisellecoline.com\/fr\/wp-json\/wp\/v2\/types\/post"}],"author":[{"embeddable":true,"href":"https:\/\/mademoisellecoline.com\/fr\/wp-json\/wp\/v2\/users\/2"}],"replies":[{"embeddable":true,"href":"https:\/\/mademoisellecoline.com\/fr\/wp-json\/wp\/v2\/comments?post=14383"}],"version-history":[{"count":1,"href":"https:\/\/mademoisellecoline.com\/fr\/wp-json\/wp\/v2\/posts\/14383\/revisions"}],"predecessor-version":[{"id":36677,"href":"https:\/\/mademoisellecoline.com\/fr\/wp-json\/wp\/v2\/posts\/14383\/revisions\/36677"}],"wp:featuredmedia":[{"embeddable":true,"href":"https:\/\/mademoisellecoline.com\/fr\/wp-json\/wp\/v2\/media\/14391"}],"wp:attachment":[{"href":"https:\/\/mademoisellecoline.com\/fr\/wp-json\/wp\/v2\/media?parent=14383"}],"wp:term":[{"taxonomy":"category","embeddable":true,"href":"https:\/\/mademoisellecoline.com\/fr\/wp-json\/wp\/v2\/categories?post=14383"},{"taxonomy":"post_tag","embeddable":true,"href":"https:\/\/mademoisellecoline.com\/fr\/wp-json\/wp\/v2\/tags?post=14383"}],"curies":[{"name":"wp","href":"https:\/\/api.w.org\/{rel}","templated":true}]}}