{"id":14914,"date":"2020-04-23T15:29:21","date_gmt":"2020-04-23T15:29:21","guid":{"rendered":"https:\/\/mademoisellecoline.com\/?p=14914"},"modified":"2025-10-01T13:23:39","modified_gmt":"2025-10-01T13:23:39","slug":"mademoiselle-coline-elle-begona-vargas-fr","status":"publish","type":"post","link":"https:\/\/mademoisellecoline.com\/fr\/blog\/mademoiselle-coline-elle-begona-vargas-fr\/","title":{"rendered":"Bego\u00f1a Vargas dans ELLE avec des bagues de Mademoiselle Coline"},"content":{"rendered":"\n<p>Je suis particuli\u00e8rement heureuse de lire l&rsquo;interview de Paloma Lubillo dans ELLE avec l&rsquo;actrice et danseuse Bego\u00f1a Vargas. Il refl\u00e8te tr\u00e8s bien ce que je poursuis avec mes cr\u00e9ations, avec Mademoiselle Coline, avec ce look nostalgique et actuel \u00e0 la fois et port\u00e9 par une femme authentique, cr\u00e9ative et ind\u00e9pendante qui poursuit ses r\u00eaves sans limites.<\/p>\n\n\n\n<p>Merci beaucoup ELLE &#x2764;&#xfe0f;<\/p>\n\n\n\n<figure class=\"wp-block-gallery columns-3 is-cropped wp-block-gallery-1 is-layout-flex wp-block-gallery-is-layout-flex\"><ul class=\"blocks-gallery-grid\"><li class=\"blocks-gallery-item\"><figure><img loading=\"lazy\" decoding=\"async\" width=\"1024\" height=\"1024\" src=\"https:\/\/mademoisellecoline.com\/wp-content\/uploads\/2020\/04\/elle-etoile-envie-mademoiselle-coline-begona-vargas-1024x1024.jpg\" alt=\"\" data-id=\"14918\" data-full-url=\"https:\/\/mademoisellecoline.com\/wp-content\/uploads\/2020\/04\/elle-etoile-envie-mademoiselle-coline-begona-vargas.jpg\" data-link=\"https:\/\/mademoisellecoline.com\/fr\/elle-etoile-envie-mademoiselle-coline-begona-vargas-2\/\" class=\"wp-image-14918\" srcset=\"https:\/\/mademoisellecoline.com\/wp-content\/uploads\/2020\/04\/elle-etoile-envie-mademoiselle-coline-begona-vargas-1024x1024.jpg 1024w, https:\/\/mademoisellecoline.com\/wp-content\/uploads\/2020\/04\/elle-etoile-envie-mademoiselle-coline-begona-vargas-300x300.jpg 300w, https:\/\/mademoisellecoline.com\/wp-content\/uploads\/2020\/04\/elle-etoile-envie-mademoiselle-coline-begona-vargas-150x150.jpg 150w, https:\/\/mademoisellecoline.com\/wp-content\/uploads\/2020\/04\/elle-etoile-envie-mademoiselle-coline-begona-vargas.jpg 1500w\" sizes=\"auto, (max-width: 1024px) 100vw, 1024px\" \/><\/figure><\/li><li class=\"blocks-gallery-item\"><figure><img loading=\"lazy\" decoding=\"async\" width=\"1024\" height=\"1024\" src=\"https:\/\/mademoisellecoline.com\/wp-content\/uploads\/2020\/04\/nostalgia-begona-vargas-elle-coline-mademoiselle-1024x1024.jpg\" alt=\"\" data-id=\"14930\" data-full-url=\"https:\/\/mademoisellecoline.com\/wp-content\/uploads\/2020\/04\/nostalgia-begona-vargas-elle-coline-mademoiselle.jpg\" data-link=\"https:\/\/mademoisellecoline.com\/fr\/nostalgia-begona-vargas-elle-coline-mademoiselle-2\/\" class=\"wp-image-14930\" srcset=\"https:\/\/mademoisellecoline.com\/wp-content\/uploads\/2020\/04\/nostalgia-begona-vargas-elle-coline-mademoiselle-1024x1024.jpg 1024w, https:\/\/mademoisellecoline.com\/wp-content\/uploads\/2020\/04\/nostalgia-begona-vargas-elle-coline-mademoiselle-300x300.jpg 300w, https:\/\/mademoisellecoline.com\/wp-content\/uploads\/2020\/04\/nostalgia-begona-vargas-elle-coline-mademoiselle-150x150.jpg 150w, https:\/\/mademoisellecoline.com\/wp-content\/uploads\/2020\/04\/nostalgia-begona-vargas-elle-coline-mademoiselle-367x367.jpg 367w\" sizes=\"auto, (max-width: 1024px) 100vw, 1024px\" \/><\/figure><\/li><li class=\"blocks-gallery-item\"><figure><img loading=\"lazy\" decoding=\"async\" width=\"1024\" height=\"1024\" src=\"https:\/\/mademoisellecoline.com\/wp-content\/uploads\/2020\/04\/double-s-elle-mademoiselle-coline-begona-vargas-paloma-lubillo-1024x1024.jpg\" alt=\"\" data-id=\"14934\" data-full-url=\"https:\/\/mademoisellecoline.com\/wp-content\/uploads\/2020\/04\/double-s-elle-mademoiselle-coline-begona-vargas-paloma-lubillo.jpg\" data-link=\"https:\/\/mademoisellecoline.com\/fr\/double-s-elle-mademoiselle-coline-begona-vargas-paloma-lubillo-2\/\" class=\"wp-image-14934\" srcset=\"https:\/\/mademoisellecoline.com\/wp-content\/uploads\/2020\/04\/double-s-elle-mademoiselle-coline-begona-vargas-paloma-lubillo-1024x1024.jpg 1024w, https:\/\/mademoisellecoline.com\/wp-content\/uploads\/2020\/04\/double-s-elle-mademoiselle-coline-begona-vargas-paloma-lubillo-300x300.jpg 300w, https:\/\/mademoisellecoline.com\/wp-content\/uploads\/2020\/04\/double-s-elle-mademoiselle-coline-begona-vargas-paloma-lubillo-150x150.jpg 150w, https:\/\/mademoisellecoline.com\/wp-content\/uploads\/2020\/04\/double-s-elle-mademoiselle-coline-begona-vargas-paloma-lubillo.jpg 1500w\" sizes=\"auto, (max-width: 1024px) 100vw, 1024px\" \/><\/figure><\/li><li class=\"blocks-gallery-item\"><figure><img loading=\"lazy\" decoding=\"async\" width=\"1024\" height=\"1024\" src=\"https:\/\/mademoisellecoline.com\/wp-content\/uploads\/2020\/04\/elle-bego\u00f1a-vargas-nmademoiselle-coline-1024x1024.jpg\" alt=\"\" data-id=\"14922\" data-full-url=\"https:\/\/mademoisellecoline.com\/wp-content\/uploads\/2020\/04\/elle-bego\u00f1a-vargas-nmademoiselle-coline.jpg\" data-link=\"https:\/\/mademoisellecoline.com\/fr\/elle-begona-vargas-nmademoiselle-coline-2\/\" class=\"wp-image-14922\" srcset=\"https:\/\/mademoisellecoline.com\/wp-content\/uploads\/2020\/04\/elle-bego\u00f1a-vargas-nmademoiselle-coline-1024x1024.jpg 1024w, https:\/\/mademoisellecoline.com\/wp-content\/uploads\/2020\/04\/elle-bego\u00f1a-vargas-nmademoiselle-coline-300x300.jpg 300w, https:\/\/mademoisellecoline.com\/wp-content\/uploads\/2020\/04\/elle-bego\u00f1a-vargas-nmademoiselle-coline-150x150.jpg 150w\" sizes=\"auto, (max-width: 1024px) 100vw, 1024px\" \/><\/figure><\/li><li class=\"blocks-gallery-item\"><figure><img loading=\"lazy\" decoding=\"async\" width=\"1024\" height=\"1024\" src=\"https:\/\/mademoisellecoline.com\/wp-content\/uploads\/2020\/04\/coline-mademoiselle-elle-bego\u00f1a-bargas-1024x1024.jpg\" alt=\"\" data-id=\"14926\" data-full-url=\"https:\/\/mademoisellecoline.com\/wp-content\/uploads\/2020\/04\/coline-mademoiselle-elle-bego\u00f1a-bargas.jpg\" data-link=\"https:\/\/mademoisellecoline.com\/fr\/coline-mademoiselle-elle-begona-bargas-2\/\" class=\"wp-image-14926\" srcset=\"https:\/\/mademoisellecoline.com\/wp-content\/uploads\/2020\/04\/coline-mademoiselle-elle-bego\u00f1a-bargas-1024x1024.jpg 1024w, https:\/\/mademoisellecoline.com\/wp-content\/uploads\/2020\/04\/coline-mademoiselle-elle-bego\u00f1a-bargas-300x300.jpg 300w, https:\/\/mademoisellecoline.com\/wp-content\/uploads\/2020\/04\/coline-mademoiselle-elle-bego\u00f1a-bargas-150x150.jpg 150w\" sizes=\"auto, (max-width: 1024px) 100vw, 1024px\" \/><\/figure><\/li><\/ul><\/figure>\n\n\n\n<p>Les bagues pr\u00e9sent\u00e9es dans l&rsquo;article sont de la <a href=\"https:\/\/mademoisellecoline.com\/fr\/collections-des-bijoux\/collection-envie-du-passe\/\">Collection Envie du Pass\u00e9<\/a> et la <a href=\"https:\/\/mademoisellecoline.com\/fr\/collections-des-bijoux\/collection-surrounded-by-beauty\/\">Collection Surrounded by Beauty<\/a><\/p>\n\n\n\n<p>Article <a href=\"https:\/\/www.elle.com\/es\/living\/ocio-cultura\/a32303042\/begona-vargas-entrevista-elle\/\">www.elle.com<\/a><\/p>\n","protected":false},"excerpt":{"rendered":"<p>Je suis particuli\u00e8rement heureuse de lire l&rsquo;interview de Paloma Lubillo dans ELLE avec l&rsquo;actrice et danseuse Bego\u00f1a Vargas. Il refl\u00e8te tr\u00e8s bien ce que je poursuis avec mes cr\u00e9ations, avec Mademoiselle Coline, avec ce look nostalgique et actuel \u00e0 la fois et port\u00e9 par une femme authentique, cr\u00e9ative et ind\u00e9pendante qui poursuit ses r\u00eaves sans<\/p>\n","protected":false},"author":2,"featured_media":14930,"comment_status":"open","ping_status":"open","sticky":false,"template":"","format":"standard","meta":{"_joinchat":[],"footnotes":""},"categories":[356],"tags":[1705,2276,2696,3125,2944,3121],"class_list":["post-14914","post","type-post","status-publish","format-standard","has-post-thumbnail","hentry","category-presse","tag-begona-vargas-fr","tag-bijoux-artisanaux","tag-bijoux-durables","tag-bijoux-faits-main","tag-bijoux-sur-mesure","tag-pieces-uniques-de-bijoux-artisanaux"],"yoast_head":"<!-- This site is optimized with the Yoast SEO plugin v27.4 - https:\/\/yoast.com\/product\/yoast-seo-wordpress\/ -->\n<title>Bego\u00f1a Vargas dans ELLE avec des bagues de Mademoiselle Coline | Mademoiselle Coline<\/title>\n<meta name=\"description\" content=\"Mademoiselle Coline en couverture de TELVA. Mademoiselle Coline ont \u00e9t\u00e9 choisies par la directrice de la mode du prestigieux magazine TELVA, Alicia Chapa\" \/>\n<meta name=\"robots\" content=\"index, follow, max-snippet:-1, max-image-preview:large, max-video-preview:-1\" \/>\n<link rel=\"canonical\" href=\"https:\/\/mademoisellecoline.com\/fr\/blog\/mademoiselle-coline-elle-begona-vargas-fr\/\" \/>\n<meta property=\"og:locale\" content=\"fr_FR\" \/>\n<meta property=\"og:type\" content=\"article\" \/>\n<meta property=\"og:title\" content=\"Bego\u00f1a Vargas dans ELLE avec des bagues de Mademoiselle Coline | Mademoiselle Coline\" \/>\n<meta property=\"og:description\" content=\"Mademoiselle Coline en couverture de TELVA. Mademoiselle Coline ont \u00e9t\u00e9 choisies par la directrice de la mode du prestigieux magazine TELVA, Alicia Chapa\" \/>\n<meta property=\"og:url\" content=\"https:\/\/mademoisellecoline.com\/fr\/blog\/mademoiselle-coline-elle-begona-vargas-fr\/\" \/>\n<meta property=\"og:site_name\" content=\"Mademoiselle Coline\" \/>\n<meta property=\"article:publisher\" content=\"https:\/\/www.facebook.com\/mademoisellecoline\" \/>\n<meta property=\"article:author\" content=\"https:\/\/www.facebook.com\/mademoisellecoline\" \/>\n<meta property=\"article:published_time\" content=\"2020-04-23T15:29:21+00:00\" \/>\n<meta property=\"article:modified_time\" content=\"2025-10-01T13:23:39+00:00\" \/>\n<meta property=\"og:image\" content=\"https:\/\/mademoisellecoline.com\/wp-content\/uploads\/2020\/04\/nostalgia-begona-vargas-elle-coline-mademoiselle.jpg\" \/>\n\t<meta property=\"og:image:width\" content=\"2560\" \/>\n\t<meta property=\"og:image:height\" content=\"2560\" \/>\n\t<meta property=\"og:image:type\" content=\"image\/jpeg\" \/>\n<meta name=\"author\" content=\"Mademoiselle Coline\" \/>\n<meta name=\"twitter:card\" content=\"summary_large_image\" \/>\n<meta name=\"twitter:label1\" content=\"\u00c9crit par\" \/>\n\t<meta name=\"twitter:data1\" content=\"Mademoiselle Coline\" \/>\n<script type=\"application\/ld+json\" class=\"yoast-schema-graph\">{\"@context\":\"https:\\\/\\\/schema.org\",\"@graph\":[{\"@type\":\"Article\",\"@id\":\"https:\\\/\\\/mademoisellecoline.com\\\/fr\\\/blog\\\/mademoiselle-coline-elle-begona-vargas-fr\\\/#article\",\"isPartOf\":{\"@id\":\"https:\\\/\\\/mademoisellecoline.com\\\/fr\\\/blog\\\/mademoiselle-coline-elle-begona-vargas-fr\\\/\"},\"author\":{\"name\":\"Mademoiselle Coline\",\"@id\":\"https:\\\/\\\/mademoisellecoline.com\\\/en\\\/#\\\/schema\\\/person\\\/0253827305e8993c3859f32dce4d9b97\"},\"headline\":\"Bego\u00f1a Vargas dans ELLE avec des bagues de Mademoiselle Coline\",\"datePublished\":\"2020-04-23T15:29:21+00:00\",\"dateModified\":\"2025-10-01T13:23:39+00:00\",\"mainEntityOfPage\":{\"@id\":\"https:\\\/\\\/mademoisellecoline.com\\\/fr\\\/blog\\\/mademoiselle-coline-elle-begona-vargas-fr\\\/\"},\"wordCount\":107,\"commentCount\":0,\"publisher\":{\"@id\":\"https:\\\/\\\/mademoisellecoline.com\\\/en\\\/#\\\/schema\\\/person\\\/a87a3358725ddb0d57e86600da53e416\"},\"image\":{\"@id\":\"https:\\\/\\\/mademoisellecoline.com\\\/fr\\\/blog\\\/mademoiselle-coline-elle-begona-vargas-fr\\\/#primaryimage\"},\"thumbnailUrl\":\"https:\\\/\\\/mademoisellecoline.com\\\/wp-content\\\/uploads\\\/2020\\\/04\\\/nostalgia-begona-vargas-elle-coline-mademoiselle.jpg\",\"keywords\":[\"Bego\u00f1a Vargas\",\"bijoux artisanaux\",\"Bijoux durables\",\"bijoux faits main\",\"Bijoux Sur Mesure\",\"Pi\u00e8ces uniques de bijoux artisanaux\"],\"articleSection\":[\"Presse\"],\"inLanguage\":\"fr-FR\",\"potentialAction\":[{\"@type\":\"CommentAction\",\"name\":\"Comment\",\"target\":[\"https:\\\/\\\/mademoisellecoline.com\\\/fr\\\/blog\\\/mademoiselle-coline-elle-begona-vargas-fr\\\/#respond\"]}]},{\"@type\":\"WebPage\",\"@id\":\"https:\\\/\\\/mademoisellecoline.com\\\/fr\\\/blog\\\/mademoiselle-coline-elle-begona-vargas-fr\\\/\",\"url\":\"https:\\\/\\\/mademoisellecoline.com\\\/fr\\\/blog\\\/mademoiselle-coline-elle-begona-vargas-fr\\\/\",\"name\":\"Bego\u00f1a Vargas dans ELLE avec des bagues de Mademoiselle Coline | Mademoiselle Coline\",\"isPartOf\":{\"@id\":\"https:\\\/\\\/mademoisellecoline.com\\\/en\\\/#website\"},\"primaryImageOfPage\":{\"@id\":\"https:\\\/\\\/mademoisellecoline.com\\\/fr\\\/blog\\\/mademoiselle-coline-elle-begona-vargas-fr\\\/#primaryimage\"},\"image\":{\"@id\":\"https:\\\/\\\/mademoisellecoline.com\\\/fr\\\/blog\\\/mademoiselle-coline-elle-begona-vargas-fr\\\/#primaryimage\"},\"thumbnailUrl\":\"https:\\\/\\\/mademoisellecoline.com\\\/wp-content\\\/uploads\\\/2020\\\/04\\\/nostalgia-begona-vargas-elle-coline-mademoiselle.jpg\",\"datePublished\":\"2020-04-23T15:29:21+00:00\",\"dateModified\":\"2025-10-01T13:23:39+00:00\",\"description\":\"Mademoiselle Coline en couverture de TELVA. Mademoiselle Coline ont \u00e9t\u00e9 choisies par la directrice de la mode du prestigieux magazine TELVA, Alicia Chapa\",\"breadcrumb\":{\"@id\":\"https:\\\/\\\/mademoisellecoline.com\\\/fr\\\/blog\\\/mademoiselle-coline-elle-begona-vargas-fr\\\/#breadcrumb\"},\"inLanguage\":\"fr-FR\",\"potentialAction\":[{\"@type\":\"ReadAction\",\"target\":[\"https:\\\/\\\/mademoisellecoline.com\\\/fr\\\/blog\\\/mademoiselle-coline-elle-begona-vargas-fr\\\/\"]}]},{\"@type\":\"ImageObject\",\"inLanguage\":\"fr-FR\",\"@id\":\"https:\\\/\\\/mademoisellecoline.com\\\/fr\\\/blog\\\/mademoiselle-coline-elle-begona-vargas-fr\\\/#primaryimage\",\"url\":\"https:\\\/\\\/mademoisellecoline.com\\\/wp-content\\\/uploads\\\/2020\\\/04\\\/nostalgia-begona-vargas-elle-coline-mademoiselle.jpg\",\"contentUrl\":\"https:\\\/\\\/mademoisellecoline.com\\\/wp-content\\\/uploads\\\/2020\\\/04\\\/nostalgia-begona-vargas-elle-coline-mademoiselle.jpg\",\"width\":2560,\"height\":2560},{\"@type\":\"BreadcrumbList\",\"@id\":\"https:\\\/\\\/mademoisellecoline.com\\\/fr\\\/blog\\\/mademoiselle-coline-elle-begona-vargas-fr\\\/#breadcrumb\",\"itemListElement\":[{\"@type\":\"ListItem\",\"position\":1,\"name\":\"Portada\",\"item\":\"https:\\\/\\\/mademoisellecoline.com\\\/fr\\\/\"},{\"@type\":\"ListItem\",\"position\":2,\"name\":\"Bego\u00f1a Vargas dans ELLE avec des bagues de Mademoiselle Coline\"}]},{\"@type\":\"WebSite\",\"@id\":\"https:\\\/\\\/mademoisellecoline.com\\\/en\\\/#website\",\"url\":\"https:\\\/\\\/mademoisellecoline.com\\\/en\\\/\",\"name\":\"Mademoiselle Coline\",\"description\":\"Joyas delicadas, c\u00e1lidas y arm\u00f3nicas\",\"publisher\":{\"@id\":\"https:\\\/\\\/mademoisellecoline.com\\\/en\\\/#\\\/schema\\\/person\\\/a87a3358725ddb0d57e86600da53e416\"},\"potentialAction\":[{\"@type\":\"SearchAction\",\"target\":{\"@type\":\"EntryPoint\",\"urlTemplate\":\"https:\\\/\\\/mademoisellecoline.com\\\/en\\\/?s={search_term_string}\"},\"query-input\":{\"@type\":\"PropertyValueSpecification\",\"valueRequired\":true,\"valueName\":\"search_term_string\"}}],\"inLanguage\":\"fr-FR\"},{\"@type\":[\"Person\",\"Organization\"],\"@id\":\"https:\\\/\\\/mademoisellecoline.com\\\/en\\\/#\\\/schema\\\/person\\\/a87a3358725ddb0d57e86600da53e416\",\"name\":\"Mademoiselle Coline\",\"image\":{\"@type\":\"ImageObject\",\"inLanguage\":\"fr-FR\",\"@id\":\"https:\\\/\\\/mademoisellecoline.com\\\/wp-content\\\/uploads\\\/2024\\\/01\\\/ColineNeg.jpg\",\"url\":\"https:\\\/\\\/mademoisellecoline.com\\\/wp-content\\\/uploads\\\/2024\\\/01\\\/ColineNeg.jpg\",\"contentUrl\":\"https:\\\/\\\/mademoisellecoline.com\\\/wp-content\\\/uploads\\\/2024\\\/01\\\/ColineNeg.jpg\",\"width\":584,\"height\":349,\"caption\":\"Mademoiselle Coline\"},\"logo\":{\"@id\":\"https:\\\/\\\/mademoisellecoline.com\\\/wp-content\\\/uploads\\\/2024\\\/01\\\/ColineNeg.jpg\"},\"sameAs\":[\"https:\\\/\\\/www.facebook.com\\\/mademoisellecoline\",\"https:\\\/\\\/www.instagram.com\\\/mademoiselle_coline\\\/\"]},{\"@type\":\"Person\",\"@id\":\"https:\\\/\\\/mademoisellecoline.com\\\/en\\\/#\\\/schema\\\/person\\\/0253827305e8993c3859f32dce4d9b97\",\"name\":\"Mademoiselle Coline\",\"image\":{\"@type\":\"ImageObject\",\"inLanguage\":\"fr-FR\",\"@id\":\"https:\\\/\\\/mademoisellecoline.com\\\/wp-content\\\/litespeed\\\/avatar\\\/1b82c8537b697d562a5c233c70f8a8fb.jpg?ver=1776845874\",\"url\":\"https:\\\/\\\/mademoisellecoline.com\\\/wp-content\\\/litespeed\\\/avatar\\\/1b82c8537b697d562a5c233c70f8a8fb.jpg?ver=1776845874\",\"contentUrl\":\"https:\\\/\\\/mademoisellecoline.com\\\/wp-content\\\/litespeed\\\/avatar\\\/1b82c8537b697d562a5c233c70f8a8fb.jpg?ver=1776845874\",\"caption\":\"Mademoiselle Coline\"},\"sameAs\":[\"https:\\\/\\\/mademoisellecoline.com\",\"https:\\\/\\\/www.facebook.com\\\/mademoisellecoline\"]}]}<\/script>\n<!-- \/ Yoast SEO plugin. -->","yoast_head_json":{"title":"Bego\u00f1a Vargas dans ELLE avec des bagues de Mademoiselle Coline | Mademoiselle Coline","description":"Mademoiselle Coline en couverture de TELVA. Mademoiselle Coline ont \u00e9t\u00e9 choisies par la directrice de la mode du prestigieux magazine TELVA, Alicia Chapa","robots":{"index":"index","follow":"follow","max-snippet":"max-snippet:-1","max-image-preview":"max-image-preview:large","max-video-preview":"max-video-preview:-1"},"canonical":"https:\/\/mademoisellecoline.com\/fr\/blog\/mademoiselle-coline-elle-begona-vargas-fr\/","og_locale":"fr_FR","og_type":"article","og_title":"Bego\u00f1a Vargas dans ELLE avec des bagues de Mademoiselle Coline | Mademoiselle Coline","og_description":"Mademoiselle Coline en couverture de TELVA. Mademoiselle Coline ont \u00e9t\u00e9 choisies par la directrice de la mode du prestigieux magazine TELVA, Alicia Chapa","og_url":"https:\/\/mademoisellecoline.com\/fr\/blog\/mademoiselle-coline-elle-begona-vargas-fr\/","og_site_name":"Mademoiselle Coline","article_publisher":"https:\/\/www.facebook.com\/mademoisellecoline","article_author":"https:\/\/www.facebook.com\/mademoisellecoline","article_published_time":"2020-04-23T15:29:21+00:00","article_modified_time":"2025-10-01T13:23:39+00:00","og_image":[{"width":2560,"height":2560,"url":"https:\/\/mademoisellecoline.com\/wp-content\/uploads\/2020\/04\/nostalgia-begona-vargas-elle-coline-mademoiselle.jpg","type":"image\/jpeg"}],"author":"Mademoiselle Coline","twitter_card":"summary_large_image","twitter_misc":{"\u00c9crit par":"Mademoiselle Coline"},"schema":{"@context":"https:\/\/schema.org","@graph":[{"@type":"Article","@id":"https:\/\/mademoisellecoline.com\/fr\/blog\/mademoiselle-coline-elle-begona-vargas-fr\/#article","isPartOf":{"@id":"https:\/\/mademoisellecoline.com\/fr\/blog\/mademoiselle-coline-elle-begona-vargas-fr\/"},"author":{"name":"Mademoiselle Coline","@id":"https:\/\/mademoisellecoline.com\/en\/#\/schema\/person\/0253827305e8993c3859f32dce4d9b97"},"headline":"Bego\u00f1a Vargas dans ELLE avec des bagues de Mademoiselle Coline","datePublished":"2020-04-23T15:29:21+00:00","dateModified":"2025-10-01T13:23:39+00:00","mainEntityOfPage":{"@id":"https:\/\/mademoisellecoline.com\/fr\/blog\/mademoiselle-coline-elle-begona-vargas-fr\/"},"wordCount":107,"commentCount":0,"publisher":{"@id":"https:\/\/mademoisellecoline.com\/en\/#\/schema\/person\/a87a3358725ddb0d57e86600da53e416"},"image":{"@id":"https:\/\/mademoisellecoline.com\/fr\/blog\/mademoiselle-coline-elle-begona-vargas-fr\/#primaryimage"},"thumbnailUrl":"https:\/\/mademoisellecoline.com\/wp-content\/uploads\/2020\/04\/nostalgia-begona-vargas-elle-coline-mademoiselle.jpg","keywords":["Bego\u00f1a Vargas","bijoux artisanaux","Bijoux durables","bijoux faits main","Bijoux Sur Mesure","Pi\u00e8ces uniques de bijoux artisanaux"],"articleSection":["Presse"],"inLanguage":"fr-FR","potentialAction":[{"@type":"CommentAction","name":"Comment","target":["https:\/\/mademoisellecoline.com\/fr\/blog\/mademoiselle-coline-elle-begona-vargas-fr\/#respond"]}]},{"@type":"WebPage","@id":"https:\/\/mademoisellecoline.com\/fr\/blog\/mademoiselle-coline-elle-begona-vargas-fr\/","url":"https:\/\/mademoisellecoline.com\/fr\/blog\/mademoiselle-coline-elle-begona-vargas-fr\/","name":"Bego\u00f1a Vargas dans ELLE avec des bagues de Mademoiselle Coline | Mademoiselle Coline","isPartOf":{"@id":"https:\/\/mademoisellecoline.com\/en\/#website"},"primaryImageOfPage":{"@id":"https:\/\/mademoisellecoline.com\/fr\/blog\/mademoiselle-coline-elle-begona-vargas-fr\/#primaryimage"},"image":{"@id":"https:\/\/mademoisellecoline.com\/fr\/blog\/mademoiselle-coline-elle-begona-vargas-fr\/#primaryimage"},"thumbnailUrl":"https:\/\/mademoisellecoline.com\/wp-content\/uploads\/2020\/04\/nostalgia-begona-vargas-elle-coline-mademoiselle.jpg","datePublished":"2020-04-23T15:29:21+00:00","dateModified":"2025-10-01T13:23:39+00:00","description":"Mademoiselle Coline en couverture de TELVA. Mademoiselle Coline ont \u00e9t\u00e9 choisies par la directrice de la mode du prestigieux magazine TELVA, Alicia Chapa","breadcrumb":{"@id":"https:\/\/mademoisellecoline.com\/fr\/blog\/mademoiselle-coline-elle-begona-vargas-fr\/#breadcrumb"},"inLanguage":"fr-FR","potentialAction":[{"@type":"ReadAction","target":["https:\/\/mademoisellecoline.com\/fr\/blog\/mademoiselle-coline-elle-begona-vargas-fr\/"]}]},{"@type":"ImageObject","inLanguage":"fr-FR","@id":"https:\/\/mademoisellecoline.com\/fr\/blog\/mademoiselle-coline-elle-begona-vargas-fr\/#primaryimage","url":"https:\/\/mademoisellecoline.com\/wp-content\/uploads\/2020\/04\/nostalgia-begona-vargas-elle-coline-mademoiselle.jpg","contentUrl":"https:\/\/mademoisellecoline.com\/wp-content\/uploads\/2020\/04\/nostalgia-begona-vargas-elle-coline-mademoiselle.jpg","width":2560,"height":2560},{"@type":"BreadcrumbList","@id":"https:\/\/mademoisellecoline.com\/fr\/blog\/mademoiselle-coline-elle-begona-vargas-fr\/#breadcrumb","itemListElement":[{"@type":"ListItem","position":1,"name":"Portada","item":"https:\/\/mademoisellecoline.com\/fr\/"},{"@type":"ListItem","position":2,"name":"Bego\u00f1a Vargas dans ELLE avec des bagues de Mademoiselle Coline"}]},{"@type":"WebSite","@id":"https:\/\/mademoisellecoline.com\/en\/#website","url":"https:\/\/mademoisellecoline.com\/en\/","name":"Mademoiselle Coline","description":"Joyas delicadas, c\u00e1lidas y arm\u00f3nicas","publisher":{"@id":"https:\/\/mademoisellecoline.com\/en\/#\/schema\/person\/a87a3358725ddb0d57e86600da53e416"},"potentialAction":[{"@type":"SearchAction","target":{"@type":"EntryPoint","urlTemplate":"https:\/\/mademoisellecoline.com\/en\/?s={search_term_string}"},"query-input":{"@type":"PropertyValueSpecification","valueRequired":true,"valueName":"search_term_string"}}],"inLanguage":"fr-FR"},{"@type":["Person","Organization"],"@id":"https:\/\/mademoisellecoline.com\/en\/#\/schema\/person\/a87a3358725ddb0d57e86600da53e416","name":"Mademoiselle Coline","image":{"@type":"ImageObject","inLanguage":"fr-FR","@id":"https:\/\/mademoisellecoline.com\/wp-content\/uploads\/2024\/01\/ColineNeg.jpg","url":"https:\/\/mademoisellecoline.com\/wp-content\/uploads\/2024\/01\/ColineNeg.jpg","contentUrl":"https:\/\/mademoisellecoline.com\/wp-content\/uploads\/2024\/01\/ColineNeg.jpg","width":584,"height":349,"caption":"Mademoiselle Coline"},"logo":{"@id":"https:\/\/mademoisellecoline.com\/wp-content\/uploads\/2024\/01\/ColineNeg.jpg"},"sameAs":["https:\/\/www.facebook.com\/mademoisellecoline","https:\/\/www.instagram.com\/mademoiselle_coline\/"]},{"@type":"Person","@id":"https:\/\/mademoisellecoline.com\/en\/#\/schema\/person\/0253827305e8993c3859f32dce4d9b97","name":"Mademoiselle Coline","image":{"@type":"ImageObject","inLanguage":"fr-FR","@id":"https:\/\/mademoisellecoline.com\/wp-content\/litespeed\/avatar\/1b82c8537b697d562a5c233c70f8a8fb.jpg?ver=1776845874","url":"https:\/\/mademoisellecoline.com\/wp-content\/litespeed\/avatar\/1b82c8537b697d562a5c233c70f8a8fb.jpg?ver=1776845874","contentUrl":"https:\/\/mademoisellecoline.com\/wp-content\/litespeed\/avatar\/1b82c8537b697d562a5c233c70f8a8fb.jpg?ver=1776845874","caption":"Mademoiselle Coline"},"sameAs":["https:\/\/mademoisellecoline.com","https:\/\/www.facebook.com\/mademoisellecoline"]}]}},"_links":{"self":[{"href":"https:\/\/mademoisellecoline.com\/fr\/wp-json\/wp\/v2\/posts\/14914","targetHints":{"allow":["GET"]}}],"collection":[{"href":"https:\/\/mademoisellecoline.com\/fr\/wp-json\/wp\/v2\/posts"}],"about":[{"href":"https:\/\/mademoisellecoline.com\/fr\/wp-json\/wp\/v2\/types\/post"}],"author":[{"embeddable":true,"href":"https:\/\/mademoisellecoline.com\/fr\/wp-json\/wp\/v2\/users\/2"}],"replies":[{"embeddable":true,"href":"https:\/\/mademoisellecoline.com\/fr\/wp-json\/wp\/v2\/comments?post=14914"}],"version-history":[{"count":1,"href":"https:\/\/mademoisellecoline.com\/fr\/wp-json\/wp\/v2\/posts\/14914\/revisions"}],"predecessor-version":[{"id":37553,"href":"https:\/\/mademoisellecoline.com\/fr\/wp-json\/wp\/v2\/posts\/14914\/revisions\/37553"}],"wp:featuredmedia":[{"embeddable":true,"href":"https:\/\/mademoisellecoline.com\/fr\/wp-json\/wp\/v2\/media\/14930"}],"wp:attachment":[{"href":"https:\/\/mademoisellecoline.com\/fr\/wp-json\/wp\/v2\/media?parent=14914"}],"wp:term":[{"taxonomy":"category","embeddable":true,"href":"https:\/\/mademoisellecoline.com\/fr\/wp-json\/wp\/v2\/categories?post=14914"},{"taxonomy":"post_tag","embeddable":true,"href":"https:\/\/mademoisellecoline.com\/fr\/wp-json\/wp\/v2\/tags?post=14914"}],"curies":[{"name":"wp","href":"https:\/\/api.w.org\/{rel}","templated":true}]}}