{"id":16105,"date":"2020-07-17T08:32:37","date_gmt":"2020-07-17T08:32:37","guid":{"rendered":"https:\/\/mademoisellecoline.com\/?p=16105"},"modified":"2025-10-01T13:23:05","modified_gmt":"2025-10-01T13:23:05","slug":"mademoiselle-coline-marie-claire-artisanat-mode-fr","status":"publish","type":"post","link":"https:\/\/mademoisellecoline.com\/fr\/blog\/mademoiselle-coline-marie-claire-artisanat-mode-fr\/","title":{"rendered":"L&rsquo;artisanat est \u00e0 la mode, par Marie Claire"},"content":{"rendered":"\n<p><strong>Mademoiselle Coline<\/strong> dans <a href=\"https:\/\/www.marie-claire.es\/moda\/actualidad\/fotos\/descubre-el-valor-artesanal-de-estas-20-firmas-espanolas-391590319687\/\">l&rsquo;article<\/a> de Celia Gij\u00f3n parmi 20 entreprises espagnoles \u00e0 valeur artisanale.<br><\/p>\n\n\n\n<figure class=\"wp-block-gallery columns-3 is-cropped wp-block-gallery-1 is-layout-flex wp-block-gallery-is-layout-flex\"><ul class=\"blocks-gallery-grid\"><li class=\"blocks-gallery-item\"><figure><img loading=\"lazy\" decoding=\"async\" width=\"753\" height=\"682\" src=\"https:\/\/mademoisellecoline.com\/wp-content\/uploads\/2020\/07\/marieclaire-artesanal-mademoiselle-coline.jpg\" alt=\"\" data-id=\"16119\" data-full-url=\"https:\/\/mademoisellecoline.com\/wp-content\/uploads\/2020\/07\/marieclaire-artesanal-mademoiselle-coline.jpg\" data-link=\"https:\/\/mademoisellecoline.com\/fr\/?attachment_id=16119\" class=\"wp-image-16119\" srcset=\"https:\/\/mademoisellecoline.com\/wp-content\/uploads\/2020\/07\/marieclaire-artesanal-mademoiselle-coline.jpg 753w, https:\/\/mademoisellecoline.com\/wp-content\/uploads\/2020\/07\/marieclaire-artesanal-mademoiselle-coline-300x272.jpg 300w\" sizes=\"auto, (max-width: 753px) 100vw, 753px\" \/><\/figure><\/li><li class=\"blocks-gallery-item\"><figure><img loading=\"lazy\" decoding=\"async\" width=\"753\" height=\"679\" src=\"https:\/\/mademoisellecoline.com\/wp-content\/uploads\/2020\/07\/marie-claire-cecilia-gij\u00f3n-mademoiselle-coline-marcas-artesanales-made-in-spain-copy.jpg\" alt=\"\" data-id=\"16111\" data-full-url=\"https:\/\/mademoisellecoline.com\/wp-content\/uploads\/2020\/07\/marie-claire-cecilia-gij\u00f3n-mademoiselle-coline-marcas-artesanales-made-in-spain-copy.jpg\" data-link=\"https:\/\/mademoisellecoline.com\/fr\/?attachment_id=16111\" class=\"wp-image-16111\" srcset=\"https:\/\/mademoisellecoline.com\/wp-content\/uploads\/2020\/07\/marie-claire-cecilia-gij\u00f3n-mademoiselle-coline-marcas-artesanales-made-in-spain-copy.jpg 753w, https:\/\/mademoisellecoline.com\/wp-content\/uploads\/2020\/07\/marie-claire-cecilia-gij\u00f3n-mademoiselle-coline-marcas-artesanales-made-in-spain-copy-300x271.jpg 300w\" sizes=\"auto, (max-width: 753px) 100vw, 753px\" \/><\/figure><\/li><li class=\"blocks-gallery-item\"><figure><img loading=\"lazy\" decoding=\"async\" width=\"753\" height=\"680\" src=\"https:\/\/mademoisellecoline.com\/wp-content\/uploads\/2020\/07\/marie-claire-cecilia-gij\u00f3n-mademoiselle-coline-marcas-artesanales-made-in-spain-hechoamano.jpg\" alt=\"\" data-id=\"16115\" data-full-url=\"https:\/\/mademoisellecoline.com\/wp-content\/uploads\/2020\/07\/marie-claire-cecilia-gij\u00f3n-mademoiselle-coline-marcas-artesanales-made-in-spain-hechoamano.jpg\" data-link=\"https:\/\/mademoisellecoline.com\/fr\/?attachment_id=16115\" class=\"wp-image-16115\" srcset=\"https:\/\/mademoisellecoline.com\/wp-content\/uploads\/2020\/07\/marie-claire-cecilia-gij\u00f3n-mademoiselle-coline-marcas-artesanales-made-in-spain-hechoamano.jpg 753w, https:\/\/mademoisellecoline.com\/wp-content\/uploads\/2020\/07\/marie-claire-cecilia-gij\u00f3n-mademoiselle-coline-marcas-artesanales-made-in-spain-hechoamano-300x271.jpg 300w\" sizes=\"auto, (max-width: 753px) 100vw, 753px\" \/><\/figure><\/li><\/ul><\/figure>\n\n\n\n<p><strong>Merci beaucoup Marie Claire<\/strong>  &#x2764;&#xfe0f;<\/p>\n","protected":false},"excerpt":{"rendered":"<p>Mademoiselle Coline dans l&rsquo;article de Celia Gij\u00f3n parmi 20 entreprises espagnoles \u00e0 valeur artisanale. Merci beaucoup Marie Claire &#x2764;&#xfe0f;<\/p>\n","protected":false},"author":2,"featured_media":16126,"comment_status":"open","ping_status":"open","sticky":false,"template":"","format":"standard","meta":{"_joinchat":[],"footnotes":""},"categories":[356],"tags":[2276,2696,3125,2944,3121],"class_list":["post-16105","post","type-post","status-publish","format-standard","has-post-thumbnail","hentry","category-presse","tag-bijoux-artisanaux","tag-bijoux-durables","tag-bijoux-faits-main","tag-bijoux-sur-mesure","tag-pieces-uniques-de-bijoux-artisanaux"],"yoast_head":"<!-- This site is optimized with the Yoast SEO plugin v27.4 - https:\/\/yoast.com\/product\/yoast-seo-wordpress\/ -->\n<title>L&#039;artisanat est \u00e0 la mode, par Marie Claire | Mademoiselle Coline<\/title>\n<meta name=\"description\" content=\"Mademoiselle Coline dans l&#039;article de Celia Gij\u00f3n parmi 20 entreprises espagnoles \u00e0 valeur artisanale.\" \/>\n<meta name=\"robots\" content=\"index, follow, max-snippet:-1, max-image-preview:large, max-video-preview:-1\" \/>\n<link rel=\"canonical\" href=\"https:\/\/mademoisellecoline.com\/fr\/blog\/mademoiselle-coline-marie-claire-artisanat-mode-fr\/\" \/>\n<meta property=\"og:locale\" content=\"fr_FR\" \/>\n<meta property=\"og:type\" content=\"article\" \/>\n<meta property=\"og:title\" content=\"L&#039;artisanat est \u00e0 la mode, par Marie Claire | Mademoiselle Coline\" \/>\n<meta property=\"og:description\" content=\"Mademoiselle Coline dans l&#039;article de Celia Gij\u00f3n parmi 20 entreprises espagnoles \u00e0 valeur artisanale.\" \/>\n<meta property=\"og:url\" content=\"https:\/\/mademoisellecoline.com\/fr\/blog\/mademoiselle-coline-marie-claire-artisanat-mode-fr\/\" \/>\n<meta property=\"og:site_name\" content=\"Mademoiselle Coline\" \/>\n<meta property=\"article:publisher\" content=\"https:\/\/www.facebook.com\/mademoisellecoline\" \/>\n<meta property=\"article:author\" content=\"https:\/\/www.facebook.com\/mademoisellecoline\" \/>\n<meta property=\"article:published_time\" content=\"2020-07-17T08:32:37+00:00\" \/>\n<meta property=\"article:modified_time\" content=\"2025-10-01T13:23:05+00:00\" \/>\n<meta property=\"og:image\" content=\"https:\/\/mademoisellecoline.com\/wp-content\/uploads\/2020\/07\/artesanal-marie-claire-celia-gijon-marie-claire-slow-marcas-espa\u00f1olas.jpg\" \/>\n\t<meta property=\"og:image:width\" content=\"768\" \/>\n\t<meta property=\"og:image:height\" content=\"600\" \/>\n\t<meta property=\"og:image:type\" content=\"image\/jpeg\" \/>\n<meta name=\"author\" content=\"Mademoiselle Coline\" \/>\n<meta name=\"twitter:card\" content=\"summary_large_image\" \/>\n<meta name=\"twitter:label1\" content=\"\u00c9crit par\" \/>\n\t<meta name=\"twitter:data1\" content=\"Mademoiselle Coline\" \/>\n<script type=\"application\/ld+json\" class=\"yoast-schema-graph\">{\"@context\":\"https:\\\/\\\/schema.org\",\"@graph\":[{\"@type\":\"Article\",\"@id\":\"https:\\\/\\\/mademoisellecoline.com\\\/fr\\\/blog\\\/mademoiselle-coline-marie-claire-artisanat-mode-fr\\\/#article\",\"isPartOf\":{\"@id\":\"https:\\\/\\\/mademoisellecoline.com\\\/fr\\\/blog\\\/mademoiselle-coline-marie-claire-artisanat-mode-fr\\\/\"},\"author\":{\"name\":\"Mademoiselle Coline\",\"@id\":\"https:\\\/\\\/mademoisellecoline.com\\\/en\\\/#\\\/schema\\\/person\\\/0253827305e8993c3859f32dce4d9b97\"},\"headline\":\"L&rsquo;artisanat est \u00e0 la mode, par Marie Claire\",\"datePublished\":\"2020-07-17T08:32:37+00:00\",\"dateModified\":\"2025-10-01T13:23:05+00:00\",\"mainEntityOfPage\":{\"@id\":\"https:\\\/\\\/mademoisellecoline.com\\\/fr\\\/blog\\\/mademoiselle-coline-marie-claire-artisanat-mode-fr\\\/\"},\"wordCount\":29,\"commentCount\":0,\"publisher\":{\"@id\":\"https:\\\/\\\/mademoisellecoline.com\\\/en\\\/#\\\/schema\\\/person\\\/a87a3358725ddb0d57e86600da53e416\"},\"image\":{\"@id\":\"https:\\\/\\\/mademoisellecoline.com\\\/fr\\\/blog\\\/mademoiselle-coline-marie-claire-artisanat-mode-fr\\\/#primaryimage\"},\"thumbnailUrl\":\"https:\\\/\\\/mademoisellecoline.com\\\/wp-content\\\/uploads\\\/2020\\\/07\\\/artesanal-marie-claire-celia-gijon-marie-claire-slow-marcas-espa\u00f1olas.jpg\",\"keywords\":[\"bijoux artisanaux\",\"Bijoux durables\",\"bijoux faits main\",\"Bijoux Sur Mesure\",\"Pi\u00e8ces uniques de bijoux artisanaux\"],\"articleSection\":[\"Presse\"],\"inLanguage\":\"fr-FR\",\"potentialAction\":[{\"@type\":\"CommentAction\",\"name\":\"Comment\",\"target\":[\"https:\\\/\\\/mademoisellecoline.com\\\/fr\\\/blog\\\/mademoiselle-coline-marie-claire-artisanat-mode-fr\\\/#respond\"]}]},{\"@type\":\"WebPage\",\"@id\":\"https:\\\/\\\/mademoisellecoline.com\\\/fr\\\/blog\\\/mademoiselle-coline-marie-claire-artisanat-mode-fr\\\/\",\"url\":\"https:\\\/\\\/mademoisellecoline.com\\\/fr\\\/blog\\\/mademoiselle-coline-marie-claire-artisanat-mode-fr\\\/\",\"name\":\"L'artisanat est \u00e0 la mode, par Marie Claire | Mademoiselle Coline\",\"isPartOf\":{\"@id\":\"https:\\\/\\\/mademoisellecoline.com\\\/en\\\/#website\"},\"primaryImageOfPage\":{\"@id\":\"https:\\\/\\\/mademoisellecoline.com\\\/fr\\\/blog\\\/mademoiselle-coline-marie-claire-artisanat-mode-fr\\\/#primaryimage\"},\"image\":{\"@id\":\"https:\\\/\\\/mademoisellecoline.com\\\/fr\\\/blog\\\/mademoiselle-coline-marie-claire-artisanat-mode-fr\\\/#primaryimage\"},\"thumbnailUrl\":\"https:\\\/\\\/mademoisellecoline.com\\\/wp-content\\\/uploads\\\/2020\\\/07\\\/artesanal-marie-claire-celia-gijon-marie-claire-slow-marcas-espa\u00f1olas.jpg\",\"datePublished\":\"2020-07-17T08:32:37+00:00\",\"dateModified\":\"2025-10-01T13:23:05+00:00\",\"description\":\"Mademoiselle Coline dans l'article de Celia Gij\u00f3n parmi 20 entreprises espagnoles \u00e0 valeur artisanale.\",\"breadcrumb\":{\"@id\":\"https:\\\/\\\/mademoisellecoline.com\\\/fr\\\/blog\\\/mademoiselle-coline-marie-claire-artisanat-mode-fr\\\/#breadcrumb\"},\"inLanguage\":\"fr-FR\",\"potentialAction\":[{\"@type\":\"ReadAction\",\"target\":[\"https:\\\/\\\/mademoisellecoline.com\\\/fr\\\/blog\\\/mademoiselle-coline-marie-claire-artisanat-mode-fr\\\/\"]}]},{\"@type\":\"ImageObject\",\"inLanguage\":\"fr-FR\",\"@id\":\"https:\\\/\\\/mademoisellecoline.com\\\/fr\\\/blog\\\/mademoiselle-coline-marie-claire-artisanat-mode-fr\\\/#primaryimage\",\"url\":\"https:\\\/\\\/mademoisellecoline.com\\\/wp-content\\\/uploads\\\/2020\\\/07\\\/artesanal-marie-claire-celia-gijon-marie-claire-slow-marcas-espa\u00f1olas.jpg\",\"contentUrl\":\"https:\\\/\\\/mademoisellecoline.com\\\/wp-content\\\/uploads\\\/2020\\\/07\\\/artesanal-marie-claire-celia-gijon-marie-claire-slow-marcas-espa\u00f1olas.jpg\",\"width\":768,\"height\":600},{\"@type\":\"BreadcrumbList\",\"@id\":\"https:\\\/\\\/mademoisellecoline.com\\\/fr\\\/blog\\\/mademoiselle-coline-marie-claire-artisanat-mode-fr\\\/#breadcrumb\",\"itemListElement\":[{\"@type\":\"ListItem\",\"position\":1,\"name\":\"Portada\",\"item\":\"https:\\\/\\\/mademoisellecoline.com\\\/fr\\\/\"},{\"@type\":\"ListItem\",\"position\":2,\"name\":\"L&#8217;artisanat est \u00e0 la mode, par Marie Claire\"}]},{\"@type\":\"WebSite\",\"@id\":\"https:\\\/\\\/mademoisellecoline.com\\\/en\\\/#website\",\"url\":\"https:\\\/\\\/mademoisellecoline.com\\\/en\\\/\",\"name\":\"Mademoiselle Coline\",\"description\":\"Joyas delicadas, c\u00e1lidas y arm\u00f3nicas\",\"publisher\":{\"@id\":\"https:\\\/\\\/mademoisellecoline.com\\\/en\\\/#\\\/schema\\\/person\\\/a87a3358725ddb0d57e86600da53e416\"},\"potentialAction\":[{\"@type\":\"SearchAction\",\"target\":{\"@type\":\"EntryPoint\",\"urlTemplate\":\"https:\\\/\\\/mademoisellecoline.com\\\/en\\\/?s={search_term_string}\"},\"query-input\":{\"@type\":\"PropertyValueSpecification\",\"valueRequired\":true,\"valueName\":\"search_term_string\"}}],\"inLanguage\":\"fr-FR\"},{\"@type\":[\"Person\",\"Organization\"],\"@id\":\"https:\\\/\\\/mademoisellecoline.com\\\/en\\\/#\\\/schema\\\/person\\\/a87a3358725ddb0d57e86600da53e416\",\"name\":\"Mademoiselle Coline\",\"image\":{\"@type\":\"ImageObject\",\"inLanguage\":\"fr-FR\",\"@id\":\"https:\\\/\\\/mademoisellecoline.com\\\/wp-content\\\/uploads\\\/2024\\\/01\\\/ColineNeg.jpg\",\"url\":\"https:\\\/\\\/mademoisellecoline.com\\\/wp-content\\\/uploads\\\/2024\\\/01\\\/ColineNeg.jpg\",\"contentUrl\":\"https:\\\/\\\/mademoisellecoline.com\\\/wp-content\\\/uploads\\\/2024\\\/01\\\/ColineNeg.jpg\",\"width\":584,\"height\":349,\"caption\":\"Mademoiselle Coline\"},\"logo\":{\"@id\":\"https:\\\/\\\/mademoisellecoline.com\\\/wp-content\\\/uploads\\\/2024\\\/01\\\/ColineNeg.jpg\"},\"sameAs\":[\"https:\\\/\\\/www.facebook.com\\\/mademoisellecoline\",\"https:\\\/\\\/www.instagram.com\\\/mademoiselle_coline\\\/\"]},{\"@type\":\"Person\",\"@id\":\"https:\\\/\\\/mademoisellecoline.com\\\/en\\\/#\\\/schema\\\/person\\\/0253827305e8993c3859f32dce4d9b97\",\"name\":\"Mademoiselle Coline\",\"image\":{\"@type\":\"ImageObject\",\"inLanguage\":\"fr-FR\",\"@id\":\"https:\\\/\\\/mademoisellecoline.com\\\/wp-content\\\/litespeed\\\/avatar\\\/1b82c8537b697d562a5c233c70f8a8fb.jpg?ver=1776845874\",\"url\":\"https:\\\/\\\/mademoisellecoline.com\\\/wp-content\\\/litespeed\\\/avatar\\\/1b82c8537b697d562a5c233c70f8a8fb.jpg?ver=1776845874\",\"contentUrl\":\"https:\\\/\\\/mademoisellecoline.com\\\/wp-content\\\/litespeed\\\/avatar\\\/1b82c8537b697d562a5c233c70f8a8fb.jpg?ver=1776845874\",\"caption\":\"Mademoiselle Coline\"},\"sameAs\":[\"https:\\\/\\\/mademoisellecoline.com\",\"https:\\\/\\\/www.facebook.com\\\/mademoisellecoline\"]}]}<\/script>\n<!-- \/ Yoast SEO plugin. -->","yoast_head_json":{"title":"L'artisanat est \u00e0 la mode, par Marie Claire | Mademoiselle Coline","description":"Mademoiselle Coline dans l'article de Celia Gij\u00f3n parmi 20 entreprises espagnoles \u00e0 valeur artisanale.","robots":{"index":"index","follow":"follow","max-snippet":"max-snippet:-1","max-image-preview":"max-image-preview:large","max-video-preview":"max-video-preview:-1"},"canonical":"https:\/\/mademoisellecoline.com\/fr\/blog\/mademoiselle-coline-marie-claire-artisanat-mode-fr\/","og_locale":"fr_FR","og_type":"article","og_title":"L'artisanat est \u00e0 la mode, par Marie Claire | Mademoiselle Coline","og_description":"Mademoiselle Coline dans l'article de Celia Gij\u00f3n parmi 20 entreprises espagnoles \u00e0 valeur artisanale.","og_url":"https:\/\/mademoisellecoline.com\/fr\/blog\/mademoiselle-coline-marie-claire-artisanat-mode-fr\/","og_site_name":"Mademoiselle Coline","article_publisher":"https:\/\/www.facebook.com\/mademoisellecoline","article_author":"https:\/\/www.facebook.com\/mademoisellecoline","article_published_time":"2020-07-17T08:32:37+00:00","article_modified_time":"2025-10-01T13:23:05+00:00","og_image":[{"width":768,"height":600,"url":"https:\/\/mademoisellecoline.com\/wp-content\/uploads\/2020\/07\/artesanal-marie-claire-celia-gijon-marie-claire-slow-marcas-espa\u00f1olas.jpg","type":"image\/jpeg"}],"author":"Mademoiselle Coline","twitter_card":"summary_large_image","twitter_misc":{"\u00c9crit par":"Mademoiselle Coline"},"schema":{"@context":"https:\/\/schema.org","@graph":[{"@type":"Article","@id":"https:\/\/mademoisellecoline.com\/fr\/blog\/mademoiselle-coline-marie-claire-artisanat-mode-fr\/#article","isPartOf":{"@id":"https:\/\/mademoisellecoline.com\/fr\/blog\/mademoiselle-coline-marie-claire-artisanat-mode-fr\/"},"author":{"name":"Mademoiselle Coline","@id":"https:\/\/mademoisellecoline.com\/en\/#\/schema\/person\/0253827305e8993c3859f32dce4d9b97"},"headline":"L&rsquo;artisanat est \u00e0 la mode, par Marie Claire","datePublished":"2020-07-17T08:32:37+00:00","dateModified":"2025-10-01T13:23:05+00:00","mainEntityOfPage":{"@id":"https:\/\/mademoisellecoline.com\/fr\/blog\/mademoiselle-coline-marie-claire-artisanat-mode-fr\/"},"wordCount":29,"commentCount":0,"publisher":{"@id":"https:\/\/mademoisellecoline.com\/en\/#\/schema\/person\/a87a3358725ddb0d57e86600da53e416"},"image":{"@id":"https:\/\/mademoisellecoline.com\/fr\/blog\/mademoiselle-coline-marie-claire-artisanat-mode-fr\/#primaryimage"},"thumbnailUrl":"https:\/\/mademoisellecoline.com\/wp-content\/uploads\/2020\/07\/artesanal-marie-claire-celia-gijon-marie-claire-slow-marcas-espa\u00f1olas.jpg","keywords":["bijoux artisanaux","Bijoux durables","bijoux faits main","Bijoux Sur Mesure","Pi\u00e8ces uniques de bijoux artisanaux"],"articleSection":["Presse"],"inLanguage":"fr-FR","potentialAction":[{"@type":"CommentAction","name":"Comment","target":["https:\/\/mademoisellecoline.com\/fr\/blog\/mademoiselle-coline-marie-claire-artisanat-mode-fr\/#respond"]}]},{"@type":"WebPage","@id":"https:\/\/mademoisellecoline.com\/fr\/blog\/mademoiselle-coline-marie-claire-artisanat-mode-fr\/","url":"https:\/\/mademoisellecoline.com\/fr\/blog\/mademoiselle-coline-marie-claire-artisanat-mode-fr\/","name":"L'artisanat est \u00e0 la mode, par Marie Claire | Mademoiselle Coline","isPartOf":{"@id":"https:\/\/mademoisellecoline.com\/en\/#website"},"primaryImageOfPage":{"@id":"https:\/\/mademoisellecoline.com\/fr\/blog\/mademoiselle-coline-marie-claire-artisanat-mode-fr\/#primaryimage"},"image":{"@id":"https:\/\/mademoisellecoline.com\/fr\/blog\/mademoiselle-coline-marie-claire-artisanat-mode-fr\/#primaryimage"},"thumbnailUrl":"https:\/\/mademoisellecoline.com\/wp-content\/uploads\/2020\/07\/artesanal-marie-claire-celia-gijon-marie-claire-slow-marcas-espa\u00f1olas.jpg","datePublished":"2020-07-17T08:32:37+00:00","dateModified":"2025-10-01T13:23:05+00:00","description":"Mademoiselle Coline dans l'article de Celia Gij\u00f3n parmi 20 entreprises espagnoles \u00e0 valeur artisanale.","breadcrumb":{"@id":"https:\/\/mademoisellecoline.com\/fr\/blog\/mademoiselle-coline-marie-claire-artisanat-mode-fr\/#breadcrumb"},"inLanguage":"fr-FR","potentialAction":[{"@type":"ReadAction","target":["https:\/\/mademoisellecoline.com\/fr\/blog\/mademoiselle-coline-marie-claire-artisanat-mode-fr\/"]}]},{"@type":"ImageObject","inLanguage":"fr-FR","@id":"https:\/\/mademoisellecoline.com\/fr\/blog\/mademoiselle-coline-marie-claire-artisanat-mode-fr\/#primaryimage","url":"https:\/\/mademoisellecoline.com\/wp-content\/uploads\/2020\/07\/artesanal-marie-claire-celia-gijon-marie-claire-slow-marcas-espa\u00f1olas.jpg","contentUrl":"https:\/\/mademoisellecoline.com\/wp-content\/uploads\/2020\/07\/artesanal-marie-claire-celia-gijon-marie-claire-slow-marcas-espa\u00f1olas.jpg","width":768,"height":600},{"@type":"BreadcrumbList","@id":"https:\/\/mademoisellecoline.com\/fr\/blog\/mademoiselle-coline-marie-claire-artisanat-mode-fr\/#breadcrumb","itemListElement":[{"@type":"ListItem","position":1,"name":"Portada","item":"https:\/\/mademoisellecoline.com\/fr\/"},{"@type":"ListItem","position":2,"name":"L&#8217;artisanat est \u00e0 la mode, par Marie Claire"}]},{"@type":"WebSite","@id":"https:\/\/mademoisellecoline.com\/en\/#website","url":"https:\/\/mademoisellecoline.com\/en\/","name":"Mademoiselle Coline","description":"Joyas delicadas, c\u00e1lidas y arm\u00f3nicas","publisher":{"@id":"https:\/\/mademoisellecoline.com\/en\/#\/schema\/person\/a87a3358725ddb0d57e86600da53e416"},"potentialAction":[{"@type":"SearchAction","target":{"@type":"EntryPoint","urlTemplate":"https:\/\/mademoisellecoline.com\/en\/?s={search_term_string}"},"query-input":{"@type":"PropertyValueSpecification","valueRequired":true,"valueName":"search_term_string"}}],"inLanguage":"fr-FR"},{"@type":["Person","Organization"],"@id":"https:\/\/mademoisellecoline.com\/en\/#\/schema\/person\/a87a3358725ddb0d57e86600da53e416","name":"Mademoiselle Coline","image":{"@type":"ImageObject","inLanguage":"fr-FR","@id":"https:\/\/mademoisellecoline.com\/wp-content\/uploads\/2024\/01\/ColineNeg.jpg","url":"https:\/\/mademoisellecoline.com\/wp-content\/uploads\/2024\/01\/ColineNeg.jpg","contentUrl":"https:\/\/mademoisellecoline.com\/wp-content\/uploads\/2024\/01\/ColineNeg.jpg","width":584,"height":349,"caption":"Mademoiselle Coline"},"logo":{"@id":"https:\/\/mademoisellecoline.com\/wp-content\/uploads\/2024\/01\/ColineNeg.jpg"},"sameAs":["https:\/\/www.facebook.com\/mademoisellecoline","https:\/\/www.instagram.com\/mademoiselle_coline\/"]},{"@type":"Person","@id":"https:\/\/mademoisellecoline.com\/en\/#\/schema\/person\/0253827305e8993c3859f32dce4d9b97","name":"Mademoiselle Coline","image":{"@type":"ImageObject","inLanguage":"fr-FR","@id":"https:\/\/mademoisellecoline.com\/wp-content\/litespeed\/avatar\/1b82c8537b697d562a5c233c70f8a8fb.jpg?ver=1776845874","url":"https:\/\/mademoisellecoline.com\/wp-content\/litespeed\/avatar\/1b82c8537b697d562a5c233c70f8a8fb.jpg?ver=1776845874","contentUrl":"https:\/\/mademoisellecoline.com\/wp-content\/litespeed\/avatar\/1b82c8537b697d562a5c233c70f8a8fb.jpg?ver=1776845874","caption":"Mademoiselle Coline"},"sameAs":["https:\/\/mademoisellecoline.com","https:\/\/www.facebook.com\/mademoisellecoline"]}]}},"_links":{"self":[{"href":"https:\/\/mademoisellecoline.com\/fr\/wp-json\/wp\/v2\/posts\/16105","targetHints":{"allow":["GET"]}}],"collection":[{"href":"https:\/\/mademoisellecoline.com\/fr\/wp-json\/wp\/v2\/posts"}],"about":[{"href":"https:\/\/mademoisellecoline.com\/fr\/wp-json\/wp\/v2\/types\/post"}],"author":[{"embeddable":true,"href":"https:\/\/mademoisellecoline.com\/fr\/wp-json\/wp\/v2\/users\/2"}],"replies":[{"embeddable":true,"href":"https:\/\/mademoisellecoline.com\/fr\/wp-json\/wp\/v2\/comments?post=16105"}],"version-history":[{"count":1,"href":"https:\/\/mademoisellecoline.com\/fr\/wp-json\/wp\/v2\/posts\/16105\/revisions"}],"predecessor-version":[{"id":37552,"href":"https:\/\/mademoisellecoline.com\/fr\/wp-json\/wp\/v2\/posts\/16105\/revisions\/37552"}],"wp:featuredmedia":[{"embeddable":true,"href":"https:\/\/mademoisellecoline.com\/fr\/wp-json\/wp\/v2\/media\/16126"}],"wp:attachment":[{"href":"https:\/\/mademoisellecoline.com\/fr\/wp-json\/wp\/v2\/media?parent=16105"}],"wp:term":[{"taxonomy":"category","embeddable":true,"href":"https:\/\/mademoisellecoline.com\/fr\/wp-json\/wp\/v2\/categories?post=16105"},{"taxonomy":"post_tag","embeddable":true,"href":"https:\/\/mademoisellecoline.com\/fr\/wp-json\/wp\/v2\/tags?post=16105"}],"curies":[{"name":"wp","href":"https:\/\/api.w.org\/{rel}","templated":true}]}}