{"id":2033,"date":"2018-11-15T14:06:01","date_gmt":"2018-11-15T14:06:01","guid":{"rendered":"https:\/\/mademoisellecoline.com\/?p=2033"},"modified":"2025-10-01T09:39:08","modified_gmt":"2025-10-01T09:39:08","slug":"barcelone-se-rapproche-de-moi-ou-moi-delle","status":"publish","type":"post","link":"https:\/\/mademoisellecoline.com\/fr\/blog\/barcelone-se-rapproche-de-moi-ou-moi-delle\/","title":{"rendered":"Barcelone se rapproche de moi ou moi d\u2019elle"},"content":{"rendered":"<p>Je sais, encore des escaliers de Paris. Mais ils <strong>sont si beaux!\u00a0<\/strong>Les dalles du sol me rappellent Barcelone.<\/p>\n<p>Barcelone se rapproche inexorablement de moi, ou moi d\u2019elle. Apr\u00e8s 5 ans v\u00e9cus \u00e0 Paris, je retourne \u00e0 Barcelone. Cela fait d\u00e9j\u00e0 un certain temps que je le sais et je suis triste, nostalgique et effray\u00e9e\u2026 jusqu\u2019\u00e0 pr\u00e9sent je n\u2019\u00e9tais pas pr\u00eate \u00e0 en parler car ma t\u00eate ne cessait de penser \u00e0 tout qui me manquerait.<\/p>\n<p>Surtout, m\u2019asseoir sous les parasols chauffants en hiver avec mon caf\u00e9 cr\u00e8me et regarder les gens passer, l\u2019esth\u00e9tique d\u00e9licate de la ville omnipr\u00e9sente \u00e0 chaque recoin, ma maison, les rues qui ont une histoire, la nostalgie, les r\u00eaves, la lumi\u00e8re chaude, mes amies et notre complicit\u00e9, le m\u00e9tro avec sa vie et son intense histoire, le sourire des gens, car oui, \u00e0 moi, ils me sourient beaucoup, les rendez-vous avec les amis et nos fou rires, le fromage, ma rue et ses magasins, les march\u00e9s pleins de vie, les caf\u00e9s et leur tumulte, les nuits parisiennes, les immeubles haussmanniens, l\u2019harmonie, la Seine, apprendre, la langue fran\u00e7aise et le d\u00e9fi quotidien pour qu\u2019ils te comprennent, mes march\u00e9s aux puces, les Monsieurs des petites \u00e9choppes qui me racontent des histoires, l\u2019atelier et sa vie intense, le chef d\u2019atelier et tout ce qu\u2019il m\u2019a appris, mes compagnons qui ne cessent de m\u2019aider, observer par la fen\u00eatre, les croissants et pains au chocolat, ma chambre avec ses moulures et ses d\u00e9tails, le parquet en bois plein de vie, encore mes amies, les fen\u00eatres du salon, la Tour Eiffel qui joue \u00e0 se cacher, le Nord du Marais, les parcs, les picnics au printemps, sortir d\u00eener\u00a0et d\u00e9couvrir des lieux plein de charme, faire la touriste tout en \u00e9tant une parisienne de plus, les escaliers des immeubles, les escaliers et encore les magnifiques escaliers, l\u2019impossibilit\u00e9 parfois de savoir si nous sommes en 2018 ou 1918, les d\u00e9tails et encore les beaux d\u00e9tails, la ligne 6 du m\u00e9tro, le pont Bir-Hakeim, les trottinettes, les dimanches, le jardin du Luxembourg et son rituel jeu de p\u00e9tanque, les chaises des caf\u00e9s, Angelina et sa chaleur r\u00e9confortante, les rencontres avec les amis, les caf\u00e9s psycho-philosophiques avec mes amies, aller \u00e0 la fonderie, aller \u00e0 le sertisseur\u00a0et apprendre constamment, la f\u00eate des voisins dans la cour int\u00e9rieure, les splendides mais inconfortables chaises longues du Jardin des Tuileries et du Luxembourg, les rues et leurs magasins illumin\u00e9s, la grande roue magique de la place de la Concorde, la sophistication comme mani\u00e8re d\u2019\u00eatre\u00a0et de faire, le ciel et ses nuages passant \u00e0 toute vitesse, le froid, pouvoir porter un bonnet, les poign\u00e9es de porte de ma maison, la lumi\u00e8re magique de Paris, mes restaurants pr\u00e9f\u00e9r\u00e9s, le sentiment de bonheur ancr\u00e9 dans le corps, la libert\u00e9, se trouver, pouvoir exp\u00e9rimenter, notre ami du coin de la rue qui nous voit de loin et nous sourit, l\u2019artisanat qui ne dispara\u00eet pas, l\u2019intellectualit\u00e9, les terrasses au printemps, l\u2019offre culturelle sans fin, es gens que j\u2019ai connu de Paris et de plus loin\u2026 je crois que la liste pourrait \u00eatre interminable. Car tout \u00e7a va me manquer et beaucoup, mais d\u00e9sormais je suis convaincue que tout cela, tout ce que j\u2019ai v\u00e9cu, que Paris ne s\u2019en ira pas mais fera partie de moi pour toujours.\u00a0 En outre, <strong>Mademoiselle Coline<\/strong> est n\u00e9e ici, elle est d\u2019ici. <strong>Et ni elle ni moi n\u2019avons l\u2019intention de renoncer \u00e0 venir!<\/strong><\/p>\n","protected":false},"excerpt":{"rendered":"<p>Je sais, encore des escaliers de Paris. Mais ils sont si beaux!\u00a0Les dalles du sol me rappellent Barcelone. Barcelone se rapproche inexorablement de moi, ou moi d\u2019elle. Apr\u00e8s 5 ans v\u00e9cus \u00e0 Paris, je retourne \u00e0 Barcelone. Cela fait d\u00e9j\u00e0 un certain temps que je le sais et je suis triste, nostalgique et effray\u00e9e\u2026 jusqu\u2019\u00e0<\/p>\n","protected":false},"author":1,"featured_media":2000,"comment_status":"open","ping_status":"open","sticky":false,"template":"","format":"standard","meta":{"_joinchat":[],"footnotes":""},"categories":[3109,3100],"tags":[3134,3135,3140,3125,3070],"class_list":["post-2033","post","type-post","status-publish","format-standard","has-post-thumbnail","hentry","category-mademoiselle-coline-fr","category-valeurs-bijoux-durables","tag-bijouterie-durable","tag-bijouterie-personnalisee","tag-bijouterie-sur-mesure","tag-bijoux-faits-main","tag-pieces-uniques-de-bijouterie-artisanale"],"yoast_head":"<!-- This site is optimized with the Yoast SEO plugin v27.4 - https:\/\/yoast.com\/product\/yoast-seo-wordpress\/ -->\n<title>Barcelone se rapproche de moi, ou moi d\u2019elle<\/title>\n<meta name=\"description\" content=\"Je sais, encore des escaliers de Paris. Mais ils sont si beaux!Les dalles du sol me rappellent Barcelone. Barcelone se rapproche inexorablement de moi, ou moi d\u2019elle. Apr\u00e8s 5 ans v\u00e9cus \u00e0 Paris, je retourne \u00e0 Barcelone. Cela fait d\u00e9j\u00e0 un certain temps que je le sais et je suis triste, nostalgique et effray\u00e9e\u2026\" \/>\n<meta name=\"robots\" content=\"index, follow, max-snippet:-1, max-image-preview:large, max-video-preview:-1\" \/>\n<link rel=\"canonical\" href=\"https:\/\/mademoisellecoline.com\/fr\/blog\/barcelone-se-rapproche-de-moi-ou-moi-delle\/\" \/>\n<meta property=\"og:locale\" content=\"fr_FR\" \/>\n<meta property=\"og:type\" content=\"article\" \/>\n<meta property=\"og:title\" content=\"Barcelone se rapproche de moi, ou moi d\u2019elle\" \/>\n<meta property=\"og:description\" content=\"Je sais, encore des escaliers de Paris. Mais ils sont si beaux!Les dalles du sol me rappellent Barcelone. Barcelone se rapproche inexorablement de moi, ou moi d\u2019elle. Apr\u00e8s 5 ans v\u00e9cus \u00e0 Paris, je retourne \u00e0 Barcelone. Cela fait d\u00e9j\u00e0 un certain temps que je le sais et je suis triste, nostalgique et effray\u00e9e\u2026\" \/>\n<meta property=\"og:url\" content=\"https:\/\/mademoisellecoline.com\/fr\/blog\/barcelone-se-rapproche-de-moi-ou-moi-delle\/\" \/>\n<meta property=\"og:site_name\" content=\"Mademoiselle Coline\" \/>\n<meta property=\"article:publisher\" content=\"https:\/\/www.facebook.com\/mademoisellecoline\" \/>\n<meta property=\"article:author\" content=\"https:\/\/www.facebook.com\/mademoisellecoline\" \/>\n<meta property=\"article:published_time\" content=\"2018-11-15T14:06:01+00:00\" \/>\n<meta property=\"article:modified_time\" content=\"2025-10-01T09:39:08+00:00\" \/>\n<meta property=\"og:image\" content=\"https:\/\/mademoisellecoline.com\/wp-content\/uploads\/2018\/11\/escaleras-paris-barcelona-aurevoir.jpg\" \/>\n\t<meta property=\"og:image:width\" content=\"2315\" \/>\n\t<meta property=\"og:image:height\" content=\"1970\" \/>\n\t<meta property=\"og:image:type\" content=\"image\/jpeg\" \/>\n<meta name=\"author\" content=\"Mademoiselle Coline\" \/>\n<meta name=\"twitter:card\" content=\"summary_large_image\" \/>\n<meta name=\"twitter:label1\" content=\"\u00c9crit par\" \/>\n\t<meta name=\"twitter:data1\" content=\"Mademoiselle Coline\" \/>\n\t<meta name=\"twitter:label2\" content=\"Dur\u00e9e de lecture estim\u00e9e\" \/>\n\t<meta name=\"twitter:data2\" content=\"3 minutes\" \/>\n<script type=\"application\/ld+json\" class=\"yoast-schema-graph\">{\"@context\":\"https:\\\/\\\/schema.org\",\"@graph\":[{\"@type\":\"Article\",\"@id\":\"https:\\\/\\\/mademoisellecoline.com\\\/fr\\\/blog\\\/barcelone-se-rapproche-de-moi-ou-moi-delle\\\/#article\",\"isPartOf\":{\"@id\":\"https:\\\/\\\/mademoisellecoline.com\\\/fr\\\/blog\\\/barcelone-se-rapproche-de-moi-ou-moi-delle\\\/\"},\"author\":{\"name\":\"Mademoiselle Coline\",\"@id\":\"https:\\\/\\\/mademoisellecoline.com\\\/en\\\/#\\\/schema\\\/person\\\/a87a3358725ddb0d57e86600da53e416\"},\"headline\":\"Barcelone se rapproche de moi ou moi d\u2019elle\",\"datePublished\":\"2018-11-15T14:06:01+00:00\",\"dateModified\":\"2025-10-01T09:39:08+00:00\",\"mainEntityOfPage\":{\"@id\":\"https:\\\/\\\/mademoisellecoline.com\\\/fr\\\/blog\\\/barcelone-se-rapproche-de-moi-ou-moi-delle\\\/\"},\"wordCount\":629,\"commentCount\":0,\"publisher\":{\"@id\":\"https:\\\/\\\/mademoisellecoline.com\\\/en\\\/#\\\/schema\\\/person\\\/a87a3358725ddb0d57e86600da53e416\"},\"image\":{\"@id\":\"https:\\\/\\\/mademoisellecoline.com\\\/fr\\\/blog\\\/barcelone-se-rapproche-de-moi-ou-moi-delle\\\/#primaryimage\"},\"thumbnailUrl\":\"https:\\\/\\\/mademoisellecoline.com\\\/wp-content\\\/uploads\\\/2018\\\/11\\\/escaleras-paris-barcelona-aurevoir.jpg\",\"keywords\":[\"Bijouterie durable\",\"Bijouterie personnalis\u00e9e\",\"Bijouterie sur mesure\",\"bijoux faits main\",\"Pi\u00e8ces uniques de bijouterie artisanale\"],\"articleSection\":[\"Mademoiselle Coline\",\"Valeurs &amp; Bijoux Durables\"],\"inLanguage\":\"fr-FR\",\"potentialAction\":[{\"@type\":\"CommentAction\",\"name\":\"Comment\",\"target\":[\"https:\\\/\\\/mademoisellecoline.com\\\/fr\\\/blog\\\/barcelone-se-rapproche-de-moi-ou-moi-delle\\\/#respond\"]}]},{\"@type\":\"WebPage\",\"@id\":\"https:\\\/\\\/mademoisellecoline.com\\\/fr\\\/blog\\\/barcelone-se-rapproche-de-moi-ou-moi-delle\\\/\",\"url\":\"https:\\\/\\\/mademoisellecoline.com\\\/fr\\\/blog\\\/barcelone-se-rapproche-de-moi-ou-moi-delle\\\/\",\"name\":\"Barcelone se rapproche de moi, ou moi d\u2019elle\",\"isPartOf\":{\"@id\":\"https:\\\/\\\/mademoisellecoline.com\\\/en\\\/#website\"},\"primaryImageOfPage\":{\"@id\":\"https:\\\/\\\/mademoisellecoline.com\\\/fr\\\/blog\\\/barcelone-se-rapproche-de-moi-ou-moi-delle\\\/#primaryimage\"},\"image\":{\"@id\":\"https:\\\/\\\/mademoisellecoline.com\\\/fr\\\/blog\\\/barcelone-se-rapproche-de-moi-ou-moi-delle\\\/#primaryimage\"},\"thumbnailUrl\":\"https:\\\/\\\/mademoisellecoline.com\\\/wp-content\\\/uploads\\\/2018\\\/11\\\/escaleras-paris-barcelona-aurevoir.jpg\",\"datePublished\":\"2018-11-15T14:06:01+00:00\",\"dateModified\":\"2025-10-01T09:39:08+00:00\",\"description\":\"Je sais, encore des escaliers de Paris. Mais ils sont si beaux!Les dalles du sol me rappellent Barcelone. Barcelone se rapproche inexorablement de moi, ou moi d\u2019elle. Apr\u00e8s 5 ans v\u00e9cus \u00e0 Paris, je retourne \u00e0 Barcelone. Cela fait d\u00e9j\u00e0 un certain temps que je le sais et je suis triste, nostalgique et effray\u00e9e\u2026\",\"breadcrumb\":{\"@id\":\"https:\\\/\\\/mademoisellecoline.com\\\/fr\\\/blog\\\/barcelone-se-rapproche-de-moi-ou-moi-delle\\\/#breadcrumb\"},\"inLanguage\":\"fr-FR\",\"potentialAction\":[{\"@type\":\"ReadAction\",\"target\":[\"https:\\\/\\\/mademoisellecoline.com\\\/fr\\\/blog\\\/barcelone-se-rapproche-de-moi-ou-moi-delle\\\/\"]}]},{\"@type\":\"ImageObject\",\"inLanguage\":\"fr-FR\",\"@id\":\"https:\\\/\\\/mademoisellecoline.com\\\/fr\\\/blog\\\/barcelone-se-rapproche-de-moi-ou-moi-delle\\\/#primaryimage\",\"url\":\"https:\\\/\\\/mademoisellecoline.com\\\/wp-content\\\/uploads\\\/2018\\\/11\\\/escaleras-paris-barcelona-aurevoir.jpg\",\"contentUrl\":\"https:\\\/\\\/mademoisellecoline.com\\\/wp-content\\\/uploads\\\/2018\\\/11\\\/escaleras-paris-barcelona-aurevoir.jpg\",\"width\":2315,\"height\":1970},{\"@type\":\"BreadcrumbList\",\"@id\":\"https:\\\/\\\/mademoisellecoline.com\\\/fr\\\/blog\\\/barcelone-se-rapproche-de-moi-ou-moi-delle\\\/#breadcrumb\",\"itemListElement\":[{\"@type\":\"ListItem\",\"position\":1,\"name\":\"Portada\",\"item\":\"https:\\\/\\\/mademoisellecoline.com\\\/fr\\\/\"},{\"@type\":\"ListItem\",\"position\":2,\"name\":\"Barcelone se rapproche de moi ou moi d\u2019elle\"}]},{\"@type\":\"WebSite\",\"@id\":\"https:\\\/\\\/mademoisellecoline.com\\\/en\\\/#website\",\"url\":\"https:\\\/\\\/mademoisellecoline.com\\\/en\\\/\",\"name\":\"Mademoiselle Coline\",\"description\":\"Joyas delicadas, c\u00e1lidas y arm\u00f3nicas\",\"publisher\":{\"@id\":\"https:\\\/\\\/mademoisellecoline.com\\\/en\\\/#\\\/schema\\\/person\\\/a87a3358725ddb0d57e86600da53e416\"},\"potentialAction\":[{\"@type\":\"SearchAction\",\"target\":{\"@type\":\"EntryPoint\",\"urlTemplate\":\"https:\\\/\\\/mademoisellecoline.com\\\/en\\\/?s={search_term_string}\"},\"query-input\":{\"@type\":\"PropertyValueSpecification\",\"valueRequired\":true,\"valueName\":\"search_term_string\"}}],\"inLanguage\":\"fr-FR\"},{\"@type\":[\"Person\",\"Organization\"],\"@id\":\"https:\\\/\\\/mademoisellecoline.com\\\/en\\\/#\\\/schema\\\/person\\\/a87a3358725ddb0d57e86600da53e416\",\"name\":\"Mademoiselle Coline\",\"image\":{\"@type\":\"ImageObject\",\"inLanguage\":\"fr-FR\",\"@id\":\"https:\\\/\\\/mademoisellecoline.com\\\/wp-content\\\/uploads\\\/2024\\\/01\\\/ColineNeg.jpg\",\"url\":\"https:\\\/\\\/mademoisellecoline.com\\\/wp-content\\\/uploads\\\/2024\\\/01\\\/ColineNeg.jpg\",\"contentUrl\":\"https:\\\/\\\/mademoisellecoline.com\\\/wp-content\\\/uploads\\\/2024\\\/01\\\/ColineNeg.jpg\",\"width\":584,\"height\":349,\"caption\":\"Mademoiselle Coline\"},\"logo\":{\"@id\":\"https:\\\/\\\/mademoisellecoline.com\\\/wp-content\\\/uploads\\\/2024\\\/01\\\/ColineNeg.jpg\"},\"sameAs\":[\"https:\\\/\\\/www.facebook.com\\\/mademoisellecoline\",\"https:\\\/\\\/www.instagram.com\\\/mademoiselle_coline\\\/\"]}]}<\/script>\n<!-- \/ Yoast SEO plugin. -->","yoast_head_json":{"title":"Barcelone se rapproche de moi, ou moi d\u2019elle","description":"Je sais, encore des escaliers de Paris. Mais ils sont si beaux!Les dalles du sol me rappellent Barcelone. Barcelone se rapproche inexorablement de moi, ou moi d\u2019elle. Apr\u00e8s 5 ans v\u00e9cus \u00e0 Paris, je retourne \u00e0 Barcelone. Cela fait d\u00e9j\u00e0 un certain temps que je le sais et je suis triste, nostalgique et effray\u00e9e\u2026","robots":{"index":"index","follow":"follow","max-snippet":"max-snippet:-1","max-image-preview":"max-image-preview:large","max-video-preview":"max-video-preview:-1"},"canonical":"https:\/\/mademoisellecoline.com\/fr\/blog\/barcelone-se-rapproche-de-moi-ou-moi-delle\/","og_locale":"fr_FR","og_type":"article","og_title":"Barcelone se rapproche de moi, ou moi d\u2019elle","og_description":"Je sais, encore des escaliers de Paris. Mais ils sont si beaux!Les dalles du sol me rappellent Barcelone. Barcelone se rapproche inexorablement de moi, ou moi d\u2019elle. Apr\u00e8s 5 ans v\u00e9cus \u00e0 Paris, je retourne \u00e0 Barcelone. Cela fait d\u00e9j\u00e0 un certain temps que je le sais et je suis triste, nostalgique et effray\u00e9e\u2026","og_url":"https:\/\/mademoisellecoline.com\/fr\/blog\/barcelone-se-rapproche-de-moi-ou-moi-delle\/","og_site_name":"Mademoiselle Coline","article_publisher":"https:\/\/www.facebook.com\/mademoisellecoline","article_author":"https:\/\/www.facebook.com\/mademoisellecoline","article_published_time":"2018-11-15T14:06:01+00:00","article_modified_time":"2025-10-01T09:39:08+00:00","og_image":[{"width":2315,"height":1970,"url":"https:\/\/mademoisellecoline.com\/wp-content\/uploads\/2018\/11\/escaleras-paris-barcelona-aurevoir.jpg","type":"image\/jpeg"}],"author":"Mademoiselle Coline","twitter_card":"summary_large_image","twitter_misc":{"\u00c9crit par":"Mademoiselle Coline","Dur\u00e9e de lecture estim\u00e9e":"3 minutes"},"schema":{"@context":"https:\/\/schema.org","@graph":[{"@type":"Article","@id":"https:\/\/mademoisellecoline.com\/fr\/blog\/barcelone-se-rapproche-de-moi-ou-moi-delle\/#article","isPartOf":{"@id":"https:\/\/mademoisellecoline.com\/fr\/blog\/barcelone-se-rapproche-de-moi-ou-moi-delle\/"},"author":{"name":"Mademoiselle Coline","@id":"https:\/\/mademoisellecoline.com\/en\/#\/schema\/person\/a87a3358725ddb0d57e86600da53e416"},"headline":"Barcelone se rapproche de moi ou moi d\u2019elle","datePublished":"2018-11-15T14:06:01+00:00","dateModified":"2025-10-01T09:39:08+00:00","mainEntityOfPage":{"@id":"https:\/\/mademoisellecoline.com\/fr\/blog\/barcelone-se-rapproche-de-moi-ou-moi-delle\/"},"wordCount":629,"commentCount":0,"publisher":{"@id":"https:\/\/mademoisellecoline.com\/en\/#\/schema\/person\/a87a3358725ddb0d57e86600da53e416"},"image":{"@id":"https:\/\/mademoisellecoline.com\/fr\/blog\/barcelone-se-rapproche-de-moi-ou-moi-delle\/#primaryimage"},"thumbnailUrl":"https:\/\/mademoisellecoline.com\/wp-content\/uploads\/2018\/11\/escaleras-paris-barcelona-aurevoir.jpg","keywords":["Bijouterie durable","Bijouterie personnalis\u00e9e","Bijouterie sur mesure","bijoux faits main","Pi\u00e8ces uniques de bijouterie artisanale"],"articleSection":["Mademoiselle Coline","Valeurs &amp; Bijoux Durables"],"inLanguage":"fr-FR","potentialAction":[{"@type":"CommentAction","name":"Comment","target":["https:\/\/mademoisellecoline.com\/fr\/blog\/barcelone-se-rapproche-de-moi-ou-moi-delle\/#respond"]}]},{"@type":"WebPage","@id":"https:\/\/mademoisellecoline.com\/fr\/blog\/barcelone-se-rapproche-de-moi-ou-moi-delle\/","url":"https:\/\/mademoisellecoline.com\/fr\/blog\/barcelone-se-rapproche-de-moi-ou-moi-delle\/","name":"Barcelone se rapproche de moi, ou moi d\u2019elle","isPartOf":{"@id":"https:\/\/mademoisellecoline.com\/en\/#website"},"primaryImageOfPage":{"@id":"https:\/\/mademoisellecoline.com\/fr\/blog\/barcelone-se-rapproche-de-moi-ou-moi-delle\/#primaryimage"},"image":{"@id":"https:\/\/mademoisellecoline.com\/fr\/blog\/barcelone-se-rapproche-de-moi-ou-moi-delle\/#primaryimage"},"thumbnailUrl":"https:\/\/mademoisellecoline.com\/wp-content\/uploads\/2018\/11\/escaleras-paris-barcelona-aurevoir.jpg","datePublished":"2018-11-15T14:06:01+00:00","dateModified":"2025-10-01T09:39:08+00:00","description":"Je sais, encore des escaliers de Paris. Mais ils sont si beaux!Les dalles du sol me rappellent Barcelone. Barcelone se rapproche inexorablement de moi, ou moi d\u2019elle. Apr\u00e8s 5 ans v\u00e9cus \u00e0 Paris, je retourne \u00e0 Barcelone. Cela fait d\u00e9j\u00e0 un certain temps que je le sais et je suis triste, nostalgique et effray\u00e9e\u2026","breadcrumb":{"@id":"https:\/\/mademoisellecoline.com\/fr\/blog\/barcelone-se-rapproche-de-moi-ou-moi-delle\/#breadcrumb"},"inLanguage":"fr-FR","potentialAction":[{"@type":"ReadAction","target":["https:\/\/mademoisellecoline.com\/fr\/blog\/barcelone-se-rapproche-de-moi-ou-moi-delle\/"]}]},{"@type":"ImageObject","inLanguage":"fr-FR","@id":"https:\/\/mademoisellecoline.com\/fr\/blog\/barcelone-se-rapproche-de-moi-ou-moi-delle\/#primaryimage","url":"https:\/\/mademoisellecoline.com\/wp-content\/uploads\/2018\/11\/escaleras-paris-barcelona-aurevoir.jpg","contentUrl":"https:\/\/mademoisellecoline.com\/wp-content\/uploads\/2018\/11\/escaleras-paris-barcelona-aurevoir.jpg","width":2315,"height":1970},{"@type":"BreadcrumbList","@id":"https:\/\/mademoisellecoline.com\/fr\/blog\/barcelone-se-rapproche-de-moi-ou-moi-delle\/#breadcrumb","itemListElement":[{"@type":"ListItem","position":1,"name":"Portada","item":"https:\/\/mademoisellecoline.com\/fr\/"},{"@type":"ListItem","position":2,"name":"Barcelone se rapproche de moi ou moi d\u2019elle"}]},{"@type":"WebSite","@id":"https:\/\/mademoisellecoline.com\/en\/#website","url":"https:\/\/mademoisellecoline.com\/en\/","name":"Mademoiselle Coline","description":"Joyas delicadas, c\u00e1lidas y arm\u00f3nicas","publisher":{"@id":"https:\/\/mademoisellecoline.com\/en\/#\/schema\/person\/a87a3358725ddb0d57e86600da53e416"},"potentialAction":[{"@type":"SearchAction","target":{"@type":"EntryPoint","urlTemplate":"https:\/\/mademoisellecoline.com\/en\/?s={search_term_string}"},"query-input":{"@type":"PropertyValueSpecification","valueRequired":true,"valueName":"search_term_string"}}],"inLanguage":"fr-FR"},{"@type":["Person","Organization"],"@id":"https:\/\/mademoisellecoline.com\/en\/#\/schema\/person\/a87a3358725ddb0d57e86600da53e416","name":"Mademoiselle Coline","image":{"@type":"ImageObject","inLanguage":"fr-FR","@id":"https:\/\/mademoisellecoline.com\/wp-content\/uploads\/2024\/01\/ColineNeg.jpg","url":"https:\/\/mademoisellecoline.com\/wp-content\/uploads\/2024\/01\/ColineNeg.jpg","contentUrl":"https:\/\/mademoisellecoline.com\/wp-content\/uploads\/2024\/01\/ColineNeg.jpg","width":584,"height":349,"caption":"Mademoiselle Coline"},"logo":{"@id":"https:\/\/mademoisellecoline.com\/wp-content\/uploads\/2024\/01\/ColineNeg.jpg"},"sameAs":["https:\/\/www.facebook.com\/mademoisellecoline","https:\/\/www.instagram.com\/mademoiselle_coline\/"]}]}},"_links":{"self":[{"href":"https:\/\/mademoisellecoline.com\/fr\/wp-json\/wp\/v2\/posts\/2033","targetHints":{"allow":["GET"]}}],"collection":[{"href":"https:\/\/mademoisellecoline.com\/fr\/wp-json\/wp\/v2\/posts"}],"about":[{"href":"https:\/\/mademoisellecoline.com\/fr\/wp-json\/wp\/v2\/types\/post"}],"author":[{"embeddable":true,"href":"https:\/\/mademoisellecoline.com\/fr\/wp-json\/wp\/v2\/users\/1"}],"replies":[{"embeddable":true,"href":"https:\/\/mademoisellecoline.com\/fr\/wp-json\/wp\/v2\/comments?post=2033"}],"version-history":[{"count":1,"href":"https:\/\/mademoisellecoline.com\/fr\/wp-json\/wp\/v2\/posts\/2033\/revisions"}],"predecessor-version":[{"id":37425,"href":"https:\/\/mademoisellecoline.com\/fr\/wp-json\/wp\/v2\/posts\/2033\/revisions\/37425"}],"wp:featuredmedia":[{"embeddable":true,"href":"https:\/\/mademoisellecoline.com\/fr\/wp-json\/wp\/v2\/media\/2000"}],"wp:attachment":[{"href":"https:\/\/mademoisellecoline.com\/fr\/wp-json\/wp\/v2\/media?parent=2033"}],"wp:term":[{"taxonomy":"category","embeddable":true,"href":"https:\/\/mademoisellecoline.com\/fr\/wp-json\/wp\/v2\/categories?post=2033"},{"taxonomy":"post_tag","embeddable":true,"href":"https:\/\/mademoisellecoline.com\/fr\/wp-json\/wp\/v2\/tags?post=2033"}],"curies":[{"name":"wp","href":"https:\/\/api.w.org\/{rel}","templated":true}]}}