{"id":31839,"date":"2024-04-04T09:46:50","date_gmt":"2024-04-04T09:46:50","guid":{"rendered":"https:\/\/mademoisellecoline.com\/?p=31839"},"modified":"2025-10-01T08:47:55","modified_gmt":"2025-10-01T08:47:55","slug":"six-ans-a-partager-la-beaute-mademoiselle-coline","status":"publish","type":"post","link":"https:\/\/mademoisellecoline.com\/fr\/blog\/six-ans-a-partager-la-beaute-mademoiselle-coline\/","title":{"rendered":"Six ans \u00e0 partager la beaut\u00e9, Mademoiselle Coline"},"content":{"rendered":"\r\n<div>\r\n<div>\r\n<div>\r\n<p>Au sein de <strong>Mademoiselle Coline<\/strong>, nous c\u00e9l\u00e9brons avec \u00e9motion et gratitude notre <strong>6\u00e8me anniversaire<\/strong>, un jalon qui nous invite \u00e0 regarder en arri\u00e8re et \u00e0 r\u00e9fl\u00e9chir sur le chemin parcouru. D\u00e8s ces premiers jours \u00e0 Paris, o\u00f9 la beaut\u00e9 de l&rsquo;ancien a captur\u00e9 mon c\u0153ur et a suscit\u00e9 une passion pour sauver et redonner vie \u00e0 des pi\u00e8ces du pass\u00e9, Mademoiselle Coline a \u00e9t\u00e9 un voyage de d\u00e9couverte, de cr\u00e9ation et, surtout, de partage de beaut\u00e9.<\/p>\r\n<p>Le c\u0153ur de <strong>Mademoiselle Coline<\/strong> bat avec la ferme intention de cr\u00e9er et partager la beaut\u00e9. Dans chaque pi\u00e8ce, nous recherchons non seulement l&rsquo;harmonie esth\u00e9tique mais aussi une connexion avec ceux qui les portent, des bijoux qui deviennent des compagnons de vie pleins de sens et d&rsquo;\u00e9motion. Ce d\u00e9sir se refl\u00e8te dans l&rsquo;engagement envers le travail artisanal, et c&rsquo;est dans l&rsquo;intimit\u00e9 de l&rsquo;atelier que je cr\u00e9e de mes mains, donnant vie \u00e0 des pi\u00e8ces qui r\u00e9sonnent avec la vie.<\/p>\r\n<p><img loading=\"lazy\" decoding=\"async\" class=\"alignnone wp-image-31863 size-full\" src=\"https:\/\/mademoisellecoline.com\/wp-content\/uploads\/2024\/04\/sur-mesure-custom-made-mademoiselle-coline.jpg\" alt=\"\" width=\"1374\" height=\"1374\" srcset=\"https:\/\/mademoisellecoline.com\/wp-content\/uploads\/2024\/04\/sur-mesure-custom-made-mademoiselle-coline.jpg 1374w, https:\/\/mademoisellecoline.com\/wp-content\/uploads\/2024\/04\/sur-mesure-custom-made-mademoiselle-coline-300x300.jpg 300w, https:\/\/mademoisellecoline.com\/wp-content\/uploads\/2024\/04\/sur-mesure-custom-made-mademoiselle-coline-1024x1024.jpg 1024w, https:\/\/mademoisellecoline.com\/wp-content\/uploads\/2024\/04\/sur-mesure-custom-made-mademoiselle-coline-150x150.jpg 150w\" sizes=\"auto, (max-width: 1374px) 100vw, 1374px\" \/><\/p>\r\n<p>Avec un regard tourn\u00e9 vers l&rsquo;avenir, je souhaite que <strong>Mademoiselle Coline<\/strong> soit un chemin rempli de beaut\u00e9, d&rsquo;art et d&rsquo;\u00e9motion partag\u00e9e. Nous tra\u00e7ons ensemble ce chemin, en tissant la magie des r\u00eaves, l&rsquo;inspiration et, par-dessus tout, un amour profond pour la beaut\u00e9.<\/p>\r\n<p>Je tiens \u00e9galement \u00e0 remercier chaque \u00e2me r\u00eaveuse qui a partag\u00e9 ce voyage avec moi : clients, suiveurs, amis et collaborateurs. Merci d&rsquo;\u00eatre partie de ce merveilleux voyage. Avec votre compagnie, chaque pas en avant est une promesse de nouvelle beaut\u00e9 \u00e0 d\u00e9couvrir et \u00e0 partager.<\/p>\r\n<p>Merci beaucoup &#x2764;&#xfe0f;<\/p>\r\n<\/div>\r\n<\/div>\r\n<\/div>\r\n","protected":false},"excerpt":{"rendered":"<p>Au sein de Mademoiselle Coline, nous c\u00e9l\u00e9brons avec \u00e9motion et gratitude notre 6\u00e8me anniversaire, un jalon qui nous invite \u00e0 regarder en arri\u00e8re et \u00e0 r\u00e9fl\u00e9chir sur le chemin parcouru. D\u00e8s ces premiers jours \u00e0 Paris, o\u00f9 la beaut\u00e9 de l&rsquo;ancien a captur\u00e9 mon c\u0153ur et a suscit\u00e9 une passion pour sauver et redonner vie<\/p>\n","protected":false},"author":2,"featured_media":31869,"comment_status":"open","ping_status":"open","sticky":false,"template":"","format":"standard","meta":{"_joinchat":[],"footnotes":""},"categories":[3109,3100],"tags":[3135,2276,2696,3125,3070],"class_list":["post-31839","post","type-post","status-publish","format-standard","has-post-thumbnail","hentry","category-mademoiselle-coline-fr","category-valeurs-bijoux-durables","tag-bijouterie-personnalisee","tag-bijoux-artisanaux","tag-bijoux-durables","tag-bijoux-faits-main","tag-pieces-uniques-de-bijouterie-artisanale"],"yoast_head":"<!-- This site is optimized with the Yoast SEO plugin v27.4 - https:\/\/yoast.com\/product\/yoast-seo-wordpress\/ -->\n<title>Six ans \u00e0 partager la beaut\u00e9, Mademoiselle Coline<\/title>\n<meta name=\"description\" content=\"Au sein de Mademoiselle Coline, nous c\u00e9l\u00e9brons avec \u00e9motion et gratitude notre 6\u00e8me anniversaire. Notre objectif : cr\u00e9er et partager la beaut\u00e9\" \/>\n<meta name=\"robots\" content=\"index, follow, max-snippet:-1, max-image-preview:large, max-video-preview:-1\" \/>\n<link rel=\"canonical\" href=\"https:\/\/mademoisellecoline.com\/fr\/blog\/six-ans-a-partager-la-beaute-mademoiselle-coline\/\" \/>\n<meta property=\"og:locale\" content=\"fr_FR\" \/>\n<meta property=\"og:type\" content=\"article\" \/>\n<meta property=\"og:title\" content=\"Six ans \u00e0 partager la beaut\u00e9, Mademoiselle Coline\" \/>\n<meta property=\"og:description\" content=\"Au sein de Mademoiselle Coline, nous c\u00e9l\u00e9brons avec \u00e9motion et gratitude notre 6\u00e8me anniversaire. Notre objectif : cr\u00e9er et partager la beaut\u00e9\" \/>\n<meta property=\"og:url\" content=\"https:\/\/mademoisellecoline.com\/fr\/blog\/six-ans-a-partager-la-beaute-mademoiselle-coline\/\" \/>\n<meta property=\"og:site_name\" content=\"Mademoiselle Coline\" \/>\n<meta property=\"article:publisher\" content=\"https:\/\/www.facebook.com\/mademoisellecoline\" \/>\n<meta property=\"article:author\" content=\"https:\/\/www.facebook.com\/mademoisellecoline\" \/>\n<meta property=\"article:published_time\" content=\"2024-04-04T09:46:50+00:00\" \/>\n<meta property=\"article:modified_time\" content=\"2025-10-01T08:47:55+00:00\" \/>\n<meta property=\"og:image\" content=\"https:\/\/mademoisellecoline.com\/wp-content\/uploads\/2024\/04\/mademoiselle.coline-joyeria-artesanal-hecha-a-mano-paris-barcelona--scaled.jpg\" \/>\n\t<meta property=\"og:image:width\" content=\"2560\" \/>\n\t<meta property=\"og:image:height\" content=\"2560\" \/>\n\t<meta property=\"og:image:type\" content=\"image\/jpeg\" \/>\n<meta name=\"author\" content=\"Mademoiselle Coline\" \/>\n<meta name=\"twitter:card\" content=\"summary_large_image\" \/>\n<meta name=\"twitter:label1\" content=\"\u00c9crit par\" \/>\n\t<meta name=\"twitter:data1\" content=\"Mademoiselle Coline\" \/>\n\t<meta name=\"twitter:label2\" content=\"Dur\u00e9e de lecture estim\u00e9e\" \/>\n\t<meta name=\"twitter:data2\" content=\"2 minutes\" \/>\n<script type=\"application\/ld+json\" class=\"yoast-schema-graph\">{\"@context\":\"https:\\\/\\\/schema.org\",\"@graph\":[{\"@type\":\"Article\",\"@id\":\"https:\\\/\\\/mademoisellecoline.com\\\/fr\\\/blog\\\/six-ans-a-partager-la-beaute-mademoiselle-coline\\\/#article\",\"isPartOf\":{\"@id\":\"https:\\\/\\\/mademoisellecoline.com\\\/fr\\\/blog\\\/six-ans-a-partager-la-beaute-mademoiselle-coline\\\/\"},\"author\":{\"name\":\"Mademoiselle Coline\",\"@id\":\"https:\\\/\\\/mademoisellecoline.com\\\/en\\\/#\\\/schema\\\/person\\\/0253827305e8993c3859f32dce4d9b97\"},\"headline\":\"Six ans \u00e0 partager la beaut\u00e9, Mademoiselle Coline\",\"datePublished\":\"2024-04-04T09:46:50+00:00\",\"dateModified\":\"2025-10-01T08:47:55+00:00\",\"mainEntityOfPage\":{\"@id\":\"https:\\\/\\\/mademoisellecoline.com\\\/fr\\\/blog\\\/six-ans-a-partager-la-beaute-mademoiselle-coline\\\/\"},\"wordCount\":282,\"commentCount\":0,\"publisher\":{\"@id\":\"https:\\\/\\\/mademoisellecoline.com\\\/en\\\/#\\\/schema\\\/person\\\/a87a3358725ddb0d57e86600da53e416\"},\"image\":{\"@id\":\"https:\\\/\\\/mademoisellecoline.com\\\/fr\\\/blog\\\/six-ans-a-partager-la-beaute-mademoiselle-coline\\\/#primaryimage\"},\"thumbnailUrl\":\"https:\\\/\\\/mademoisellecoline.com\\\/wp-content\\\/uploads\\\/2024\\\/04\\\/mademoiselle.coline-joyeria-artesanal-hecha-a-mano-paris-barcelona--scaled.jpg\",\"keywords\":[\"Bijouterie personnalis\u00e9e\",\"bijoux artisanaux\",\"Bijoux durables\",\"bijoux faits main\",\"Pi\u00e8ces uniques de bijouterie artisanale\"],\"articleSection\":[\"Mademoiselle Coline\",\"Valeurs &amp; Bijoux Durables\"],\"inLanguage\":\"fr-FR\",\"potentialAction\":[{\"@type\":\"CommentAction\",\"name\":\"Comment\",\"target\":[\"https:\\\/\\\/mademoisellecoline.com\\\/fr\\\/blog\\\/six-ans-a-partager-la-beaute-mademoiselle-coline\\\/#respond\"]}]},{\"@type\":\"WebPage\",\"@id\":\"https:\\\/\\\/mademoisellecoline.com\\\/fr\\\/blog\\\/six-ans-a-partager-la-beaute-mademoiselle-coline\\\/\",\"url\":\"https:\\\/\\\/mademoisellecoline.com\\\/fr\\\/blog\\\/six-ans-a-partager-la-beaute-mademoiselle-coline\\\/\",\"name\":\"Six ans \u00e0 partager la beaut\u00e9, Mademoiselle Coline\",\"isPartOf\":{\"@id\":\"https:\\\/\\\/mademoisellecoline.com\\\/en\\\/#website\"},\"primaryImageOfPage\":{\"@id\":\"https:\\\/\\\/mademoisellecoline.com\\\/fr\\\/blog\\\/six-ans-a-partager-la-beaute-mademoiselle-coline\\\/#primaryimage\"},\"image\":{\"@id\":\"https:\\\/\\\/mademoisellecoline.com\\\/fr\\\/blog\\\/six-ans-a-partager-la-beaute-mademoiselle-coline\\\/#primaryimage\"},\"thumbnailUrl\":\"https:\\\/\\\/mademoisellecoline.com\\\/wp-content\\\/uploads\\\/2024\\\/04\\\/mademoiselle.coline-joyeria-artesanal-hecha-a-mano-paris-barcelona--scaled.jpg\",\"datePublished\":\"2024-04-04T09:46:50+00:00\",\"dateModified\":\"2025-10-01T08:47:55+00:00\",\"description\":\"Au sein de Mademoiselle Coline, nous c\u00e9l\u00e9brons avec \u00e9motion et gratitude notre 6\u00e8me anniversaire. Notre objectif : cr\u00e9er et partager la beaut\u00e9\",\"breadcrumb\":{\"@id\":\"https:\\\/\\\/mademoisellecoline.com\\\/fr\\\/blog\\\/six-ans-a-partager-la-beaute-mademoiselle-coline\\\/#breadcrumb\"},\"inLanguage\":\"fr-FR\",\"potentialAction\":[{\"@type\":\"ReadAction\",\"target\":[\"https:\\\/\\\/mademoisellecoline.com\\\/fr\\\/blog\\\/six-ans-a-partager-la-beaute-mademoiselle-coline\\\/\"]}]},{\"@type\":\"ImageObject\",\"inLanguage\":\"fr-FR\",\"@id\":\"https:\\\/\\\/mademoisellecoline.com\\\/fr\\\/blog\\\/six-ans-a-partager-la-beaute-mademoiselle-coline\\\/#primaryimage\",\"url\":\"https:\\\/\\\/mademoisellecoline.com\\\/wp-content\\\/uploads\\\/2024\\\/04\\\/mademoiselle.coline-joyeria-artesanal-hecha-a-mano-paris-barcelona--scaled.jpg\",\"contentUrl\":\"https:\\\/\\\/mademoisellecoline.com\\\/wp-content\\\/uploads\\\/2024\\\/04\\\/mademoiselle.coline-joyeria-artesanal-hecha-a-mano-paris-barcelona--scaled.jpg\",\"width\":2560,\"height\":2560},{\"@type\":\"BreadcrumbList\",\"@id\":\"https:\\\/\\\/mademoisellecoline.com\\\/fr\\\/blog\\\/six-ans-a-partager-la-beaute-mademoiselle-coline\\\/#breadcrumb\",\"itemListElement\":[{\"@type\":\"ListItem\",\"position\":1,\"name\":\"Portada\",\"item\":\"https:\\\/\\\/mademoisellecoline.com\\\/fr\\\/\"},{\"@type\":\"ListItem\",\"position\":2,\"name\":\"Six ans \u00e0 partager la beaut\u00e9, Mademoiselle Coline\"}]},{\"@type\":\"WebSite\",\"@id\":\"https:\\\/\\\/mademoisellecoline.com\\\/en\\\/#website\",\"url\":\"https:\\\/\\\/mademoisellecoline.com\\\/en\\\/\",\"name\":\"Mademoiselle Coline\",\"description\":\"Joyas delicadas, c\u00e1lidas y arm\u00f3nicas\",\"publisher\":{\"@id\":\"https:\\\/\\\/mademoisellecoline.com\\\/en\\\/#\\\/schema\\\/person\\\/a87a3358725ddb0d57e86600da53e416\"},\"potentialAction\":[{\"@type\":\"SearchAction\",\"target\":{\"@type\":\"EntryPoint\",\"urlTemplate\":\"https:\\\/\\\/mademoisellecoline.com\\\/en\\\/?s={search_term_string}\"},\"query-input\":{\"@type\":\"PropertyValueSpecification\",\"valueRequired\":true,\"valueName\":\"search_term_string\"}}],\"inLanguage\":\"fr-FR\"},{\"@type\":[\"Person\",\"Organization\"],\"@id\":\"https:\\\/\\\/mademoisellecoline.com\\\/en\\\/#\\\/schema\\\/person\\\/a87a3358725ddb0d57e86600da53e416\",\"name\":\"Mademoiselle Coline\",\"image\":{\"@type\":\"ImageObject\",\"inLanguage\":\"fr-FR\",\"@id\":\"https:\\\/\\\/mademoisellecoline.com\\\/wp-content\\\/uploads\\\/2024\\\/01\\\/ColineNeg.jpg\",\"url\":\"https:\\\/\\\/mademoisellecoline.com\\\/wp-content\\\/uploads\\\/2024\\\/01\\\/ColineNeg.jpg\",\"contentUrl\":\"https:\\\/\\\/mademoisellecoline.com\\\/wp-content\\\/uploads\\\/2024\\\/01\\\/ColineNeg.jpg\",\"width\":584,\"height\":349,\"caption\":\"Mademoiselle Coline\"},\"logo\":{\"@id\":\"https:\\\/\\\/mademoisellecoline.com\\\/wp-content\\\/uploads\\\/2024\\\/01\\\/ColineNeg.jpg\"},\"sameAs\":[\"https:\\\/\\\/www.facebook.com\\\/mademoisellecoline\",\"https:\\\/\\\/www.instagram.com\\\/mademoiselle_coline\\\/\"]},{\"@type\":\"Person\",\"@id\":\"https:\\\/\\\/mademoisellecoline.com\\\/en\\\/#\\\/schema\\\/person\\\/0253827305e8993c3859f32dce4d9b97\",\"name\":\"Mademoiselle Coline\",\"image\":{\"@type\":\"ImageObject\",\"inLanguage\":\"fr-FR\",\"@id\":\"https:\\\/\\\/mademoisellecoline.com\\\/wp-content\\\/litespeed\\\/avatar\\\/1b82c8537b697d562a5c233c70f8a8fb.jpg?ver=1776845874\",\"url\":\"https:\\\/\\\/mademoisellecoline.com\\\/wp-content\\\/litespeed\\\/avatar\\\/1b82c8537b697d562a5c233c70f8a8fb.jpg?ver=1776845874\",\"contentUrl\":\"https:\\\/\\\/mademoisellecoline.com\\\/wp-content\\\/litespeed\\\/avatar\\\/1b82c8537b697d562a5c233c70f8a8fb.jpg?ver=1776845874\",\"caption\":\"Mademoiselle Coline\"},\"sameAs\":[\"https:\\\/\\\/mademoisellecoline.com\",\"https:\\\/\\\/www.facebook.com\\\/mademoisellecoline\"]}]}<\/script>\n<!-- \/ Yoast SEO plugin. -->","yoast_head_json":{"title":"Six ans \u00e0 partager la beaut\u00e9, Mademoiselle Coline","description":"Au sein de Mademoiselle Coline, nous c\u00e9l\u00e9brons avec \u00e9motion et gratitude notre 6\u00e8me anniversaire. Notre objectif : cr\u00e9er et partager la beaut\u00e9","robots":{"index":"index","follow":"follow","max-snippet":"max-snippet:-1","max-image-preview":"max-image-preview:large","max-video-preview":"max-video-preview:-1"},"canonical":"https:\/\/mademoisellecoline.com\/fr\/blog\/six-ans-a-partager-la-beaute-mademoiselle-coline\/","og_locale":"fr_FR","og_type":"article","og_title":"Six ans \u00e0 partager la beaut\u00e9, Mademoiselle Coline","og_description":"Au sein de Mademoiselle Coline, nous c\u00e9l\u00e9brons avec \u00e9motion et gratitude notre 6\u00e8me anniversaire. Notre objectif : cr\u00e9er et partager la beaut\u00e9","og_url":"https:\/\/mademoisellecoline.com\/fr\/blog\/six-ans-a-partager-la-beaute-mademoiselle-coline\/","og_site_name":"Mademoiselle Coline","article_publisher":"https:\/\/www.facebook.com\/mademoisellecoline","article_author":"https:\/\/www.facebook.com\/mademoisellecoline","article_published_time":"2024-04-04T09:46:50+00:00","article_modified_time":"2025-10-01T08:47:55+00:00","og_image":[{"width":2560,"height":2560,"url":"https:\/\/mademoisellecoline.com\/wp-content\/uploads\/2024\/04\/mademoiselle.coline-joyeria-artesanal-hecha-a-mano-paris-barcelona--scaled.jpg","type":"image\/jpeg"}],"author":"Mademoiselle Coline","twitter_card":"summary_large_image","twitter_misc":{"\u00c9crit par":"Mademoiselle Coline","Dur\u00e9e de lecture estim\u00e9e":"2 minutes"},"schema":{"@context":"https:\/\/schema.org","@graph":[{"@type":"Article","@id":"https:\/\/mademoisellecoline.com\/fr\/blog\/six-ans-a-partager-la-beaute-mademoiselle-coline\/#article","isPartOf":{"@id":"https:\/\/mademoisellecoline.com\/fr\/blog\/six-ans-a-partager-la-beaute-mademoiselle-coline\/"},"author":{"name":"Mademoiselle Coline","@id":"https:\/\/mademoisellecoline.com\/en\/#\/schema\/person\/0253827305e8993c3859f32dce4d9b97"},"headline":"Six ans \u00e0 partager la beaut\u00e9, Mademoiselle Coline","datePublished":"2024-04-04T09:46:50+00:00","dateModified":"2025-10-01T08:47:55+00:00","mainEntityOfPage":{"@id":"https:\/\/mademoisellecoline.com\/fr\/blog\/six-ans-a-partager-la-beaute-mademoiselle-coline\/"},"wordCount":282,"commentCount":0,"publisher":{"@id":"https:\/\/mademoisellecoline.com\/en\/#\/schema\/person\/a87a3358725ddb0d57e86600da53e416"},"image":{"@id":"https:\/\/mademoisellecoline.com\/fr\/blog\/six-ans-a-partager-la-beaute-mademoiselle-coline\/#primaryimage"},"thumbnailUrl":"https:\/\/mademoisellecoline.com\/wp-content\/uploads\/2024\/04\/mademoiselle.coline-joyeria-artesanal-hecha-a-mano-paris-barcelona--scaled.jpg","keywords":["Bijouterie personnalis\u00e9e","bijoux artisanaux","Bijoux durables","bijoux faits main","Pi\u00e8ces uniques de bijouterie artisanale"],"articleSection":["Mademoiselle Coline","Valeurs &amp; Bijoux Durables"],"inLanguage":"fr-FR","potentialAction":[{"@type":"CommentAction","name":"Comment","target":["https:\/\/mademoisellecoline.com\/fr\/blog\/six-ans-a-partager-la-beaute-mademoiselle-coline\/#respond"]}]},{"@type":"WebPage","@id":"https:\/\/mademoisellecoline.com\/fr\/blog\/six-ans-a-partager-la-beaute-mademoiselle-coline\/","url":"https:\/\/mademoisellecoline.com\/fr\/blog\/six-ans-a-partager-la-beaute-mademoiselle-coline\/","name":"Six ans \u00e0 partager la beaut\u00e9, Mademoiselle Coline","isPartOf":{"@id":"https:\/\/mademoisellecoline.com\/en\/#website"},"primaryImageOfPage":{"@id":"https:\/\/mademoisellecoline.com\/fr\/blog\/six-ans-a-partager-la-beaute-mademoiselle-coline\/#primaryimage"},"image":{"@id":"https:\/\/mademoisellecoline.com\/fr\/blog\/six-ans-a-partager-la-beaute-mademoiselle-coline\/#primaryimage"},"thumbnailUrl":"https:\/\/mademoisellecoline.com\/wp-content\/uploads\/2024\/04\/mademoiselle.coline-joyeria-artesanal-hecha-a-mano-paris-barcelona--scaled.jpg","datePublished":"2024-04-04T09:46:50+00:00","dateModified":"2025-10-01T08:47:55+00:00","description":"Au sein de Mademoiselle Coline, nous c\u00e9l\u00e9brons avec \u00e9motion et gratitude notre 6\u00e8me anniversaire. Notre objectif : cr\u00e9er et partager la beaut\u00e9","breadcrumb":{"@id":"https:\/\/mademoisellecoline.com\/fr\/blog\/six-ans-a-partager-la-beaute-mademoiselle-coline\/#breadcrumb"},"inLanguage":"fr-FR","potentialAction":[{"@type":"ReadAction","target":["https:\/\/mademoisellecoline.com\/fr\/blog\/six-ans-a-partager-la-beaute-mademoiselle-coline\/"]}]},{"@type":"ImageObject","inLanguage":"fr-FR","@id":"https:\/\/mademoisellecoline.com\/fr\/blog\/six-ans-a-partager-la-beaute-mademoiselle-coline\/#primaryimage","url":"https:\/\/mademoisellecoline.com\/wp-content\/uploads\/2024\/04\/mademoiselle.coline-joyeria-artesanal-hecha-a-mano-paris-barcelona--scaled.jpg","contentUrl":"https:\/\/mademoisellecoline.com\/wp-content\/uploads\/2024\/04\/mademoiselle.coline-joyeria-artesanal-hecha-a-mano-paris-barcelona--scaled.jpg","width":2560,"height":2560},{"@type":"BreadcrumbList","@id":"https:\/\/mademoisellecoline.com\/fr\/blog\/six-ans-a-partager-la-beaute-mademoiselle-coline\/#breadcrumb","itemListElement":[{"@type":"ListItem","position":1,"name":"Portada","item":"https:\/\/mademoisellecoline.com\/fr\/"},{"@type":"ListItem","position":2,"name":"Six ans \u00e0 partager la beaut\u00e9, Mademoiselle Coline"}]},{"@type":"WebSite","@id":"https:\/\/mademoisellecoline.com\/en\/#website","url":"https:\/\/mademoisellecoline.com\/en\/","name":"Mademoiselle Coline","description":"Joyas delicadas, c\u00e1lidas y arm\u00f3nicas","publisher":{"@id":"https:\/\/mademoisellecoline.com\/en\/#\/schema\/person\/a87a3358725ddb0d57e86600da53e416"},"potentialAction":[{"@type":"SearchAction","target":{"@type":"EntryPoint","urlTemplate":"https:\/\/mademoisellecoline.com\/en\/?s={search_term_string}"},"query-input":{"@type":"PropertyValueSpecification","valueRequired":true,"valueName":"search_term_string"}}],"inLanguage":"fr-FR"},{"@type":["Person","Organization"],"@id":"https:\/\/mademoisellecoline.com\/en\/#\/schema\/person\/a87a3358725ddb0d57e86600da53e416","name":"Mademoiselle Coline","image":{"@type":"ImageObject","inLanguage":"fr-FR","@id":"https:\/\/mademoisellecoline.com\/wp-content\/uploads\/2024\/01\/ColineNeg.jpg","url":"https:\/\/mademoisellecoline.com\/wp-content\/uploads\/2024\/01\/ColineNeg.jpg","contentUrl":"https:\/\/mademoisellecoline.com\/wp-content\/uploads\/2024\/01\/ColineNeg.jpg","width":584,"height":349,"caption":"Mademoiselle Coline"},"logo":{"@id":"https:\/\/mademoisellecoline.com\/wp-content\/uploads\/2024\/01\/ColineNeg.jpg"},"sameAs":["https:\/\/www.facebook.com\/mademoisellecoline","https:\/\/www.instagram.com\/mademoiselle_coline\/"]},{"@type":"Person","@id":"https:\/\/mademoisellecoline.com\/en\/#\/schema\/person\/0253827305e8993c3859f32dce4d9b97","name":"Mademoiselle Coline","image":{"@type":"ImageObject","inLanguage":"fr-FR","@id":"https:\/\/mademoisellecoline.com\/wp-content\/litespeed\/avatar\/1b82c8537b697d562a5c233c70f8a8fb.jpg?ver=1776845874","url":"https:\/\/mademoisellecoline.com\/wp-content\/litespeed\/avatar\/1b82c8537b697d562a5c233c70f8a8fb.jpg?ver=1776845874","contentUrl":"https:\/\/mademoisellecoline.com\/wp-content\/litespeed\/avatar\/1b82c8537b697d562a5c233c70f8a8fb.jpg?ver=1776845874","caption":"Mademoiselle Coline"},"sameAs":["https:\/\/mademoisellecoline.com","https:\/\/www.facebook.com\/mademoisellecoline"]}]}},"_links":{"self":[{"href":"https:\/\/mademoisellecoline.com\/fr\/wp-json\/wp\/v2\/posts\/31839","targetHints":{"allow":["GET"]}}],"collection":[{"href":"https:\/\/mademoisellecoline.com\/fr\/wp-json\/wp\/v2\/posts"}],"about":[{"href":"https:\/\/mademoisellecoline.com\/fr\/wp-json\/wp\/v2\/types\/post"}],"author":[{"embeddable":true,"href":"https:\/\/mademoisellecoline.com\/fr\/wp-json\/wp\/v2\/users\/2"}],"replies":[{"embeddable":true,"href":"https:\/\/mademoisellecoline.com\/fr\/wp-json\/wp\/v2\/comments?post=31839"}],"version-history":[{"count":1,"href":"https:\/\/mademoisellecoline.com\/fr\/wp-json\/wp\/v2\/posts\/31839\/revisions"}],"predecessor-version":[{"id":31872,"href":"https:\/\/mademoisellecoline.com\/fr\/wp-json\/wp\/v2\/posts\/31839\/revisions\/31872"}],"wp:featuredmedia":[{"embeddable":true,"href":"https:\/\/mademoisellecoline.com\/fr\/wp-json\/wp\/v2\/media\/31869"}],"wp:attachment":[{"href":"https:\/\/mademoisellecoline.com\/fr\/wp-json\/wp\/v2\/media?parent=31839"}],"wp:term":[{"taxonomy":"category","embeddable":true,"href":"https:\/\/mademoisellecoline.com\/fr\/wp-json\/wp\/v2\/categories?post=31839"},{"taxonomy":"post_tag","embeddable":true,"href":"https:\/\/mademoisellecoline.com\/fr\/wp-json\/wp\/v2\/tags?post=31839"}],"curies":[{"name":"wp","href":"https:\/\/api.w.org\/{rel}","templated":true}]}}