{"id":9345,"date":"2019-07-25T10:57:47","date_gmt":"2019-07-25T10:57:47","guid":{"rendered":"https:\/\/mademoisellecoline.com\/?p=9345"},"modified":"2025-10-01T13:30:48","modified_gmt":"2025-10-01T13:30:48","slug":"couverture-de-telva-mademoiselle-coline","status":"publish","type":"post","link":"https:\/\/mademoisellecoline.com\/fr\/blog\/couverture-de-telva-mademoiselle-coline\/","title":{"rendered":"Mademoiselle Coline en couverture de TELVA"},"content":{"rendered":"\r\n<p>Un sentiment de fiert\u00e9 m&rsquo;envahit quand je constate que les bagues de Mademoiselle Coline ont \u00e9t\u00e9 choisies par la directrice de la mode du prestigieux magazine TELVA, Alicia Chapa. Un \u00e9ditorial de mode o\u00f9 il combine les bagues de Mademoiselle Coline avec un style inspir\u00e9 du rock et les a amen\u00e9s \u00e0 faire la couverture de TELVA ao\u00fbt.<\/p>\r\n\r\n\r\n\r\n<ul class=\"wp-block-gallery columns-3 is-cropped wp-block-gallery-1 is-layout-flex wp-block-gallery-is-layout-flex\">\r\n<li class=\"blocks-gallery-item\">\r\n<figure><img loading=\"lazy\" decoding=\"async\" width=\"1024\" height=\"1024\" class=\"wp-image-9317\" src=\"https:\/\/mademoisellecoline.com\/wp-content\/uploads\/2019\/07\/telva-mademoisellecoline-coline-mademoiselle-cover-fashion-1024x1024.jpg\" alt=\"\" data-id=\"9317\" data-link=\"https:\/\/mademoisellecoline.com\/fr\/telva-mademoisellecoline-coline-mademoiselle-cover-fashion-2\/\" srcset=\"https:\/\/mademoisellecoline.com\/wp-content\/uploads\/2019\/07\/telva-mademoisellecoline-coline-mademoiselle-cover-fashion-1024x1024.jpg 1024w, https:\/\/mademoisellecoline.com\/wp-content\/uploads\/2019\/07\/telva-mademoisellecoline-coline-mademoiselle-cover-fashion-150x150.jpg 150w, https:\/\/mademoisellecoline.com\/wp-content\/uploads\/2019\/07\/telva-mademoisellecoline-coline-mademoiselle-cover-fashion-300x300.jpg 300w, https:\/\/mademoisellecoline.com\/wp-content\/uploads\/2019\/07\/telva-mademoisellecoline-coline-mademoiselle-cover-fashion.jpg 1500w\" sizes=\"auto, (max-width: 1024px) 100vw, 1024px\" \/><\/figure>\r\n<\/li>\r\n<li class=\"blocks-gallery-item\">\r\n<figure><img loading=\"lazy\" decoding=\"async\" width=\"1024\" height=\"1024\" class=\"wp-image-9321\" src=\"https:\/\/mademoisellecoline.com\/wp-content\/uploads\/2019\/07\/telva-mademoiselle-coline-cover-jewelry-joyeria-1024x1024.jpg\" alt=\"\" data-id=\"9321\" data-link=\"https:\/\/mademoisellecoline.com\/fr\/telva-mademoiselle-coline-cover-jewelry-joyeria-2\/\" srcset=\"https:\/\/mademoisellecoline.com\/wp-content\/uploads\/2019\/07\/telva-mademoiselle-coline-cover-jewelry-joyeria-1024x1024.jpg 1024w, https:\/\/mademoisellecoline.com\/wp-content\/uploads\/2019\/07\/telva-mademoiselle-coline-cover-jewelry-joyeria-150x150.jpg 150w, https:\/\/mademoisellecoline.com\/wp-content\/uploads\/2019\/07\/telva-mademoiselle-coline-cover-jewelry-joyeria-300x300.jpg 300w, https:\/\/mademoisellecoline.com\/wp-content\/uploads\/2019\/07\/telva-mademoiselle-coline-cover-jewelry-joyeria.jpg 1500w\" sizes=\"auto, (max-width: 1024px) 100vw, 1024px\" \/><\/figure>\r\n<\/li>\r\n<li class=\"blocks-gallery-item\">\r\n<figure><img loading=\"lazy\" decoding=\"async\" width=\"1024\" height=\"1024\" class=\"wp-image-9313\" src=\"https:\/\/mademoisellecoline.com\/wp-content\/uploads\/2019\/07\/telva-coline-alicia-chapa-fashion-1024x1024.jpg\" alt=\"\" data-id=\"9313\" data-link=\"https:\/\/mademoisellecoline.com\/fr\/telva-coline-alicia-chapa-fashion-2\/\" srcset=\"https:\/\/mademoisellecoline.com\/wp-content\/uploads\/2019\/07\/telva-coline-alicia-chapa-fashion-1024x1024.jpg 1024w, https:\/\/mademoisellecoline.com\/wp-content\/uploads\/2019\/07\/telva-coline-alicia-chapa-fashion-150x150.jpg 150w, https:\/\/mademoisellecoline.com\/wp-content\/uploads\/2019\/07\/telva-coline-alicia-chapa-fashion-300x300.jpg 300w, https:\/\/mademoisellecoline.com\/wp-content\/uploads\/2019\/07\/telva-coline-alicia-chapa-fashion.jpg 1500w\" sizes=\"auto, (max-width: 1024px) 100vw, 1024px\" \/><\/figure>\r\n<\/li>\r\n<\/ul>\r\n","protected":false},"excerpt":{"rendered":"<p>Un sentiment de fiert\u00e9 m&rsquo;envahit quand je constate que les bagues de Mademoiselle Coline ont \u00e9t\u00e9 choisies par la directrice de la mode du prestigieux magazine TELVA, Alicia Chapa. Un \u00e9ditorial de mode o\u00f9 il combine les bagues de Mademoiselle Coline avec un style inspir\u00e9 du rock et les a amen\u00e9s \u00e0 faire la couverture<\/p>\n","protected":false},"author":2,"featured_media":36666,"comment_status":"open","ping_status":"open","sticky":false,"template":"","format":"standard","meta":{"_joinchat":[],"footnotes":""},"categories":[356],"tags":[2276,2696,3125,2944,3121],"class_list":["post-9345","post","type-post","status-publish","format-standard","has-post-thumbnail","hentry","category-presse","tag-bijoux-artisanaux","tag-bijoux-durables","tag-bijoux-faits-main","tag-bijoux-sur-mesure","tag-pieces-uniques-de-bijoux-artisanaux"],"yoast_head":"<!-- This site is optimized with the Yoast SEO plugin v27.4 - https:\/\/yoast.com\/product\/yoast-seo-wordpress\/ -->\n<title>Mademoiselle Coline en couverture de TELVA | Mademoiselle Coline<\/title>\n<meta name=\"description\" content=\"Mademoiselle Coline en couverture de TELVA. Mademoiselle Coline ont \u00e9t\u00e9 choisies par la directrice de la mode du prestigieux magazine TELVA, Alicia Chapa\" \/>\n<meta name=\"robots\" content=\"index, follow, max-snippet:-1, max-image-preview:large, max-video-preview:-1\" \/>\n<link rel=\"canonical\" href=\"https:\/\/mademoisellecoline.com\/fr\/blog\/couverture-de-telva-mademoiselle-coline\/\" \/>\n<meta property=\"og:locale\" content=\"fr_FR\" \/>\n<meta property=\"og:type\" content=\"article\" \/>\n<meta property=\"og:title\" content=\"Mademoiselle Coline en couverture de TELVA | Mademoiselle Coline\" \/>\n<meta property=\"og:description\" content=\"Mademoiselle Coline en couverture de TELVA. Mademoiselle Coline ont \u00e9t\u00e9 choisies par la directrice de la mode du prestigieux magazine TELVA, Alicia Chapa\" \/>\n<meta property=\"og:url\" content=\"https:\/\/mademoisellecoline.com\/fr\/blog\/couverture-de-telva-mademoiselle-coline\/\" \/>\n<meta property=\"og:site_name\" content=\"Mademoiselle Coline\" \/>\n<meta property=\"article:publisher\" content=\"https:\/\/www.facebook.com\/mademoisellecoline\" \/>\n<meta property=\"article:author\" content=\"https:\/\/www.facebook.com\/mademoisellecoline\" \/>\n<meta property=\"article:published_time\" content=\"2019-07-25T10:57:47+00:00\" \/>\n<meta property=\"article:modified_time\" content=\"2025-10-01T13:30:48+00:00\" \/>\n<meta property=\"og:image\" content=\"https:\/\/mademoisellecoline.com\/wp-content\/uploads\/2019\/07\/mademoiselle-coline-telva-anillo-sello-unicos.jpg\" \/>\n\t<meta property=\"og:image:width\" content=\"1500\" \/>\n\t<meta property=\"og:image:height\" content=\"1500\" \/>\n\t<meta property=\"og:image:type\" content=\"image\/jpeg\" \/>\n<meta name=\"author\" content=\"Mademoiselle Coline\" \/>\n<meta name=\"twitter:card\" content=\"summary_large_image\" \/>\n<meta name=\"twitter:label1\" content=\"\u00c9crit par\" \/>\n\t<meta name=\"twitter:data1\" content=\"Mademoiselle Coline\" \/>\n\t<meta name=\"twitter:label2\" content=\"Dur\u00e9e de lecture estim\u00e9e\" \/>\n\t<meta name=\"twitter:data2\" content=\"2 minutes\" \/>\n<script type=\"application\/ld+json\" class=\"yoast-schema-graph\">{\"@context\":\"https:\\\/\\\/schema.org\",\"@graph\":[{\"@type\":\"Article\",\"@id\":\"https:\\\/\\\/mademoisellecoline.com\\\/fr\\\/blog\\\/couverture-de-telva-mademoiselle-coline\\\/#article\",\"isPartOf\":{\"@id\":\"https:\\\/\\\/mademoisellecoline.com\\\/fr\\\/blog\\\/couverture-de-telva-mademoiselle-coline\\\/\"},\"author\":{\"name\":\"Mademoiselle Coline\",\"@id\":\"https:\\\/\\\/mademoisellecoline.com\\\/en\\\/#\\\/schema\\\/person\\\/0253827305e8993c3859f32dce4d9b97\"},\"headline\":\"Mademoiselle Coline en couverture de TELVA\",\"datePublished\":\"2019-07-25T10:57:47+00:00\",\"dateModified\":\"2025-10-01T13:30:48+00:00\",\"mainEntityOfPage\":{\"@id\":\"https:\\\/\\\/mademoisellecoline.com\\\/fr\\\/blog\\\/couverture-de-telva-mademoiselle-coline\\\/\"},\"wordCount\":66,\"commentCount\":0,\"publisher\":{\"@id\":\"https:\\\/\\\/mademoisellecoline.com\\\/en\\\/#\\\/schema\\\/person\\\/a87a3358725ddb0d57e86600da53e416\"},\"image\":{\"@id\":\"https:\\\/\\\/mademoisellecoline.com\\\/fr\\\/blog\\\/couverture-de-telva-mademoiselle-coline\\\/#primaryimage\"},\"thumbnailUrl\":\"https:\\\/\\\/mademoisellecoline.com\\\/wp-content\\\/uploads\\\/2019\\\/07\\\/mademoiselle-coline-telva-anillo-sello-unicos.jpg\",\"keywords\":[\"bijoux artisanaux\",\"Bijoux durables\",\"bijoux faits main\",\"Bijoux Sur Mesure\",\"Pi\u00e8ces uniques de bijoux artisanaux\"],\"articleSection\":[\"Presse\"],\"inLanguage\":\"fr-FR\",\"potentialAction\":[{\"@type\":\"CommentAction\",\"name\":\"Comment\",\"target\":[\"https:\\\/\\\/mademoisellecoline.com\\\/fr\\\/blog\\\/couverture-de-telva-mademoiselle-coline\\\/#respond\"]}]},{\"@type\":\"WebPage\",\"@id\":\"https:\\\/\\\/mademoisellecoline.com\\\/fr\\\/blog\\\/couverture-de-telva-mademoiselle-coline\\\/\",\"url\":\"https:\\\/\\\/mademoisellecoline.com\\\/fr\\\/blog\\\/couverture-de-telva-mademoiselle-coline\\\/\",\"name\":\"Mademoiselle Coline en couverture de TELVA | Mademoiselle Coline\",\"isPartOf\":{\"@id\":\"https:\\\/\\\/mademoisellecoline.com\\\/en\\\/#website\"},\"primaryImageOfPage\":{\"@id\":\"https:\\\/\\\/mademoisellecoline.com\\\/fr\\\/blog\\\/couverture-de-telva-mademoiselle-coline\\\/#primaryimage\"},\"image\":{\"@id\":\"https:\\\/\\\/mademoisellecoline.com\\\/fr\\\/blog\\\/couverture-de-telva-mademoiselle-coline\\\/#primaryimage\"},\"thumbnailUrl\":\"https:\\\/\\\/mademoisellecoline.com\\\/wp-content\\\/uploads\\\/2019\\\/07\\\/mademoiselle-coline-telva-anillo-sello-unicos.jpg\",\"datePublished\":\"2019-07-25T10:57:47+00:00\",\"dateModified\":\"2025-10-01T13:30:48+00:00\",\"description\":\"Mademoiselle Coline en couverture de TELVA. Mademoiselle Coline ont \u00e9t\u00e9 choisies par la directrice de la mode du prestigieux magazine TELVA, Alicia Chapa\",\"breadcrumb\":{\"@id\":\"https:\\\/\\\/mademoisellecoline.com\\\/fr\\\/blog\\\/couverture-de-telva-mademoiselle-coline\\\/#breadcrumb\"},\"inLanguage\":\"fr-FR\",\"potentialAction\":[{\"@type\":\"ReadAction\",\"target\":[\"https:\\\/\\\/mademoisellecoline.com\\\/fr\\\/blog\\\/couverture-de-telva-mademoiselle-coline\\\/\"]}]},{\"@type\":\"ImageObject\",\"inLanguage\":\"fr-FR\",\"@id\":\"https:\\\/\\\/mademoisellecoline.com\\\/fr\\\/blog\\\/couverture-de-telva-mademoiselle-coline\\\/#primaryimage\",\"url\":\"https:\\\/\\\/mademoisellecoline.com\\\/wp-content\\\/uploads\\\/2019\\\/07\\\/mademoiselle-coline-telva-anillo-sello-unicos.jpg\",\"contentUrl\":\"https:\\\/\\\/mademoisellecoline.com\\\/wp-content\\\/uploads\\\/2019\\\/07\\\/mademoiselle-coline-telva-anillo-sello-unicos.jpg\",\"width\":1500,\"height\":1500},{\"@type\":\"BreadcrumbList\",\"@id\":\"https:\\\/\\\/mademoisellecoline.com\\\/fr\\\/blog\\\/couverture-de-telva-mademoiselle-coline\\\/#breadcrumb\",\"itemListElement\":[{\"@type\":\"ListItem\",\"position\":1,\"name\":\"Portada\",\"item\":\"https:\\\/\\\/mademoisellecoline.com\\\/fr\\\/\"},{\"@type\":\"ListItem\",\"position\":2,\"name\":\"Mademoiselle Coline en couverture de TELVA\"}]},{\"@type\":\"WebSite\",\"@id\":\"https:\\\/\\\/mademoisellecoline.com\\\/en\\\/#website\",\"url\":\"https:\\\/\\\/mademoisellecoline.com\\\/en\\\/\",\"name\":\"Mademoiselle Coline\",\"description\":\"Joyas delicadas, c\u00e1lidas y arm\u00f3nicas\",\"publisher\":{\"@id\":\"https:\\\/\\\/mademoisellecoline.com\\\/en\\\/#\\\/schema\\\/person\\\/a87a3358725ddb0d57e86600da53e416\"},\"potentialAction\":[{\"@type\":\"SearchAction\",\"target\":{\"@type\":\"EntryPoint\",\"urlTemplate\":\"https:\\\/\\\/mademoisellecoline.com\\\/en\\\/?s={search_term_string}\"},\"query-input\":{\"@type\":\"PropertyValueSpecification\",\"valueRequired\":true,\"valueName\":\"search_term_string\"}}],\"inLanguage\":\"fr-FR\"},{\"@type\":[\"Person\",\"Organization\"],\"@id\":\"https:\\\/\\\/mademoisellecoline.com\\\/en\\\/#\\\/schema\\\/person\\\/a87a3358725ddb0d57e86600da53e416\",\"name\":\"Mademoiselle Coline\",\"image\":{\"@type\":\"ImageObject\",\"inLanguage\":\"fr-FR\",\"@id\":\"https:\\\/\\\/mademoisellecoline.com\\\/wp-content\\\/uploads\\\/2024\\\/01\\\/ColineNeg.jpg\",\"url\":\"https:\\\/\\\/mademoisellecoline.com\\\/wp-content\\\/uploads\\\/2024\\\/01\\\/ColineNeg.jpg\",\"contentUrl\":\"https:\\\/\\\/mademoisellecoline.com\\\/wp-content\\\/uploads\\\/2024\\\/01\\\/ColineNeg.jpg\",\"width\":584,\"height\":349,\"caption\":\"Mademoiselle Coline\"},\"logo\":{\"@id\":\"https:\\\/\\\/mademoisellecoline.com\\\/wp-content\\\/uploads\\\/2024\\\/01\\\/ColineNeg.jpg\"},\"sameAs\":[\"https:\\\/\\\/www.facebook.com\\\/mademoisellecoline\",\"https:\\\/\\\/www.instagram.com\\\/mademoiselle_coline\\\/\"]},{\"@type\":\"Person\",\"@id\":\"https:\\\/\\\/mademoisellecoline.com\\\/en\\\/#\\\/schema\\\/person\\\/0253827305e8993c3859f32dce4d9b97\",\"name\":\"Mademoiselle Coline\",\"image\":{\"@type\":\"ImageObject\",\"inLanguage\":\"fr-FR\",\"@id\":\"https:\\\/\\\/mademoisellecoline.com\\\/wp-content\\\/litespeed\\\/avatar\\\/1b82c8537b697d562a5c233c70f8a8fb.jpg?ver=1776845874\",\"url\":\"https:\\\/\\\/mademoisellecoline.com\\\/wp-content\\\/litespeed\\\/avatar\\\/1b82c8537b697d562a5c233c70f8a8fb.jpg?ver=1776845874\",\"contentUrl\":\"https:\\\/\\\/mademoisellecoline.com\\\/wp-content\\\/litespeed\\\/avatar\\\/1b82c8537b697d562a5c233c70f8a8fb.jpg?ver=1776845874\",\"caption\":\"Mademoiselle Coline\"},\"sameAs\":[\"https:\\\/\\\/mademoisellecoline.com\",\"https:\\\/\\\/www.facebook.com\\\/mademoisellecoline\"]}]}<\/script>\n<!-- \/ Yoast SEO plugin. -->","yoast_head_json":{"title":"Mademoiselle Coline en couverture de TELVA | Mademoiselle Coline","description":"Mademoiselle Coline en couverture de TELVA. Mademoiselle Coline ont \u00e9t\u00e9 choisies par la directrice de la mode du prestigieux magazine TELVA, Alicia Chapa","robots":{"index":"index","follow":"follow","max-snippet":"max-snippet:-1","max-image-preview":"max-image-preview:large","max-video-preview":"max-video-preview:-1"},"canonical":"https:\/\/mademoisellecoline.com\/fr\/blog\/couverture-de-telva-mademoiselle-coline\/","og_locale":"fr_FR","og_type":"article","og_title":"Mademoiselle Coline en couverture de TELVA | Mademoiselle Coline","og_description":"Mademoiselle Coline en couverture de TELVA. Mademoiselle Coline ont \u00e9t\u00e9 choisies par la directrice de la mode du prestigieux magazine TELVA, Alicia Chapa","og_url":"https:\/\/mademoisellecoline.com\/fr\/blog\/couverture-de-telva-mademoiselle-coline\/","og_site_name":"Mademoiselle Coline","article_publisher":"https:\/\/www.facebook.com\/mademoisellecoline","article_author":"https:\/\/www.facebook.com\/mademoisellecoline","article_published_time":"2019-07-25T10:57:47+00:00","article_modified_time":"2025-10-01T13:30:48+00:00","og_image":[{"width":1500,"height":1500,"url":"https:\/\/mademoisellecoline.com\/wp-content\/uploads\/2019\/07\/mademoiselle-coline-telva-anillo-sello-unicos.jpg","type":"image\/jpeg"}],"author":"Mademoiselle Coline","twitter_card":"summary_large_image","twitter_misc":{"\u00c9crit par":"Mademoiselle Coline","Dur\u00e9e de lecture estim\u00e9e":"2 minutes"},"schema":{"@context":"https:\/\/schema.org","@graph":[{"@type":"Article","@id":"https:\/\/mademoisellecoline.com\/fr\/blog\/couverture-de-telva-mademoiselle-coline\/#article","isPartOf":{"@id":"https:\/\/mademoisellecoline.com\/fr\/blog\/couverture-de-telva-mademoiselle-coline\/"},"author":{"name":"Mademoiselle Coline","@id":"https:\/\/mademoisellecoline.com\/en\/#\/schema\/person\/0253827305e8993c3859f32dce4d9b97"},"headline":"Mademoiselle Coline en couverture de TELVA","datePublished":"2019-07-25T10:57:47+00:00","dateModified":"2025-10-01T13:30:48+00:00","mainEntityOfPage":{"@id":"https:\/\/mademoisellecoline.com\/fr\/blog\/couverture-de-telva-mademoiselle-coline\/"},"wordCount":66,"commentCount":0,"publisher":{"@id":"https:\/\/mademoisellecoline.com\/en\/#\/schema\/person\/a87a3358725ddb0d57e86600da53e416"},"image":{"@id":"https:\/\/mademoisellecoline.com\/fr\/blog\/couverture-de-telva-mademoiselle-coline\/#primaryimage"},"thumbnailUrl":"https:\/\/mademoisellecoline.com\/wp-content\/uploads\/2019\/07\/mademoiselle-coline-telva-anillo-sello-unicos.jpg","keywords":["bijoux artisanaux","Bijoux durables","bijoux faits main","Bijoux Sur Mesure","Pi\u00e8ces uniques de bijoux artisanaux"],"articleSection":["Presse"],"inLanguage":"fr-FR","potentialAction":[{"@type":"CommentAction","name":"Comment","target":["https:\/\/mademoisellecoline.com\/fr\/blog\/couverture-de-telva-mademoiselle-coline\/#respond"]}]},{"@type":"WebPage","@id":"https:\/\/mademoisellecoline.com\/fr\/blog\/couverture-de-telva-mademoiselle-coline\/","url":"https:\/\/mademoisellecoline.com\/fr\/blog\/couverture-de-telva-mademoiselle-coline\/","name":"Mademoiselle Coline en couverture de TELVA | Mademoiselle Coline","isPartOf":{"@id":"https:\/\/mademoisellecoline.com\/en\/#website"},"primaryImageOfPage":{"@id":"https:\/\/mademoisellecoline.com\/fr\/blog\/couverture-de-telva-mademoiselle-coline\/#primaryimage"},"image":{"@id":"https:\/\/mademoisellecoline.com\/fr\/blog\/couverture-de-telva-mademoiselle-coline\/#primaryimage"},"thumbnailUrl":"https:\/\/mademoisellecoline.com\/wp-content\/uploads\/2019\/07\/mademoiselle-coline-telva-anillo-sello-unicos.jpg","datePublished":"2019-07-25T10:57:47+00:00","dateModified":"2025-10-01T13:30:48+00:00","description":"Mademoiselle Coline en couverture de TELVA. Mademoiselle Coline ont \u00e9t\u00e9 choisies par la directrice de la mode du prestigieux magazine TELVA, Alicia Chapa","breadcrumb":{"@id":"https:\/\/mademoisellecoline.com\/fr\/blog\/couverture-de-telva-mademoiselle-coline\/#breadcrumb"},"inLanguage":"fr-FR","potentialAction":[{"@type":"ReadAction","target":["https:\/\/mademoisellecoline.com\/fr\/blog\/couverture-de-telva-mademoiselle-coline\/"]}]},{"@type":"ImageObject","inLanguage":"fr-FR","@id":"https:\/\/mademoisellecoline.com\/fr\/blog\/couverture-de-telva-mademoiselle-coline\/#primaryimage","url":"https:\/\/mademoisellecoline.com\/wp-content\/uploads\/2019\/07\/mademoiselle-coline-telva-anillo-sello-unicos.jpg","contentUrl":"https:\/\/mademoisellecoline.com\/wp-content\/uploads\/2019\/07\/mademoiselle-coline-telva-anillo-sello-unicos.jpg","width":1500,"height":1500},{"@type":"BreadcrumbList","@id":"https:\/\/mademoisellecoline.com\/fr\/blog\/couverture-de-telva-mademoiselle-coline\/#breadcrumb","itemListElement":[{"@type":"ListItem","position":1,"name":"Portada","item":"https:\/\/mademoisellecoline.com\/fr\/"},{"@type":"ListItem","position":2,"name":"Mademoiselle Coline en couverture de TELVA"}]},{"@type":"WebSite","@id":"https:\/\/mademoisellecoline.com\/en\/#website","url":"https:\/\/mademoisellecoline.com\/en\/","name":"Mademoiselle Coline","description":"Joyas delicadas, c\u00e1lidas y arm\u00f3nicas","publisher":{"@id":"https:\/\/mademoisellecoline.com\/en\/#\/schema\/person\/a87a3358725ddb0d57e86600da53e416"},"potentialAction":[{"@type":"SearchAction","target":{"@type":"EntryPoint","urlTemplate":"https:\/\/mademoisellecoline.com\/en\/?s={search_term_string}"},"query-input":{"@type":"PropertyValueSpecification","valueRequired":true,"valueName":"search_term_string"}}],"inLanguage":"fr-FR"},{"@type":["Person","Organization"],"@id":"https:\/\/mademoisellecoline.com\/en\/#\/schema\/person\/a87a3358725ddb0d57e86600da53e416","name":"Mademoiselle Coline","image":{"@type":"ImageObject","inLanguage":"fr-FR","@id":"https:\/\/mademoisellecoline.com\/wp-content\/uploads\/2024\/01\/ColineNeg.jpg","url":"https:\/\/mademoisellecoline.com\/wp-content\/uploads\/2024\/01\/ColineNeg.jpg","contentUrl":"https:\/\/mademoisellecoline.com\/wp-content\/uploads\/2024\/01\/ColineNeg.jpg","width":584,"height":349,"caption":"Mademoiselle Coline"},"logo":{"@id":"https:\/\/mademoisellecoline.com\/wp-content\/uploads\/2024\/01\/ColineNeg.jpg"},"sameAs":["https:\/\/www.facebook.com\/mademoisellecoline","https:\/\/www.instagram.com\/mademoiselle_coline\/"]},{"@type":"Person","@id":"https:\/\/mademoisellecoline.com\/en\/#\/schema\/person\/0253827305e8993c3859f32dce4d9b97","name":"Mademoiselle Coline","image":{"@type":"ImageObject","inLanguage":"fr-FR","@id":"https:\/\/mademoisellecoline.com\/wp-content\/litespeed\/avatar\/1b82c8537b697d562a5c233c70f8a8fb.jpg?ver=1776845874","url":"https:\/\/mademoisellecoline.com\/wp-content\/litespeed\/avatar\/1b82c8537b697d562a5c233c70f8a8fb.jpg?ver=1776845874","contentUrl":"https:\/\/mademoisellecoline.com\/wp-content\/litespeed\/avatar\/1b82c8537b697d562a5c233c70f8a8fb.jpg?ver=1776845874","caption":"Mademoiselle Coline"},"sameAs":["https:\/\/mademoisellecoline.com","https:\/\/www.facebook.com\/mademoisellecoline"]}]}},"_links":{"self":[{"href":"https:\/\/mademoisellecoline.com\/fr\/wp-json\/wp\/v2\/posts\/9345","targetHints":{"allow":["GET"]}}],"collection":[{"href":"https:\/\/mademoisellecoline.com\/fr\/wp-json\/wp\/v2\/posts"}],"about":[{"href":"https:\/\/mademoisellecoline.com\/fr\/wp-json\/wp\/v2\/types\/post"}],"author":[{"embeddable":true,"href":"https:\/\/mademoisellecoline.com\/fr\/wp-json\/wp\/v2\/users\/2"}],"replies":[{"embeddable":true,"href":"https:\/\/mademoisellecoline.com\/fr\/wp-json\/wp\/v2\/comments?post=9345"}],"version-history":[{"count":1,"href":"https:\/\/mademoisellecoline.com\/fr\/wp-json\/wp\/v2\/posts\/9345\/revisions"}],"predecessor-version":[{"id":36668,"href":"https:\/\/mademoisellecoline.com\/fr\/wp-json\/wp\/v2\/posts\/9345\/revisions\/36668"}],"wp:featuredmedia":[{"embeddable":true,"href":"https:\/\/mademoisellecoline.com\/fr\/wp-json\/wp\/v2\/media\/36666"}],"wp:attachment":[{"href":"https:\/\/mademoisellecoline.com\/fr\/wp-json\/wp\/v2\/media?parent=9345"}],"wp:term":[{"taxonomy":"category","embeddable":true,"href":"https:\/\/mademoisellecoline.com\/fr\/wp-json\/wp\/v2\/categories?post=9345"},{"taxonomy":"post_tag","embeddable":true,"href":"https:\/\/mademoisellecoline.com\/fr\/wp-json\/wp\/v2\/tags?post=9345"}],"curies":[{"name":"wp","href":"https:\/\/api.w.org\/{rel}","templated":true}]}}